{"id":577,"date":"2026-03-06T10:28:26","date_gmt":"2026-03-06T09:28:26","guid":{"rendered":"https:\/\/www.fvplp.com\/victoire\/?p=577"},"modified":"2026-03-06T10:29:28","modified_gmt":"2026-03-06T09:29:28","slug":"il-faut-liberer-la-presidente-et-les-membres-dun-parti-dopposition","status":"publish","type":"post","link":"https:\/\/www.fvplp.com\/victoire\/il-faut-liberer-la-presidente-et-les-membres-dun-parti-dopposition\/","title":{"rendered":"Il faut lib\u00e9rer la pr\u00e9sidente et les membres d\u2019un parti d\u2019opposition"},"content":{"rendered":"\r\n<div class=\"wp-block-media-text is-stacked-on-mobile is-vertically-aligned-top\" style=\"grid-template-columns: 30% auto;\">\r\n<figure class=\"wp-block-media-text__media\"><img loading=\"lazy\" decoding=\"async\" width=\"641\" height=\"627\" class=\"wp-image-578 size-full\" src=\"http:\/\/www.fvplp.com\/victoire\/wp-content\/uploads\/2026\/03\/capture-youtube.jpg\" alt=\"capture d'\u00e9cran\" srcset=\"https:\/\/www.fvplp.com\/victoire\/wp-content\/uploads\/2026\/03\/capture-youtube.jpg 641w, https:\/\/www.fvplp.com\/victoire\/wp-content\/uploads\/2026\/03\/capture-youtube-300x293.jpg 300w\" sizes=\"auto, (max-width: 641px) 100vw, 641px\" \/><\/figure>\r\n<div class=\"wp-block-media-text__content\">\r\n<p>Amnesty International appelle \u00e0 la lib\u00e9ration de l\u2019opposante politique rwandaise Victoire Ingabire, pr\u00e9sidente du parti DALFA-Umurinzi, ainsi que de huit membres de ce parti et d\u2019un journaliste, poursuivis pour des accusations de subversion li\u00e9es \u00e0 leurs activit\u00e9s politiques pacifiques. <br \/><br \/>Arr\u00eat\u00e9e en juin 2025 \u00e0 Kigali et maintenue en d\u00e9tention apr\u00e8s un refus de lib\u00e9ration sous caution, Victoire Ingabire fait partie d\u2019un groupe de dix personnes risquant de lourdes peines. <br \/><br \/>Amnesty d\u00e9nonce un contexte plus large de restrictions des libert\u00e9s politiques au Rwanda et demande aux autorit\u00e9s de respecter les droits \u00e0 la libert\u00e9 d\u2019expression, d\u2019association et de r\u00e9union pacifique.<br \/><br \/><a href=\"https:\/\/www.amnesty.ch\/fr\/participer\/ecrire-des-lettres\/actions-urgentes\/annees\/2026\/ua-013-26-rwanda\" target=\"_blank\" rel=\"noopener\"><strong>Vous pouvez lire l\u2019article complet ici :<\/strong><\/a> <a href=\"https:\/\/www.amnesty.ch\/fr\/participer\/ecrire-des-lettres\/actions-urgentes\/annees\/2026\/ua-013-26-rwanda\">https:\/\/www.amnesty.ch\/fr\/participer\/ecrire-des-lettres\/actions-urgentes\/annees\/2026\/ua-013-26-rwanda<\/a><\/p>\r\n<\/div>\r\n<\/div>\r\n","protected":false},"excerpt":{"rendered":"<p>Amnesty International appelle \u00e0 la lib\u00e9ration de l\u2019opposante politique rwandaise Victoire Ingabire, pr\u00e9sidente du parti DALFA-Umurinzi, ainsi que de huit [&hellip;]<\/p>\n","protected":false},"author":1,"featured_media":578,"comment_status":"closed","ping_status":"open","sticky":false,"template":"","format":"standard","meta":{"_uag_custom_page_level_css":"","site-sidebar-layout":"default","site-content-layout":"","ast-site-content-layout":"default","site-content-style":"default","site-sidebar-style":"default","ast-global-header-display":"","ast-banner-title-visibility":"","ast-main-header-display":"","ast-hfb-above-header-display":"","ast-hfb-below-header-display":"","ast-hfb-mobile-header-display":"","site-post-title":"","ast-breadcrumbs-content":"","ast-featured-img":"","footer-sml-layout":"","ast-disable-related-posts":"","theme-transparent-header-meta":"default","adv-header-id-meta":"","stick-header-meta":"","header-above-stick-meta":"","header-main-stick-meta":"","header-below-stick-meta":"","astra-migrate-meta-layouts":"set","ast-page-background-enabled":"default","ast-page-background-meta":{"desktop":{"background-color":"var(--ast-global-color-5)","background-image":"","background-repeat":"repeat","background-position":"center center","background-size":"auto","background-attachment":"scroll","background-type":"","background-media":"","overlay-type":"","overlay-color":"","overlay-opacity":"","overlay-gradient":""},"tablet":{"background-color":"","background-image":"","background-repeat":"repeat","background-position":"center center","background-size":"auto","background-attachment":"scroll","background-type":"","background-media":"","overlay-type":"","overlay-color":"","overlay-opacity":"","overlay-gradient":""},"mobile":{"background-color":"","background-image":"","background-repeat":"repeat","background-position":"center center","background-size":"auto","background-attachment":"scroll","background-type":"","background-media":"","overlay-type":"","overlay-color":"","overlay-opacity":"","overlay-gradient":""}},"ast-content-background-meta":{"desktop":{"background-color":"var(--ast-global-color-4)","background-image":"","background-repeat":"repeat","background-position":"center center","background-size":"auto","background-attachment":"scroll","background-type":"","background-media":"","overlay-type":"","overlay-color":"","overlay-opacity":"","overlay-gradient":""},"tablet":{"background-color":"var(--ast-global-color-4)","background-image":"","background-repeat":"repeat","background-position":"center center","background-size":"auto","background-attachment":"scroll","background-type":"","background-media":"","overlay-type":"","overlay-color":"","overlay-opacity":"","overlay-gradient":""},"mobile":{"background-color":"var(--ast-global-color-4)","background-image":"","background-repeat":"repeat","background-position":"center center","background-size":"auto","background-attachment":"scroll","background-type":"","background-media":"","overlay-type":"","overlay-color":"","overlay-opacity":"","overlay-gradient":""}},"footnotes":""},"categories":[1],"tags":[],"class_list":["post-577","post","type-post","status-publish","format-standard","has-post-thumbnail","hentry","category-uncategorized"],"yoast_head":"<!-- This site is optimized with the Yoast SEO plugin v27.4 - https:\/\/yoast.com\/product\/yoast-seo-wordpress\/ -->\n<title>Il faut lib\u00e9rer la pr\u00e9sidente et les membres d\u2019un parti d\u2019opposition |<\/title>\n<meta name=\"robots\" content=\"index, follow, max-snippet:-1, max-image-preview:large, max-video-preview:-1\" \/>\n<link rel=\"canonical\" href=\"https:\/\/www.fvplp.com\/victoire\/il-faut-liberer-la-presidente-et-les-membres-dun-parti-dopposition\/\" \/>\n<meta property=\"og:locale\" content=\"fr_FR\" \/>\n<meta property=\"og:type\" content=\"article\" \/>\n<meta property=\"og:title\" content=\"Il faut lib\u00e9rer la pr\u00e9sidente et les membres d\u2019un parti d\u2019opposition |\" \/>\n<meta property=\"og:description\" content=\"Amnesty International appelle \u00e0 la lib\u00e9ration de l\u2019opposante politique rwandaise Victoire Ingabire, pr\u00e9sidente du parti DALFA-Umurinzi, ainsi que de huit [&hellip;]\" \/>\n<meta property=\"og:url\" content=\"https:\/\/www.fvplp.com\/victoire\/il-faut-liberer-la-presidente-et-les-membres-dun-parti-dopposition\/\" \/>\n<meta property=\"article:published_time\" content=\"2026-03-06T09:28:26+00:00\" \/>\n<meta property=\"article:modified_time\" content=\"2026-03-06T09:29:28+00:00\" \/>\n<meta property=\"og:image\" content=\"https:\/\/www.fvplp.com\/victoire\/wp-content\/uploads\/2026\/03\/capture-youtube.jpg\" \/>\n\t<meta property=\"og:image:width\" content=\"641\" \/>\n\t<meta property=\"og:image:height\" content=\"627\" \/>\n\t<meta property=\"og:image:type\" content=\"image\/jpeg\" \/>\n<meta name=\"author\" content=\"mugabo\" \/>\n<meta name=\"twitter:card\" content=\"summary_large_image\" \/>\n<meta name=\"twitter:label1\" content=\"\u00c9crit par\" \/>\n\t<meta name=\"twitter:data1\" content=\"mugabo\" \/>\n\t<meta name=\"twitter:label2\" content=\"Dur\u00e9e de lecture estim\u00e9e\" \/>\n\t<meta name=\"twitter:data2\" content=\"1 minute\" \/>\n<script type=\"application\/ld+json\" class=\"yoast-schema-graph\">{\"@context\":\"https:\\\/\\\/schema.org\",\"@graph\":[{\"@type\":\"Article\",\"@id\":\"https:\\\/\\\/www.fvplp.com\\\/victoire\\\/il-faut-liberer-la-presidente-et-les-membres-dun-parti-dopposition\\\/#article\",\"isPartOf\":{\"@id\":\"https:\\\/\\\/www.fvplp.com\\\/victoire\\\/il-faut-liberer-la-presidente-et-les-membres-dun-parti-dopposition\\\/\"},\"author\":{\"name\":\"mugabo\",\"@id\":\"https:\\\/\\\/www.fvplp.com\\\/victoire\\\/#\\\/schema\\\/person\\\/648deca6b3b20cff967078a8cab9d343\"},\"headline\":\"Il faut lib\u00e9rer la pr\u00e9sidente et les membres d\u2019un parti d\u2019opposition\",\"datePublished\":\"2026-03-06T09:28:26+00:00\",\"dateModified\":\"2026-03-06T09:29:28+00:00\",\"mainEntityOfPage\":{\"@id\":\"https:\\\/\\\/www.fvplp.com\\\/victoire\\\/il-faut-liberer-la-presidente-et-les-membres-dun-parti-dopposition\\\/\"},\"wordCount\":146,\"publisher\":{\"@id\":\"https:\\\/\\\/www.fvplp.com\\\/victoire\\\/#organization\"},\"image\":{\"@id\":\"https:\\\/\\\/www.fvplp.com\\\/victoire\\\/il-faut-liberer-la-presidente-et-les-membres-dun-parti-dopposition\\\/#primaryimage\"},\"thumbnailUrl\":\"https:\\\/\\\/www.fvplp.com\\\/victoire\\\/wp-content\\\/uploads\\\/2026\\\/03\\\/capture-youtube.jpg\",\"articleSection\":[\"Uncategorized\"],\"inLanguage\":\"fr-FR\"},{\"@type\":\"WebPage\",\"@id\":\"https:\\\/\\\/www.fvplp.com\\\/victoire\\\/il-faut-liberer-la-presidente-et-les-membres-dun-parti-dopposition\\\/\",\"url\":\"https:\\\/\\\/www.fvplp.com\\\/victoire\\\/il-faut-liberer-la-presidente-et-les-membres-dun-parti-dopposition\\\/\",\"name\":\"Il faut lib\u00e9rer la pr\u00e9sidente et les membres d\u2019un parti d\u2019opposition |\",\"isPartOf\":{\"@id\":\"https:\\\/\\\/www.fvplp.com\\\/victoire\\\/#website\"},\"primaryImageOfPage\":{\"@id\":\"https:\\\/\\\/www.fvplp.com\\\/victoire\\\/il-faut-liberer-la-presidente-et-les-membres-dun-parti-dopposition\\\/#primaryimage\"},\"image\":{\"@id\":\"https:\\\/\\\/www.fvplp.com\\\/victoire\\\/il-faut-liberer-la-presidente-et-les-membres-dun-parti-dopposition\\\/#primaryimage\"},\"thumbnailUrl\":\"https:\\\/\\\/www.fvplp.com\\\/victoire\\\/wp-content\\\/uploads\\\/2026\\\/03\\\/capture-youtube.jpg\",\"datePublished\":\"2026-03-06T09:28:26+00:00\",\"dateModified\":\"2026-03-06T09:29:28+00:00\",\"breadcrumb\":{\"@id\":\"https:\\\/\\\/www.fvplp.com\\\/victoire\\\/il-faut-liberer-la-presidente-et-les-membres-dun-parti-dopposition\\\/#breadcrumb\"},\"inLanguage\":\"fr-FR\",\"potentialAction\":[{\"@type\":\"ReadAction\",\"target\":[\"https:\\\/\\\/www.fvplp.com\\\/victoire\\\/il-faut-liberer-la-presidente-et-les-membres-dun-parti-dopposition\\\/\"]}]},{\"@type\":\"ImageObject\",\"inLanguage\":\"fr-FR\",\"@id\":\"https:\\\/\\\/www.fvplp.com\\\/victoire\\\/il-faut-liberer-la-presidente-et-les-membres-dun-parti-dopposition\\\/#primaryimage\",\"url\":\"https:\\\/\\\/www.fvplp.com\\\/victoire\\\/wp-content\\\/uploads\\\/2026\\\/03\\\/capture-youtube.jpg\",\"contentUrl\":\"https:\\\/\\\/www.fvplp.com\\\/victoire\\\/wp-content\\\/uploads\\\/2026\\\/03\\\/capture-youtube.jpg\",\"width\":641,\"height\":627,\"caption\":\"capture d'\u00e9cran\"},{\"@type\":\"BreadcrumbList\",\"@id\":\"https:\\\/\\\/www.fvplp.com\\\/victoire\\\/il-faut-liberer-la-presidente-et-les-membres-dun-parti-dopposition\\\/#breadcrumb\",\"itemListElement\":[{\"@type\":\"ListItem\",\"position\":1,\"name\":\"Accueil\",\"item\":\"https:\\\/\\\/www.fvplp.com\\\/victoire\\\/\"},{\"@type\":\"ListItem\",\"position\":2,\"name\":\"Il faut lib\u00e9rer la pr\u00e9sidente et les membres d\u2019un parti d\u2019opposition\"}]},{\"@type\":\"WebSite\",\"@id\":\"https:\\\/\\\/www.fvplp.com\\\/victoire\\\/#website\",\"url\":\"https:\\\/\\\/www.fvplp.com\\\/victoire\\\/\",\"name\":\"Fondation Victoire pour la Paix\",\"description\":\"Fondation Victoire Pour La Paix\",\"publisher\":{\"@id\":\"https:\\\/\\\/www.fvplp.com\\\/victoire\\\/#organization\"},\"alternateName\":\"Fondation Victoire pour la Paix\",\"potentialAction\":[{\"@type\":\"SearchAction\",\"target\":{\"@type\":\"EntryPoint\",\"urlTemplate\":\"https:\\\/\\\/www.fvplp.com\\\/victoire\\\/?s={search_term_string}\"},\"query-input\":{\"@type\":\"PropertyValueSpecification\",\"valueRequired\":true,\"valueName\":\"search_term_string\"}}],\"inLanguage\":\"fr-FR\"},{\"@type\":\"Organization\",\"@id\":\"https:\\\/\\\/www.fvplp.com\\\/victoire\\\/#organization\",\"name\":\"Fondation Victoire pour la Paix\",\"url\":\"https:\\\/\\\/www.fvplp.com\\\/victoire\\\/\",\"logo\":{\"@type\":\"ImageObject\",\"inLanguage\":\"fr-FR\",\"@id\":\"https:\\\/\\\/www.fvplp.com\\\/victoire\\\/#\\\/schema\\\/logo\\\/image\\\/\",\"url\":\"https:\\\/\\\/www.fvplp.com\\\/victoire\\\/wp-content\\\/uploads\\\/2025\\\/01\\\/cropped-cropped-new-logo.png\",\"contentUrl\":\"https:\\\/\\\/www.fvplp.com\\\/victoire\\\/wp-content\\\/uploads\\\/2025\\\/01\\\/cropped-cropped-new-logo.png\",\"width\":295,\"height\":125,\"caption\":\"Fondation Victoire pour la Paix\"},\"image\":{\"@id\":\"https:\\\/\\\/www.fvplp.com\\\/victoire\\\/#\\\/schema\\\/logo\\\/image\\\/\"}},{\"@type\":\"Person\",\"@id\":\"https:\\\/\\\/www.fvplp.com\\\/victoire\\\/#\\\/schema\\\/person\\\/648deca6b3b20cff967078a8cab9d343\",\"name\":\"mugabo\",\"image\":{\"@type\":\"ImageObject\",\"inLanguage\":\"fr-FR\",\"@id\":\"https:\\\/\\\/secure.gravatar.com\\\/avatar\\\/332f5e7209bda5c3e316f358bdfa8e5831f8a5a83a8e45b9d31218bc0ef4c5b4?s=96&d=mm&r=g\",\"url\":\"https:\\\/\\\/secure.gravatar.com\\\/avatar\\\/332f5e7209bda5c3e316f358bdfa8e5831f8a5a83a8e45b9d31218bc0ef4c5b4?s=96&d=mm&r=g\",\"contentUrl\":\"https:\\\/\\\/secure.gravatar.com\\\/avatar\\\/332f5e7209bda5c3e316f358bdfa8e5831f8a5a83a8e45b9d31218bc0ef4c5b4?s=96&d=mm&r=g\",\"caption\":\"mugabo\"},\"sameAs\":[\"http:\\\/\\\/www.fvplp.com\\\/victoire\"]}]}<\/script>\n<!-- \/ Yoast SEO plugin. -->","yoast_head_json":{"title":"Il faut lib\u00e9rer la pr\u00e9sidente et les membres d\u2019un parti d\u2019opposition |","robots":{"index":"index","follow":"follow","max-snippet":"max-snippet:-1","max-image-preview":"max-image-preview:large","max-video-preview":"max-video-preview:-1"},"canonical":"https:\/\/www.fvplp.com\/victoire\/il-faut-liberer-la-presidente-et-les-membres-dun-parti-dopposition\/","og_locale":"fr_FR","og_type":"article","og_title":"Il faut lib\u00e9rer la pr\u00e9sidente et les membres d\u2019un parti d\u2019opposition |","og_description":"Amnesty International appelle \u00e0 la lib\u00e9ration de l\u2019opposante politique rwandaise Victoire Ingabire, pr\u00e9sidente du parti DALFA-Umurinzi, ainsi que de huit [&hellip;]","og_url":"https:\/\/www.fvplp.com\/victoire\/il-faut-liberer-la-presidente-et-les-membres-dun-parti-dopposition\/","article_published_time":"2026-03-06T09:28:26+00:00","article_modified_time":"2026-03-06T09:29:28+00:00","og_image":[{"width":641,"height":627,"url":"https:\/\/www.fvplp.com\/victoire\/wp-content\/uploads\/2026\/03\/capture-youtube.jpg","type":"image\/jpeg"}],"author":"mugabo","twitter_card":"summary_large_image","twitter_misc":{"\u00c9crit par":"mugabo","Dur\u00e9e de lecture estim\u00e9e":"1 minute"},"schema":{"@context":"https:\/\/schema.org","@graph":[{"@type":"Article","@id":"https:\/\/www.fvplp.com\/victoire\/il-faut-liberer-la-presidente-et-les-membres-dun-parti-dopposition\/#article","isPartOf":{"@id":"https:\/\/www.fvplp.com\/victoire\/il-faut-liberer-la-presidente-et-les-membres-dun-parti-dopposition\/"},"author":{"name":"mugabo","@id":"https:\/\/www.fvplp.com\/victoire\/#\/schema\/person\/648deca6b3b20cff967078a8cab9d343"},"headline":"Il faut lib\u00e9rer la pr\u00e9sidente et les membres d\u2019un parti d\u2019opposition","datePublished":"2026-03-06T09:28:26+00:00","dateModified":"2026-03-06T09:29:28+00:00","mainEntityOfPage":{"@id":"https:\/\/www.fvplp.com\/victoire\/il-faut-liberer-la-presidente-et-les-membres-dun-parti-dopposition\/"},"wordCount":146,"publisher":{"@id":"https:\/\/www.fvplp.com\/victoire\/#organization"},"image":{"@id":"https:\/\/www.fvplp.com\/victoire\/il-faut-liberer-la-presidente-et-les-membres-dun-parti-dopposition\/#primaryimage"},"thumbnailUrl":"https:\/\/www.fvplp.com\/victoire\/wp-content\/uploads\/2026\/03\/capture-youtube.jpg","articleSection":["Uncategorized"],"inLanguage":"fr-FR"},{"@type":"WebPage","@id":"https:\/\/www.fvplp.com\/victoire\/il-faut-liberer-la-presidente-et-les-membres-dun-parti-dopposition\/","url":"https:\/\/www.fvplp.com\/victoire\/il-faut-liberer-la-presidente-et-les-membres-dun-parti-dopposition\/","name":"Il faut lib\u00e9rer la pr\u00e9sidente et les membres d\u2019un parti d\u2019opposition |","isPartOf":{"@id":"https:\/\/www.fvplp.com\/victoire\/#website"},"primaryImageOfPage":{"@id":"https:\/\/www.fvplp.com\/victoire\/il-faut-liberer-la-presidente-et-les-membres-dun-parti-dopposition\/#primaryimage"},"image":{"@id":"https:\/\/www.fvplp.com\/victoire\/il-faut-liberer-la-presidente-et-les-membres-dun-parti-dopposition\/#primaryimage"},"thumbnailUrl":"https:\/\/www.fvplp.com\/victoire\/wp-content\/uploads\/2026\/03\/capture-youtube.jpg","datePublished":"2026-03-06T09:28:26+00:00","dateModified":"2026-03-06T09:29:28+00:00","breadcrumb":{"@id":"https:\/\/www.fvplp.com\/victoire\/il-faut-liberer-la-presidente-et-les-membres-dun-parti-dopposition\/#breadcrumb"},"inLanguage":"fr-FR","potentialAction":[{"@type":"ReadAction","target":["https:\/\/www.fvplp.com\/victoire\/il-faut-liberer-la-presidente-et-les-membres-dun-parti-dopposition\/"]}]},{"@type":"ImageObject","inLanguage":"fr-FR","@id":"https:\/\/www.fvplp.com\/victoire\/il-faut-liberer-la-presidente-et-les-membres-dun-parti-dopposition\/#primaryimage","url":"https:\/\/www.fvplp.com\/victoire\/wp-content\/uploads\/2026\/03\/capture-youtube.jpg","contentUrl":"https:\/\/www.fvplp.com\/victoire\/wp-content\/uploads\/2026\/03\/capture-youtube.jpg","width":641,"height":627,"caption":"capture d'\u00e9cran"},{"@type":"BreadcrumbList","@id":"https:\/\/www.fvplp.com\/victoire\/il-faut-liberer-la-presidente-et-les-membres-dun-parti-dopposition\/#breadcrumb","itemListElement":[{"@type":"ListItem","position":1,"name":"Accueil","item":"https:\/\/www.fvplp.com\/victoire\/"},{"@type":"ListItem","position":2,"name":"Il faut lib\u00e9rer la pr\u00e9sidente et les membres d\u2019un parti d\u2019opposition"}]},{"@type":"WebSite","@id":"https:\/\/www.fvplp.com\/victoire\/#website","url":"https:\/\/www.fvplp.com\/victoire\/","name":"Fondation Victoire pour la Paix","description":"Fondation Victoire Pour La Paix","publisher":{"@id":"https:\/\/www.fvplp.com\/victoire\/#organization"},"alternateName":"Fondation Victoire pour la Paix","potentialAction":[{"@type":"SearchAction","target":{"@type":"EntryPoint","urlTemplate":"https:\/\/www.fvplp.com\/victoire\/?s={search_term_string}"},"query-input":{"@type":"PropertyValueSpecification","valueRequired":true,"valueName":"search_term_string"}}],"inLanguage":"fr-FR"},{"@type":"Organization","@id":"https:\/\/www.fvplp.com\/victoire\/#organization","name":"Fondation Victoire pour la Paix","url":"https:\/\/www.fvplp.com\/victoire\/","logo":{"@type":"ImageObject","inLanguage":"fr-FR","@id":"https:\/\/www.fvplp.com\/victoire\/#\/schema\/logo\/image\/","url":"https:\/\/www.fvplp.com\/victoire\/wp-content\/uploads\/2025\/01\/cropped-cropped-new-logo.png","contentUrl":"https:\/\/www.fvplp.com\/victoire\/wp-content\/uploads\/2025\/01\/cropped-cropped-new-logo.png","width":295,"height":125,"caption":"Fondation Victoire pour la Paix"},"image":{"@id":"https:\/\/www.fvplp.com\/victoire\/#\/schema\/logo\/image\/"}},{"@type":"Person","@id":"https:\/\/www.fvplp.com\/victoire\/#\/schema\/person\/648deca6b3b20cff967078a8cab9d343","name":"mugabo","image":{"@type":"ImageObject","inLanguage":"fr-FR","@id":"https:\/\/secure.gravatar.com\/avatar\/332f5e7209bda5c3e316f358bdfa8e5831f8a5a83a8e45b9d31218bc0ef4c5b4?s=96&d=mm&r=g","url":"https:\/\/secure.gravatar.com\/avatar\/332f5e7209bda5c3e316f358bdfa8e5831f8a5a83a8e45b9d31218bc0ef4c5b4?s=96&d=mm&r=g","contentUrl":"https:\/\/secure.gravatar.com\/avatar\/332f5e7209bda5c3e316f358bdfa8e5831f8a5a83a8e45b9d31218bc0ef4c5b4?s=96&d=mm&r=g","caption":"mugabo"},"sameAs":["http:\/\/www.fvplp.com\/victoire"]}]}},"uagb_featured_image_src":{"full":["https:\/\/www.fvplp.com\/victoire\/wp-content\/uploads\/2026\/03\/capture-youtube.jpg",641,627,false],"thumbnail":["https:\/\/www.fvplp.com\/victoire\/wp-content\/uploads\/2026\/03\/capture-youtube-150x150.jpg",150,150,true],"medium":["https:\/\/www.fvplp.com\/victoire\/wp-content\/uploads\/2026\/03\/capture-youtube-300x293.jpg",300,293,true],"medium_large":["https:\/\/www.fvplp.com\/victoire\/wp-content\/uploads\/2026\/03\/capture-youtube.jpg",641,627,false],"large":["https:\/\/www.fvplp.com\/victoire\/wp-content\/uploads\/2026\/03\/capture-youtube.jpg",641,627,false],"1536x1536":["https:\/\/www.fvplp.com\/victoire\/wp-content\/uploads\/2026\/03\/capture-youtube.jpg",641,627,false],"2048x2048":["https:\/\/www.fvplp.com\/victoire\/wp-content\/uploads\/2026\/03\/capture-youtube.jpg",641,627,false]},"uagb_author_info":{"display_name":"mugabo","author_link":"https:\/\/www.fvplp.com\/victoire\/author\/mugabo\/"},"uagb_comment_info":0,"uagb_excerpt":"Amnesty International appelle \u00e0 la lib\u00e9ration de l\u2019opposante politique rwandaise Victoire Ingabire, pr\u00e9sidente du parti DALFA-Umurinzi, ainsi que de huit [&hellip;]","_links":{"self":[{"href":"https:\/\/www.fvplp.com\/victoire\/wp-json\/wp\/v2\/posts\/577","targetHints":{"allow":["GET"]}}],"collection":[{"href":"https:\/\/www.fvplp.com\/victoire\/wp-json\/wp\/v2\/posts"}],"about":[{"href":"https:\/\/www.fvplp.com\/victoire\/wp-json\/wp\/v2\/types\/post"}],"author":[{"embeddable":true,"href":"https:\/\/www.fvplp.com\/victoire\/wp-json\/wp\/v2\/users\/1"}],"replies":[{"embeddable":true,"href":"https:\/\/www.fvplp.com\/victoire\/wp-json\/wp\/v2\/comments?post=577"}],"version-history":[{"count":2,"href":"https:\/\/www.fvplp.com\/victoire\/wp-json\/wp\/v2\/posts\/577\/revisions"}],"predecessor-version":[{"id":580,"href":"https:\/\/www.fvplp.com\/victoire\/wp-json\/wp\/v2\/posts\/577\/revisions\/580"}],"wp:featuredmedia":[{"embeddable":true,"href":"https:\/\/www.fvplp.com\/victoire\/wp-json\/wp\/v2\/media\/578"}],"wp:attachment":[{"href":"https:\/\/www.fvplp.com\/victoire\/wp-json\/wp\/v2\/media?parent=577"}],"wp:term":[{"taxonomy":"category","embeddable":true,"href":"https:\/\/www.fvplp.com\/victoire\/wp-json\/wp\/v2\/categories?post=577"},{"taxonomy":"post_tag","embeddable":true,"href":"https:\/\/www.fvplp.com\/victoire\/wp-json\/wp\/v2\/tags?post=577"}],"curies":[{"name":"wp","href":"https:\/\/api.w.org\/{rel}","templated":true}]}}