{"id":560,"date":"2026-02-24T19:33:13","date_gmt":"2026-02-24T18:33:13","guid":{"rendered":"https:\/\/www.fvplp.com\/victoire\/?p=560"},"modified":"2026-02-24T20:19:42","modified_gmt":"2026-02-24T19:19:42","slug":"victoire-ingabire-trial-accusations","status":"publish","type":"post","link":"https:\/\/www.fvplp.com\/victoire\/victoire-ingabire-trial-accusations\/","title":{"rendered":"The Fondation Victoire pour la Paix strongly condemns the venomous accusations publicly made against Ms Victoire Ingabire Umuhoza by the Rwandan Minister for National Unity and Civic Engagement, just ten days before her scheduled Supreme Court hearing."},"content":{"rendered":"\r\n<div class=\"wp-block-media-text is-stacked-on-mobile is-vertically-aligned-top\" style=\"grid-template-columns: 30% auto;\">\r\n<figure class=\"wp-block-media-text__media\"><a href=\"http:\/\/www.fvplp.com\/victoire\/wp-content\/uploads\/2026\/02\/PHOTO-2026-02-24-13-11-40.jpg\"><img loading=\"lazy\" decoding=\"async\" class=\" wp-image-573 alignnone\" src=\"http:\/\/www.fvplp.com\/victoire\/wp-content\/uploads\/2026\/02\/PHOTO-2026-02-24-13-11-40-300x300.jpg\" alt=\"\" width=\"429\" height=\"429\" srcset=\"https:\/\/www.fvplp.com\/victoire\/wp-content\/uploads\/2026\/02\/PHOTO-2026-02-24-13-11-40-300x300.jpg 300w, https:\/\/www.fvplp.com\/victoire\/wp-content\/uploads\/2026\/02\/PHOTO-2026-02-24-13-11-40-1024x1024.jpg 1024w, https:\/\/www.fvplp.com\/victoire\/wp-content\/uploads\/2026\/02\/PHOTO-2026-02-24-13-11-40-150x150.jpg 150w, https:\/\/www.fvplp.com\/victoire\/wp-content\/uploads\/2026\/02\/PHOTO-2026-02-24-13-11-40-768x768.jpg 768w, https:\/\/www.fvplp.com\/victoire\/wp-content\/uploads\/2026\/02\/PHOTO-2026-02-24-13-11-40.jpg 1200w\" sizes=\"auto, (max-width: 429px) 100vw, 429px\" \/><\/a><\/figure>\r\n<div class=\"wp-block-media-text__content\">\r\n<p>In a public statement published on the Rwandan media <a href=\"https:\/\/igihe.com\/amakuru\/rwanda\/article\/ingabire-victoire-ni-icyihebe-si-umunyepolitike-utavuga-rumwe-n-ubutegetsi\" target=\"_blank\" rel=\"noopener\">platform IGIHE.COM<\/a> on 22 February 2026, Dr Bizimana Jean Damasc\u00e8ne is quoted as accusing Ms Victoire Ingabire Umuhoza of being a \u00ab\u00a0terrorist\u00a0\u00bb who \u00ab\u00a0supports and seeks support for all kinds of armed groups carrying out attacks in the country with the aim of destabilising Rwanda and overthrowing the leaders elected by the people\u00a0\u00bb. He also alleges that Ms Ingabire is \u00ab\u00a0supported by a fringe of extremists\u201d.<br \/><br \/>The minister made this statement during the dialogue with the Rwandan community in Europe on 21 February 2026 in Paris. Ms. Ingabire, a high-profile figure in the Rwandan opposition, is currently detained and her trial is ongoing. The minister\u2019s statement was made ten days before Ms. Ingabire&rsquo;s scheduled Supreme Court hearing on 4 March 2026. During this hearing, Ms. Ingabire and her legal counsels will argue her arrest and subsequent detention were in violation of the constitution.<br \/><br \/>The Fondation Victoire pour la Paix condemns in the strongest terms the venomous accusations made by a senior member of the Rwandan cabinet. Not only do these accusations incite hatred and violence against Ms Ingabire, but they are also intended to influence the judges\u2019 ruling in the hearing scheduled for 4 March 2026 and prepare public opinion to accept a government-sponsored verdict.<\/p>\r\n<p>It should be noted that Ms Ingabire&rsquo;s arrest on 19 June 2025 followed consistent threats made over time by several senior government figures, including the Rwandan Minister for National Unity and Civic Engagement. The latter <a href=\"https:\/\/x.com\/DrDamascene\/status\/1562037206209929217?s=20\" target=\"_blank\" rel=\"noopener\">publicly claimed on social media<\/a> that Ms Ingabire was inciting a new genocide in Rwanda.<br \/><br \/>The Fondation Victoire pour la Paix condemns the irresponsible behaviour and venomous public accusations made by a senior Rwandan government official responsible for national unity and civic engagement against Ms Ingabire, particularly in the run-up to her court hearing. Indeed, findings by independent organisations such as Freedom House and various other human rights organisations have corroborated the fact that the Rwandan judicial system is influenced by the executive branch, particularly in cases involving high-profile political figures.<br \/><br \/>The Fondation Victoire pour la Paix reiterates its call to the international community to condemn the interference of the executive in the case against Ms Ingabire, as well as the public incitement to hatred and violence against her. The fact that a senior minister, who is supposedly in charge of national unity and civic engagement, has publicly condemned an individual who is presumed innocent until proven guilty amply demonstrates the political nature of Ms Ingabire&rsquo;s arrest and detention, as well as the upcoming trial. This therefore highlights the urgent need for decisive action to secure Ms Ingabire&rsquo;s release.<\/p>\r\n<p style=\"text-align: center;\"><br \/>Done in Brussels, 24 February 2026<br \/><br \/>For further information, please contact us at the following numbers.<br \/>\u00a0+44 7946 742722 \/\/\u00a0 +32 499 157 553<\/p>\r\n<\/div>\r\n<\/div>\r\n","protected":false},"excerpt":{"rendered":"<p>In a public statement published on the Rwandan media platform IGIHE.COM on 22 February 2026, Dr Bizimana Jean Damasc\u00e8ne is [&hellip;]<\/p>\n","protected":false},"author":1,"featured_media":573,"comment_status":"closed","ping_status":"open","sticky":false,"template":"","format":"standard","meta":{"_uag_custom_page_level_css":"","site-sidebar-layout":"default","site-content-layout":"","ast-site-content-layout":"default","site-content-style":"default","site-sidebar-style":"default","ast-global-header-display":"","ast-banner-title-visibility":"","ast-main-header-display":"","ast-hfb-above-header-display":"","ast-hfb-below-header-display":"","ast-hfb-mobile-header-display":"","site-post-title":"","ast-breadcrumbs-content":"","ast-featured-img":"","footer-sml-layout":"","ast-disable-related-posts":"","theme-transparent-header-meta":"default","adv-header-id-meta":"","stick-header-meta":"","header-above-stick-meta":"","header-main-stick-meta":"","header-below-stick-meta":"","astra-migrate-meta-layouts":"set","ast-page-background-enabled":"default","ast-page-background-meta":{"desktop":{"background-color":"var(--ast-global-color-5)","background-image":"","background-repeat":"repeat","background-position":"center center","background-size":"auto","background-attachment":"scroll","background-type":"","background-media":"","overlay-type":"","overlay-color":"","overlay-opacity":"","overlay-gradient":""},"tablet":{"background-color":"","background-image":"","background-repeat":"repeat","background-position":"center center","background-size":"auto","background-attachment":"scroll","background-type":"","background-media":"","overlay-type":"","overlay-color":"","overlay-opacity":"","overlay-gradient":""},"mobile":{"background-color":"","background-image":"","background-repeat":"repeat","background-position":"center center","background-size":"auto","background-attachment":"scroll","background-type":"","background-media":"","overlay-type":"","overlay-color":"","overlay-opacity":"","overlay-gradient":""}},"ast-content-background-meta":{"desktop":{"background-color":"var(--ast-global-color-4)","background-image":"","background-repeat":"repeat","background-position":"center center","background-size":"auto","background-attachment":"scroll","background-type":"","background-media":"","overlay-type":"","overlay-color":"","overlay-opacity":"","overlay-gradient":""},"tablet":{"background-color":"var(--ast-global-color-4)","background-image":"","background-repeat":"repeat","background-position":"center center","background-size":"auto","background-attachment":"scroll","background-type":"","background-media":"","overlay-type":"","overlay-color":"","overlay-opacity":"","overlay-gradient":""},"mobile":{"background-color":"var(--ast-global-color-4)","background-image":"","background-repeat":"repeat","background-position":"center center","background-size":"auto","background-attachment":"scroll","background-type":"","background-media":"","overlay-type":"","overlay-color":"","overlay-opacity":"","overlay-gradient":""}},"footnotes":""},"categories":[1],"tags":[],"class_list":["post-560","post","type-post","status-publish","format-standard","has-post-thumbnail","hentry","category-uncategorized"],"yoast_head":"<!-- This site is optimized with the Yoast SEO plugin v27.4 - https:\/\/yoast.com\/product\/yoast-seo-wordpress\/ -->\n<title>The Fondation Victoire pour la Paix strongly condemns the venomous accusations publicly made against Ms Victoire Ingabire Umuhoza by the Rwandan Minister for National Unity and Civic Engagement, just ten days before her scheduled Supreme Court hearing. |<\/title>\n<meta name=\"description\" content=\"The Fondation Victoire pour la Paix condemns accusations against Victoire Ingabire ahead of her Supreme Court hearing, denouncing political\" \/>\n<meta name=\"robots\" content=\"index, follow, max-snippet:-1, max-image-preview:large, max-video-preview:-1\" \/>\n<link rel=\"canonical\" href=\"https:\/\/www.fvplp.com\/victoire\/victoire-ingabire-trial-accusations\/\" \/>\n<meta property=\"og:locale\" content=\"fr_FR\" \/>\n<meta property=\"og:type\" content=\"article\" \/>\n<meta property=\"og:title\" content=\"The Fondation Victoire pour la Paix strongly condemns the venomous accusations publicly made against Ms Victoire Ingabire Umuhoza by the Rwandan Minister for National Unity and Civic Engagement, just ten days before her scheduled Supreme Court hearing. |\" \/>\n<meta property=\"og:description\" content=\"The Fondation Victoire pour la Paix condemns accusations against Victoire Ingabire ahead of her Supreme Court hearing, denouncing political\" \/>\n<meta property=\"og:url\" content=\"https:\/\/www.fvplp.com\/victoire\/victoire-ingabire-trial-accusations\/\" \/>\n<meta property=\"article:published_time\" content=\"2026-02-24T18:33:13+00:00\" \/>\n<meta property=\"article:modified_time\" content=\"2026-02-24T19:19:42+00:00\" \/>\n<meta property=\"og:image\" content=\"https:\/\/www.fvplp.com\/victoire\/wp-content\/uploads\/2026\/02\/PHOTO-2026-02-24-13-11-40.jpg\" \/>\n\t<meta property=\"og:image:width\" content=\"1200\" \/>\n\t<meta property=\"og:image:height\" content=\"1200\" \/>\n\t<meta property=\"og:image:type\" content=\"image\/jpeg\" \/>\n<meta name=\"author\" content=\"mugabo\" \/>\n<meta name=\"twitter:card\" content=\"summary_large_image\" \/>\n<meta name=\"twitter:label1\" content=\"\u00c9crit par\" \/>\n\t<meta name=\"twitter:data1\" content=\"mugabo\" \/>\n\t<meta name=\"twitter:label2\" content=\"Dur\u00e9e de lecture estim\u00e9e\" \/>\n\t<meta name=\"twitter:data2\" content=\"3 minutes\" \/>\n<script type=\"application\/ld+json\" class=\"yoast-schema-graph\">{\"@context\":\"https:\\\/\\\/schema.org\",\"@graph\":[{\"@type\":\"Article\",\"@id\":\"https:\\\/\\\/www.fvplp.com\\\/victoire\\\/victoire-ingabire-trial-accusations\\\/#article\",\"isPartOf\":{\"@id\":\"https:\\\/\\\/www.fvplp.com\\\/victoire\\\/victoire-ingabire-trial-accusations\\\/\"},\"author\":{\"name\":\"mugabo\",\"@id\":\"https:\\\/\\\/www.fvplp.com\\\/victoire\\\/#\\\/schema\\\/person\\\/648deca6b3b20cff967078a8cab9d343\"},\"headline\":\"The Fondation Victoire pour la Paix strongly condemns the venomous accusations publicly made against Ms Victoire Ingabire Umuhoza by the Rwandan Minister for National Unity and Civic Engagement, just ten days before her scheduled Supreme Court hearing.\",\"datePublished\":\"2026-02-24T18:33:13+00:00\",\"dateModified\":\"2026-02-24T19:19:42+00:00\",\"mainEntityOfPage\":{\"@id\":\"https:\\\/\\\/www.fvplp.com\\\/victoire\\\/victoire-ingabire-trial-accusations\\\/\"},\"wordCount\":482,\"publisher\":{\"@id\":\"https:\\\/\\\/www.fvplp.com\\\/victoire\\\/#organization\"},\"image\":{\"@id\":\"https:\\\/\\\/www.fvplp.com\\\/victoire\\\/victoire-ingabire-trial-accusations\\\/#primaryimage\"},\"thumbnailUrl\":\"https:\\\/\\\/www.fvplp.com\\\/victoire\\\/wp-content\\\/uploads\\\/2026\\\/02\\\/PHOTO-2026-02-24-13-11-40.jpg\",\"articleSection\":[\"Uncategorized\"],\"inLanguage\":\"fr-FR\"},{\"@type\":\"WebPage\",\"@id\":\"https:\\\/\\\/www.fvplp.com\\\/victoire\\\/victoire-ingabire-trial-accusations\\\/\",\"url\":\"https:\\\/\\\/www.fvplp.com\\\/victoire\\\/victoire-ingabire-trial-accusations\\\/\",\"name\":\"The Fondation Victoire pour la Paix strongly condemns the venomous accusations publicly made against Ms Victoire Ingabire Umuhoza by the Rwandan Minister for National Unity and Civic Engagement, just ten days before her scheduled Supreme Court hearing. |\",\"isPartOf\":{\"@id\":\"https:\\\/\\\/www.fvplp.com\\\/victoire\\\/#website\"},\"primaryImageOfPage\":{\"@id\":\"https:\\\/\\\/www.fvplp.com\\\/victoire\\\/victoire-ingabire-trial-accusations\\\/#primaryimage\"},\"image\":{\"@id\":\"https:\\\/\\\/www.fvplp.com\\\/victoire\\\/victoire-ingabire-trial-accusations\\\/#primaryimage\"},\"thumbnailUrl\":\"https:\\\/\\\/www.fvplp.com\\\/victoire\\\/wp-content\\\/uploads\\\/2026\\\/02\\\/PHOTO-2026-02-24-13-11-40.jpg\",\"datePublished\":\"2026-02-24T18:33:13+00:00\",\"dateModified\":\"2026-02-24T19:19:42+00:00\",\"description\":\"The Fondation Victoire pour la Paix condemns accusations against Victoire Ingabire ahead of her Supreme Court hearing, denouncing political\",\"breadcrumb\":{\"@id\":\"https:\\\/\\\/www.fvplp.com\\\/victoire\\\/victoire-ingabire-trial-accusations\\\/#breadcrumb\"},\"inLanguage\":\"fr-FR\",\"potentialAction\":[{\"@type\":\"ReadAction\",\"target\":[\"https:\\\/\\\/www.fvplp.com\\\/victoire\\\/victoire-ingabire-trial-accusations\\\/\"]}]},{\"@type\":\"ImageObject\",\"inLanguage\":\"fr-FR\",\"@id\":\"https:\\\/\\\/www.fvplp.com\\\/victoire\\\/victoire-ingabire-trial-accusations\\\/#primaryimage\",\"url\":\"https:\\\/\\\/www.fvplp.com\\\/victoire\\\/wp-content\\\/uploads\\\/2026\\\/02\\\/PHOTO-2026-02-24-13-11-40.jpg\",\"contentUrl\":\"https:\\\/\\\/www.fvplp.com\\\/victoire\\\/wp-content\\\/uploads\\\/2026\\\/02\\\/PHOTO-2026-02-24-13-11-40.jpg\",\"width\":1200,\"height\":1200},{\"@type\":\"BreadcrumbList\",\"@id\":\"https:\\\/\\\/www.fvplp.com\\\/victoire\\\/victoire-ingabire-trial-accusations\\\/#breadcrumb\",\"itemListElement\":[{\"@type\":\"ListItem\",\"position\":1,\"name\":\"Accueil\",\"item\":\"https:\\\/\\\/www.fvplp.com\\\/victoire\\\/\"},{\"@type\":\"ListItem\",\"position\":2,\"name\":\"The Fondation Victoire pour la Paix strongly condemns the venomous accusations publicly made against Ms Victoire Ingabire Umuhoza by the Rwandan Minister for National Unity and Civic Engagement, just ten days before her scheduled Supreme Court hearing.\"}]},{\"@type\":\"WebSite\",\"@id\":\"https:\\\/\\\/www.fvplp.com\\\/victoire\\\/#website\",\"url\":\"https:\\\/\\\/www.fvplp.com\\\/victoire\\\/\",\"name\":\"Fondation Victoire pour la Paix\",\"description\":\"Fondation Victoire Pour La Paix\",\"publisher\":{\"@id\":\"https:\\\/\\\/www.fvplp.com\\\/victoire\\\/#organization\"},\"alternateName\":\"Fondation Victoire pour la Paix\",\"potentialAction\":[{\"@type\":\"SearchAction\",\"target\":{\"@type\":\"EntryPoint\",\"urlTemplate\":\"https:\\\/\\\/www.fvplp.com\\\/victoire\\\/?s={search_term_string}\"},\"query-input\":{\"@type\":\"PropertyValueSpecification\",\"valueRequired\":true,\"valueName\":\"search_term_string\"}}],\"inLanguage\":\"fr-FR\"},{\"@type\":\"Organization\",\"@id\":\"https:\\\/\\\/www.fvplp.com\\\/victoire\\\/#organization\",\"name\":\"Fondation Victoire pour la Paix\",\"url\":\"https:\\\/\\\/www.fvplp.com\\\/victoire\\\/\",\"logo\":{\"@type\":\"ImageObject\",\"inLanguage\":\"fr-FR\",\"@id\":\"https:\\\/\\\/www.fvplp.com\\\/victoire\\\/#\\\/schema\\\/logo\\\/image\\\/\",\"url\":\"https:\\\/\\\/www.fvplp.com\\\/victoire\\\/wp-content\\\/uploads\\\/2025\\\/01\\\/cropped-cropped-new-logo.png\",\"contentUrl\":\"https:\\\/\\\/www.fvplp.com\\\/victoire\\\/wp-content\\\/uploads\\\/2025\\\/01\\\/cropped-cropped-new-logo.png\",\"width\":295,\"height\":125,\"caption\":\"Fondation Victoire pour la Paix\"},\"image\":{\"@id\":\"https:\\\/\\\/www.fvplp.com\\\/victoire\\\/#\\\/schema\\\/logo\\\/image\\\/\"}},{\"@type\":\"Person\",\"@id\":\"https:\\\/\\\/www.fvplp.com\\\/victoire\\\/#\\\/schema\\\/person\\\/648deca6b3b20cff967078a8cab9d343\",\"name\":\"mugabo\",\"image\":{\"@type\":\"ImageObject\",\"inLanguage\":\"fr-FR\",\"@id\":\"https:\\\/\\\/secure.gravatar.com\\\/avatar\\\/332f5e7209bda5c3e316f358bdfa8e5831f8a5a83a8e45b9d31218bc0ef4c5b4?s=96&d=mm&r=g\",\"url\":\"https:\\\/\\\/secure.gravatar.com\\\/avatar\\\/332f5e7209bda5c3e316f358bdfa8e5831f8a5a83a8e45b9d31218bc0ef4c5b4?s=96&d=mm&r=g\",\"contentUrl\":\"https:\\\/\\\/secure.gravatar.com\\\/avatar\\\/332f5e7209bda5c3e316f358bdfa8e5831f8a5a83a8e45b9d31218bc0ef4c5b4?s=96&d=mm&r=g\",\"caption\":\"mugabo\"},\"sameAs\":[\"http:\\\/\\\/www.fvplp.com\\\/victoire\"]}]}<\/script>\n<!-- \/ Yoast SEO plugin. -->","yoast_head_json":{"title":"The Fondation Victoire pour la Paix strongly condemns the venomous accusations publicly made against Ms Victoire Ingabire Umuhoza by the Rwandan Minister for National Unity and Civic Engagement, just ten days before her scheduled Supreme Court hearing. |","description":"The Fondation Victoire pour la Paix condemns accusations against Victoire Ingabire ahead of her Supreme Court hearing, denouncing political","robots":{"index":"index","follow":"follow","max-snippet":"max-snippet:-1","max-image-preview":"max-image-preview:large","max-video-preview":"max-video-preview:-1"},"canonical":"https:\/\/www.fvplp.com\/victoire\/victoire-ingabire-trial-accusations\/","og_locale":"fr_FR","og_type":"article","og_title":"The Fondation Victoire pour la Paix strongly condemns the venomous accusations publicly made against Ms Victoire Ingabire Umuhoza by the Rwandan Minister for National Unity and Civic Engagement, just ten days before her scheduled Supreme Court hearing. |","og_description":"The Fondation Victoire pour la Paix condemns accusations against Victoire Ingabire ahead of her Supreme Court hearing, denouncing political","og_url":"https:\/\/www.fvplp.com\/victoire\/victoire-ingabire-trial-accusations\/","article_published_time":"2026-02-24T18:33:13+00:00","article_modified_time":"2026-02-24T19:19:42+00:00","og_image":[{"width":1200,"height":1200,"url":"https:\/\/www.fvplp.com\/victoire\/wp-content\/uploads\/2026\/02\/PHOTO-2026-02-24-13-11-40.jpg","type":"image\/jpeg"}],"author":"mugabo","twitter_card":"summary_large_image","twitter_misc":{"\u00c9crit par":"mugabo","Dur\u00e9e de lecture estim\u00e9e":"3 minutes"},"schema":{"@context":"https:\/\/schema.org","@graph":[{"@type":"Article","@id":"https:\/\/www.fvplp.com\/victoire\/victoire-ingabire-trial-accusations\/#article","isPartOf":{"@id":"https:\/\/www.fvplp.com\/victoire\/victoire-ingabire-trial-accusations\/"},"author":{"name":"mugabo","@id":"https:\/\/www.fvplp.com\/victoire\/#\/schema\/person\/648deca6b3b20cff967078a8cab9d343"},"headline":"The Fondation Victoire pour la Paix strongly condemns the venomous accusations publicly made against Ms Victoire Ingabire Umuhoza by the Rwandan Minister for National Unity and Civic Engagement, just ten days before her scheduled Supreme Court hearing.","datePublished":"2026-02-24T18:33:13+00:00","dateModified":"2026-02-24T19:19:42+00:00","mainEntityOfPage":{"@id":"https:\/\/www.fvplp.com\/victoire\/victoire-ingabire-trial-accusations\/"},"wordCount":482,"publisher":{"@id":"https:\/\/www.fvplp.com\/victoire\/#organization"},"image":{"@id":"https:\/\/www.fvplp.com\/victoire\/victoire-ingabire-trial-accusations\/#primaryimage"},"thumbnailUrl":"https:\/\/www.fvplp.com\/victoire\/wp-content\/uploads\/2026\/02\/PHOTO-2026-02-24-13-11-40.jpg","articleSection":["Uncategorized"],"inLanguage":"fr-FR"},{"@type":"WebPage","@id":"https:\/\/www.fvplp.com\/victoire\/victoire-ingabire-trial-accusations\/","url":"https:\/\/www.fvplp.com\/victoire\/victoire-ingabire-trial-accusations\/","name":"The Fondation Victoire pour la Paix strongly condemns the venomous accusations publicly made against Ms Victoire Ingabire Umuhoza by the Rwandan Minister for National Unity and Civic Engagement, just ten days before her scheduled Supreme Court hearing. |","isPartOf":{"@id":"https:\/\/www.fvplp.com\/victoire\/#website"},"primaryImageOfPage":{"@id":"https:\/\/www.fvplp.com\/victoire\/victoire-ingabire-trial-accusations\/#primaryimage"},"image":{"@id":"https:\/\/www.fvplp.com\/victoire\/victoire-ingabire-trial-accusations\/#primaryimage"},"thumbnailUrl":"https:\/\/www.fvplp.com\/victoire\/wp-content\/uploads\/2026\/02\/PHOTO-2026-02-24-13-11-40.jpg","datePublished":"2026-02-24T18:33:13+00:00","dateModified":"2026-02-24T19:19:42+00:00","description":"The Fondation Victoire pour la Paix condemns accusations against Victoire Ingabire ahead of her Supreme Court hearing, denouncing political","breadcrumb":{"@id":"https:\/\/www.fvplp.com\/victoire\/victoire-ingabire-trial-accusations\/#breadcrumb"},"inLanguage":"fr-FR","potentialAction":[{"@type":"ReadAction","target":["https:\/\/www.fvplp.com\/victoire\/victoire-ingabire-trial-accusations\/"]}]},{"@type":"ImageObject","inLanguage":"fr-FR","@id":"https:\/\/www.fvplp.com\/victoire\/victoire-ingabire-trial-accusations\/#primaryimage","url":"https:\/\/www.fvplp.com\/victoire\/wp-content\/uploads\/2026\/02\/PHOTO-2026-02-24-13-11-40.jpg","contentUrl":"https:\/\/www.fvplp.com\/victoire\/wp-content\/uploads\/2026\/02\/PHOTO-2026-02-24-13-11-40.jpg","width":1200,"height":1200},{"@type":"BreadcrumbList","@id":"https:\/\/www.fvplp.com\/victoire\/victoire-ingabire-trial-accusations\/#breadcrumb","itemListElement":[{"@type":"ListItem","position":1,"name":"Accueil","item":"https:\/\/www.fvplp.com\/victoire\/"},{"@type":"ListItem","position":2,"name":"The Fondation Victoire pour la Paix strongly condemns the venomous accusations publicly made against Ms Victoire Ingabire Umuhoza by the Rwandan Minister for National Unity and Civic Engagement, just ten days before her scheduled Supreme Court hearing."}]},{"@type":"WebSite","@id":"https:\/\/www.fvplp.com\/victoire\/#website","url":"https:\/\/www.fvplp.com\/victoire\/","name":"Fondation Victoire pour la Paix","description":"Fondation Victoire Pour La Paix","publisher":{"@id":"https:\/\/www.fvplp.com\/victoire\/#organization"},"alternateName":"Fondation Victoire pour la Paix","potentialAction":[{"@type":"SearchAction","target":{"@type":"EntryPoint","urlTemplate":"https:\/\/www.fvplp.com\/victoire\/?s={search_term_string}"},"query-input":{"@type":"PropertyValueSpecification","valueRequired":true,"valueName":"search_term_string"}}],"inLanguage":"fr-FR"},{"@type":"Organization","@id":"https:\/\/www.fvplp.com\/victoire\/#organization","name":"Fondation Victoire pour la Paix","url":"https:\/\/www.fvplp.com\/victoire\/","logo":{"@type":"ImageObject","inLanguage":"fr-FR","@id":"https:\/\/www.fvplp.com\/victoire\/#\/schema\/logo\/image\/","url":"https:\/\/www.fvplp.com\/victoire\/wp-content\/uploads\/2025\/01\/cropped-cropped-new-logo.png","contentUrl":"https:\/\/www.fvplp.com\/victoire\/wp-content\/uploads\/2025\/01\/cropped-cropped-new-logo.png","width":295,"height":125,"caption":"Fondation Victoire pour la Paix"},"image":{"@id":"https:\/\/www.fvplp.com\/victoire\/#\/schema\/logo\/image\/"}},{"@type":"Person","@id":"https:\/\/www.fvplp.com\/victoire\/#\/schema\/person\/648deca6b3b20cff967078a8cab9d343","name":"mugabo","image":{"@type":"ImageObject","inLanguage":"fr-FR","@id":"https:\/\/secure.gravatar.com\/avatar\/332f5e7209bda5c3e316f358bdfa8e5831f8a5a83a8e45b9d31218bc0ef4c5b4?s=96&d=mm&r=g","url":"https:\/\/secure.gravatar.com\/avatar\/332f5e7209bda5c3e316f358bdfa8e5831f8a5a83a8e45b9d31218bc0ef4c5b4?s=96&d=mm&r=g","contentUrl":"https:\/\/secure.gravatar.com\/avatar\/332f5e7209bda5c3e316f358bdfa8e5831f8a5a83a8e45b9d31218bc0ef4c5b4?s=96&d=mm&r=g","caption":"mugabo"},"sameAs":["http:\/\/www.fvplp.com\/victoire"]}]}},"uagb_featured_image_src":{"full":["https:\/\/www.fvplp.com\/victoire\/wp-content\/uploads\/2026\/02\/PHOTO-2026-02-24-13-11-40.jpg",1200,1200,false],"thumbnail":["https:\/\/www.fvplp.com\/victoire\/wp-content\/uploads\/2026\/02\/PHOTO-2026-02-24-13-11-40-150x150.jpg",150,150,true],"medium":["https:\/\/www.fvplp.com\/victoire\/wp-content\/uploads\/2026\/02\/PHOTO-2026-02-24-13-11-40-300x300.jpg",300,300,true],"medium_large":["https:\/\/www.fvplp.com\/victoire\/wp-content\/uploads\/2026\/02\/PHOTO-2026-02-24-13-11-40-768x768.jpg",768,768,true],"large":["https:\/\/www.fvplp.com\/victoire\/wp-content\/uploads\/2026\/02\/PHOTO-2026-02-24-13-11-40-1024x1024.jpg",1024,1024,true],"1536x1536":["https:\/\/www.fvplp.com\/victoire\/wp-content\/uploads\/2026\/02\/PHOTO-2026-02-24-13-11-40.jpg",1200,1200,false],"2048x2048":["https:\/\/www.fvplp.com\/victoire\/wp-content\/uploads\/2026\/02\/PHOTO-2026-02-24-13-11-40.jpg",1200,1200,false]},"uagb_author_info":{"display_name":"mugabo","author_link":"https:\/\/www.fvplp.com\/victoire\/author\/mugabo\/"},"uagb_comment_info":0,"uagb_excerpt":"In a public statement published on the Rwandan media platform IGIHE.COM on 22 February 2026, Dr Bizimana Jean Damasc\u00e8ne is [&hellip;]","_links":{"self":[{"href":"https:\/\/www.fvplp.com\/victoire\/wp-json\/wp\/v2\/posts\/560","targetHints":{"allow":["GET"]}}],"collection":[{"href":"https:\/\/www.fvplp.com\/victoire\/wp-json\/wp\/v2\/posts"}],"about":[{"href":"https:\/\/www.fvplp.com\/victoire\/wp-json\/wp\/v2\/types\/post"}],"author":[{"embeddable":true,"href":"https:\/\/www.fvplp.com\/victoire\/wp-json\/wp\/v2\/users\/1"}],"replies":[{"embeddable":true,"href":"https:\/\/www.fvplp.com\/victoire\/wp-json\/wp\/v2\/comments?post=560"}],"version-history":[{"count":9,"href":"https:\/\/www.fvplp.com\/victoire\/wp-json\/wp\/v2\/posts\/560\/revisions"}],"predecessor-version":[{"id":575,"href":"https:\/\/www.fvplp.com\/victoire\/wp-json\/wp\/v2\/posts\/560\/revisions\/575"}],"wp:featuredmedia":[{"embeddable":true,"href":"https:\/\/www.fvplp.com\/victoire\/wp-json\/wp\/v2\/media\/573"}],"wp:attachment":[{"href":"https:\/\/www.fvplp.com\/victoire\/wp-json\/wp\/v2\/media?parent=560"}],"wp:term":[{"taxonomy":"category","embeddable":true,"href":"https:\/\/www.fvplp.com\/victoire\/wp-json\/wp\/v2\/categories?post=560"},{"taxonomy":"post_tag","embeddable":true,"href":"https:\/\/www.fvplp.com\/victoire\/wp-json\/wp\/v2\/tags?post=560"}],"curies":[{"name":"wp","href":"https:\/\/api.w.org\/{rel}","templated":true}]}}