{"id":557,"date":"2026-02-24T19:32:48","date_gmt":"2026-02-24T18:32:48","guid":{"rendered":"https:\/\/www.fvplp.com\/victoire\/?p=557"},"modified":"2026-02-24T19:40:24","modified_gmt":"2026-02-24T18:40:24","slug":"accusations-contre-victoire-ingabire","status":"publish","type":"post","link":"https:\/\/www.fvplp.com\/victoire\/accusations-contre-victoire-ingabire\/","title":{"rendered":"La Fondation Victoire pour la Paix condamne fermement les accusations virulentes port\u00e9es publiquement contre Mme Victoire Ingabire Umuhoza par le ministre rwandais de l&rsquo;Unit\u00e9 nationale et de l&rsquo;Engagement civique, \u00e0 seulement dix jours de son audience devant la Cour supr\u00eame."},"content":{"rendered":"\r\n<div class=\"wp-block-media-text is-stacked-on-mobile is-vertically-aligned-top\" style=\"grid-template-columns: 44% auto;\">\r\n<figure class=\"wp-block-media-text__media\"><img loading=\"lazy\" decoding=\"async\" class=\"wp-image-544 \" src=\"http:\/\/www.fvplp.com\/victoire\/wp-content\/uploads\/2025\/12\/Free-Victoire-Ingabire.jpg\" alt=\"\" width=\"483\" height=\"562\" \/><\/figure>\r\n<div class=\"wp-block-media-text__content\">\r\n<p>Dans une d\u00e9claration publique publi\u00e9e le 22 f\u00e9vrier 2026 sur le site de <a href=\"https:\/\/igihe.com\/amakuru\/rwanda\/article\/ingabire-victoire-ni-icyihebe-si-umunyepolitike-utavuga-rumwe-n-ubutegetsi\" target=\"_blank\" rel=\"noopener\">m\u00e9dias rwandais IGIHE.COM<\/a>, le ministre rwandais de l&rsquo;Unit\u00e9 nationale et de l&rsquo;Engagement civique, Dr Bizimana a accus\u00e9 Mme Ingabire d&rsquo;\u00eatre une \u00ab terroriste \u00bb qui \u00ab soutient et cherche \u00e0 obtenir le soutien de toutes sortes de groupes arm\u00e9s menant des attaques dans le pays, dans le but de d\u00e9stabiliser le Rwanda et de renverser les dirigeants \u00e9lus par le peuple \u00bb. Il affirme \u00e9galement qu&rsquo;elle est \u00ab soutenue par une frange d&rsquo;extr\u00e9mistes\u00bb.<br \/><br \/>Le ministre a fait cette d\u00e9claration lors d&rsquo;un dialogue avec la communaut\u00e9 rwandaise en Europe, le 21 f\u00e9vrier 2026, \u00e0 Paris. Mme Ingabire, figure de proue de l&rsquo;opposition rwandaise, est actuellement d\u00e9tenue et son proc\u00e8s est en cours. Cette d\u00e9claration a \u00e9t\u00e9 faite dix jours avant l&rsquo;audience de Mme Ingabire devant la Cour supr\u00eame, pr\u00e9vue le 4 mars 2026. Lors de cette audience, Mme Ingabire et ses avocats feront valoir que son arrestation et sa d\u00e9tention ult\u00e9rieure constituaient une violation de la Constitution.<br \/><br \/>La Fondation Victoire pour la Paix condamne avec la plus grande fermet\u00e9 les accusations virulentes prof\u00e9r\u00e9es par un haut responsable du gouvernement rwandais. Non seulement ces accusations incitent \u00e0 la haine et \u00e0 la violence \u00e0 l&rsquo;encontre de Mme Ingabire, mais elles visent \u00e9galement \u00e0 influencer la d\u00e9cision des juges lors de l&rsquo;audience pr\u00e9vue le 4 mars 2026, ainsi qu&rsquo;\u00e0 pr\u00e9parer l&rsquo;opinion publique \u00e0 accepter un verdict favorable au gouvernement.<br \/><br \/>Rappelons que l&rsquo;arrestation de Mme Ingabire, le 19 juin 2025, fait suite \u00e0 des menaces r\u00e9p\u00e9t\u00e9es prof\u00e9r\u00e9es au fil du temps par plusieurs hauts responsables gouvernementaux, dont le ministre rwandais de l&rsquo;Unit\u00e9 nationale et de l&rsquo;Engagement civique. Ce dernier <a href=\"https:\/\/x.com\/DrDamascene\/status\/1562037206209929217?s=20\" target=\"_blank\" rel=\"noopener\">a publiquement d\u00e9clar\u00e9 sur les r\u00e9seaux sociaux<\/a> que Mme Ingabire incitait \u00e0 un nouveau g\u00e9nocide au Rwanda.<br \/><br \/>La Fondation Victoire pour la Paix d\u00e9nonce le comportement irresponsable et les accusations virulentes prof\u00e9r\u00e9es publiquement \u00e0 l&rsquo;encontre de Mme Ingabire par un haut responsable du gouvernement rwandais charg\u00e9 de l&rsquo;unit\u00e9 nationale et de l&rsquo;engagement civique, en particulier \u00e0 l&rsquo;approche de son audience devant le tribunal. En effet, les conclusions d&rsquo;organisations ind\u00e9pendantes telles que Freedom House et diverses autres organisations de d\u00e9fense des droits humains ont confirm\u00e9 que le syst\u00e8me judiciaire rwandais \u00e9tait influenc\u00e9 par le pouvoir ex\u00e9cutif, notamment dans les affaires impliquant des personnalit\u00e9s politiques de premier plan.<br \/><br \/>La Fondation Victoire pour la Paix r\u00e9it\u00e8re son appel \u00e0 la communaut\u00e9 internationale pour qu&rsquo;elle condamne l&rsquo;ing\u00e9rence de l&rsquo;ex\u00e9cutif dans cette affaire, ainsi que les incitations publiques \u00e0 la haine et \u00e0 la violence \u00e0 l&rsquo;encontre de Mme Ingabire. Le fait qu&rsquo;un ministre de haut rang, cens\u00e9 \u00eatre charg\u00e9 de l&rsquo;unit\u00e9 nationale et de l&rsquo;engagement civique, s&rsquo;en prenne publiquement \u00e0 une personne pr\u00e9sum\u00e9e innocente jusqu&rsquo;\u00e0 preuve du contraire d\u00e9montre amplement la nature politique de l&rsquo;arrestation, de la d\u00e9tention et du proc\u00e8s \u00e0 venir de Mme Ingabire. Cela souligne donc l&rsquo;urgence de prendre des mesures d\u00e9cisives pour obtenir la lib\u00e9ration de Mme Ingabire.<\/p>\r\n<p style=\"text-align: center;\"><br \/>Fait \u00e0 Bruxelles, le 24 f\u00e9vrier 2026<br \/><br \/>Pour plus d&rsquo;informations, veuillez nous contacter au num\u00e9ro suivant.<br \/>+32 49915 75 53 \/\/ +44 7946 742722<br \/><br \/><\/p>\r\n<\/div>\r\n<\/div>\r\n","protected":false},"excerpt":{"rendered":"<p>Dans une d\u00e9claration publique publi\u00e9e le 22 f\u00e9vrier 2026 sur le site de m\u00e9dias rwandais IGIHE.COM, le ministre rwandais de [&hellip;]<\/p>\n","protected":false},"author":1,"featured_media":544,"comment_status":"closed","ping_status":"open","sticky":false,"template":"","format":"standard","meta":{"_uag_custom_page_level_css":"","site-sidebar-layout":"default","site-content-layout":"","ast-site-content-layout":"default","site-content-style":"default","site-sidebar-style":"default","ast-global-header-display":"","ast-banner-title-visibility":"","ast-main-header-display":"","ast-hfb-above-header-display":"","ast-hfb-below-header-display":"","ast-hfb-mobile-header-display":"","site-post-title":"","ast-breadcrumbs-content":"","ast-featured-img":"","footer-sml-layout":"","ast-disable-related-posts":"","theme-transparent-header-meta":"default","adv-header-id-meta":"","stick-header-meta":"","header-above-stick-meta":"","header-main-stick-meta":"","header-below-stick-meta":"","astra-migrate-meta-layouts":"set","ast-page-background-enabled":"default","ast-page-background-meta":{"desktop":{"background-color":"var(--ast-global-color-5)","background-image":"","background-repeat":"repeat","background-position":"center center","background-size":"auto","background-attachment":"scroll","background-type":"","background-media":"","overlay-type":"","overlay-color":"","overlay-opacity":"","overlay-gradient":""},"tablet":{"background-color":"","background-image":"","background-repeat":"repeat","background-position":"center center","background-size":"auto","background-attachment":"scroll","background-type":"","background-media":"","overlay-type":"","overlay-color":"","overlay-opacity":"","overlay-gradient":""},"mobile":{"background-color":"","background-image":"","background-repeat":"repeat","background-position":"center center","background-size":"auto","background-attachment":"scroll","background-type":"","background-media":"","overlay-type":"","overlay-color":"","overlay-opacity":"","overlay-gradient":""}},"ast-content-background-meta":{"desktop":{"background-color":"var(--ast-global-color-4)","background-image":"","background-repeat":"repeat","background-position":"center center","background-size":"auto","background-attachment":"scroll","background-type":"","background-media":"","overlay-type":"","overlay-color":"","overlay-opacity":"","overlay-gradient":""},"tablet":{"background-color":"var(--ast-global-color-4)","background-image":"","background-repeat":"repeat","background-position":"center center","background-size":"auto","background-attachment":"scroll","background-type":"","background-media":"","overlay-type":"","overlay-color":"","overlay-opacity":"","overlay-gradient":""},"mobile":{"background-color":"var(--ast-global-color-4)","background-image":"","background-repeat":"repeat","background-position":"center center","background-size":"auto","background-attachment":"scroll","background-type":"","background-media":"","overlay-type":"","overlay-color":"","overlay-opacity":"","overlay-gradient":""}},"footnotes":""},"categories":[1],"tags":[],"class_list":["post-557","post","type-post","status-publish","format-standard","has-post-thumbnail","hentry","category-uncategorized"],"yoast_head":"<!-- This site is optimized with the Yoast SEO plugin v27.4 - https:\/\/yoast.com\/product\/yoast-seo-wordpress\/ -->\n<title>La Fondation Victoire pour la Paix condamne fermement les accusations virulentes port\u00e9es publiquement contre Mme Victoire Ingabire Umuhoza par le ministre rwandais de l&#039;Unit\u00e9 nationale et de l&#039;Engagement civique, \u00e0 seulement dix jours de son audience devant la Cour supr\u00eame. |<\/title>\n<meta name=\"description\" content=\"La Fondation Victoire pour la Paix condamne les accusations du gouvernement rwandais contre Victoire Ingabire Umuhoza avant son audience\" \/>\n<meta name=\"robots\" content=\"index, follow, max-snippet:-1, max-image-preview:large, max-video-preview:-1\" \/>\n<link rel=\"canonical\" href=\"https:\/\/www.fvplp.com\/victoire\/accusations-contre-victoire-ingabire\/\" \/>\n<meta property=\"og:locale\" content=\"fr_FR\" \/>\n<meta property=\"og:type\" content=\"article\" \/>\n<meta property=\"og:title\" content=\"La Fondation Victoire pour la Paix condamne fermement les accusations virulentes port\u00e9es publiquement contre Mme Victoire Ingabire Umuhoza par le ministre rwandais de l&#039;Unit\u00e9 nationale et de l&#039;Engagement civique, \u00e0 seulement dix jours de son audience devant la Cour supr\u00eame. |\" \/>\n<meta property=\"og:description\" content=\"La Fondation Victoire pour la Paix condamne les accusations du gouvernement rwandais contre Victoire Ingabire Umuhoza avant son audience\" \/>\n<meta property=\"og:url\" content=\"https:\/\/www.fvplp.com\/victoire\/accusations-contre-victoire-ingabire\/\" \/>\n<meta property=\"article:published_time\" content=\"2026-02-24T18:32:48+00:00\" \/>\n<meta property=\"article:modified_time\" content=\"2026-02-24T18:40:24+00:00\" \/>\n<meta property=\"og:image\" content=\"http:\/\/www.fvplp.com\/victoire\/wp-content\/uploads\/2025\/12\/Free-Victoire-Ingabire.jpg\" \/>\n\t<meta property=\"og:image:width\" content=\"821\" \/>\n\t<meta property=\"og:image:height\" content=\"807\" \/>\n\t<meta property=\"og:image:type\" content=\"image\/jpeg\" \/>\n<meta name=\"author\" content=\"mugabo\" \/>\n<meta name=\"twitter:card\" content=\"summary_large_image\" \/>\n<meta name=\"twitter:label1\" content=\"\u00c9crit par\" \/>\n\t<meta name=\"twitter:data1\" content=\"mugabo\" \/>\n\t<meta name=\"twitter:label2\" content=\"Dur\u00e9e de lecture estim\u00e9e\" \/>\n\t<meta name=\"twitter:data2\" content=\"3 minutes\" \/>\n<script type=\"application\/ld+json\" class=\"yoast-schema-graph\">{\"@context\":\"https:\\\/\\\/schema.org\",\"@graph\":[{\"@type\":\"Article\",\"@id\":\"https:\\\/\\\/www.fvplp.com\\\/victoire\\\/accusations-contre-victoire-ingabire\\\/#article\",\"isPartOf\":{\"@id\":\"https:\\\/\\\/www.fvplp.com\\\/victoire\\\/accusations-contre-victoire-ingabire\\\/\"},\"author\":{\"name\":\"mugabo\",\"@id\":\"https:\\\/\\\/www.fvplp.com\\\/victoire\\\/#\\\/schema\\\/person\\\/648deca6b3b20cff967078a8cab9d343\"},\"headline\":\"La Fondation Victoire pour la Paix condamne fermement les accusations virulentes port\u00e9es publiquement contre Mme Victoire Ingabire Umuhoza par le ministre rwandais de l&rsquo;Unit\u00e9 nationale et de l&rsquo;Engagement civique, \u00e0 seulement dix jours de son audience devant la Cour supr\u00eame.\",\"datePublished\":\"2026-02-24T18:32:48+00:00\",\"dateModified\":\"2026-02-24T18:40:24+00:00\",\"mainEntityOfPage\":{\"@id\":\"https:\\\/\\\/www.fvplp.com\\\/victoire\\\/accusations-contre-victoire-ingabire\\\/\"},\"wordCount\":560,\"publisher\":{\"@id\":\"https:\\\/\\\/www.fvplp.com\\\/victoire\\\/#organization\"},\"image\":{\"@id\":\"https:\\\/\\\/www.fvplp.com\\\/victoire\\\/accusations-contre-victoire-ingabire\\\/#primaryimage\"},\"thumbnailUrl\":\"https:\\\/\\\/www.fvplp.com\\\/victoire\\\/wp-content\\\/uploads\\\/2025\\\/12\\\/Free-Victoire-Ingabire.jpg\",\"articleSection\":[\"Uncategorized\"],\"inLanguage\":\"fr-FR\"},{\"@type\":\"WebPage\",\"@id\":\"https:\\\/\\\/www.fvplp.com\\\/victoire\\\/accusations-contre-victoire-ingabire\\\/\",\"url\":\"https:\\\/\\\/www.fvplp.com\\\/victoire\\\/accusations-contre-victoire-ingabire\\\/\",\"name\":\"La Fondation Victoire pour la Paix condamne fermement les accusations virulentes port\u00e9es publiquement contre Mme Victoire Ingabire Umuhoza par le ministre rwandais de l'Unit\u00e9 nationale et de l'Engagement civique, \u00e0 seulement dix jours de son audience devant la Cour supr\u00eame. |\",\"isPartOf\":{\"@id\":\"https:\\\/\\\/www.fvplp.com\\\/victoire\\\/#website\"},\"primaryImageOfPage\":{\"@id\":\"https:\\\/\\\/www.fvplp.com\\\/victoire\\\/accusations-contre-victoire-ingabire\\\/#primaryimage\"},\"image\":{\"@id\":\"https:\\\/\\\/www.fvplp.com\\\/victoire\\\/accusations-contre-victoire-ingabire\\\/#primaryimage\"},\"thumbnailUrl\":\"https:\\\/\\\/www.fvplp.com\\\/victoire\\\/wp-content\\\/uploads\\\/2025\\\/12\\\/Free-Victoire-Ingabire.jpg\",\"datePublished\":\"2026-02-24T18:32:48+00:00\",\"dateModified\":\"2026-02-24T18:40:24+00:00\",\"description\":\"La Fondation Victoire pour la Paix condamne les accusations du gouvernement rwandais contre Victoire Ingabire Umuhoza avant son audience\",\"breadcrumb\":{\"@id\":\"https:\\\/\\\/www.fvplp.com\\\/victoire\\\/accusations-contre-victoire-ingabire\\\/#breadcrumb\"},\"inLanguage\":\"fr-FR\",\"potentialAction\":[{\"@type\":\"ReadAction\",\"target\":[\"https:\\\/\\\/www.fvplp.com\\\/victoire\\\/accusations-contre-victoire-ingabire\\\/\"]}]},{\"@type\":\"ImageObject\",\"inLanguage\":\"fr-FR\",\"@id\":\"https:\\\/\\\/www.fvplp.com\\\/victoire\\\/accusations-contre-victoire-ingabire\\\/#primaryimage\",\"url\":\"https:\\\/\\\/www.fvplp.com\\\/victoire\\\/wp-content\\\/uploads\\\/2025\\\/12\\\/Free-Victoire-Ingabire.jpg\",\"contentUrl\":\"https:\\\/\\\/www.fvplp.com\\\/victoire\\\/wp-content\\\/uploads\\\/2025\\\/12\\\/Free-Victoire-Ingabire.jpg\",\"width\":821,\"height\":807},{\"@type\":\"BreadcrumbList\",\"@id\":\"https:\\\/\\\/www.fvplp.com\\\/victoire\\\/accusations-contre-victoire-ingabire\\\/#breadcrumb\",\"itemListElement\":[{\"@type\":\"ListItem\",\"position\":1,\"name\":\"Accueil\",\"item\":\"http:\\\/\\\/www.fvplp.com\\\/victoire\\\/\"},{\"@type\":\"ListItem\",\"position\":2,\"name\":\"La Fondation Victoire pour la Paix condamne fermement les accusations virulentes port\u00e9es publiquement contre Mme Victoire Ingabire Umuhoza par le ministre rwandais de l&rsquo;Unit\u00e9 nationale et de l&rsquo;Engagement civique, \u00e0 seulement dix jours de son audience devant la Cour supr\u00eame.\"}]},{\"@type\":\"WebSite\",\"@id\":\"https:\\\/\\\/www.fvplp.com\\\/victoire\\\/#website\",\"url\":\"https:\\\/\\\/www.fvplp.com\\\/victoire\\\/\",\"name\":\"Fondation Victoire pour la Paix\",\"description\":\"Fondation Victoire Pour La Paix\",\"publisher\":{\"@id\":\"https:\\\/\\\/www.fvplp.com\\\/victoire\\\/#organization\"},\"alternateName\":\"Fondation Victoire pour la Paix\",\"potentialAction\":[{\"@type\":\"SearchAction\",\"target\":{\"@type\":\"EntryPoint\",\"urlTemplate\":\"https:\\\/\\\/www.fvplp.com\\\/victoire\\\/?s={search_term_string}\"},\"query-input\":{\"@type\":\"PropertyValueSpecification\",\"valueRequired\":true,\"valueName\":\"search_term_string\"}}],\"inLanguage\":\"fr-FR\"},{\"@type\":\"Organization\",\"@id\":\"https:\\\/\\\/www.fvplp.com\\\/victoire\\\/#organization\",\"name\":\"Fondation Victoire pour la Paix\",\"url\":\"https:\\\/\\\/www.fvplp.com\\\/victoire\\\/\",\"logo\":{\"@type\":\"ImageObject\",\"inLanguage\":\"fr-FR\",\"@id\":\"https:\\\/\\\/www.fvplp.com\\\/victoire\\\/#\\\/schema\\\/logo\\\/image\\\/\",\"url\":\"https:\\\/\\\/www.fvplp.com\\\/victoire\\\/wp-content\\\/uploads\\\/2025\\\/01\\\/cropped-cropped-new-logo.png\",\"contentUrl\":\"https:\\\/\\\/www.fvplp.com\\\/victoire\\\/wp-content\\\/uploads\\\/2025\\\/01\\\/cropped-cropped-new-logo.png\",\"width\":295,\"height\":125,\"caption\":\"Fondation Victoire pour la Paix\"},\"image\":{\"@id\":\"https:\\\/\\\/www.fvplp.com\\\/victoire\\\/#\\\/schema\\\/logo\\\/image\\\/\"}},{\"@type\":\"Person\",\"@id\":\"https:\\\/\\\/www.fvplp.com\\\/victoire\\\/#\\\/schema\\\/person\\\/648deca6b3b20cff967078a8cab9d343\",\"name\":\"mugabo\",\"image\":{\"@type\":\"ImageObject\",\"inLanguage\":\"fr-FR\",\"@id\":\"https:\\\/\\\/secure.gravatar.com\\\/avatar\\\/332f5e7209bda5c3e316f358bdfa8e5831f8a5a83a8e45b9d31218bc0ef4c5b4?s=96&d=mm&r=g\",\"url\":\"https:\\\/\\\/secure.gravatar.com\\\/avatar\\\/332f5e7209bda5c3e316f358bdfa8e5831f8a5a83a8e45b9d31218bc0ef4c5b4?s=96&d=mm&r=g\",\"contentUrl\":\"https:\\\/\\\/secure.gravatar.com\\\/avatar\\\/332f5e7209bda5c3e316f358bdfa8e5831f8a5a83a8e45b9d31218bc0ef4c5b4?s=96&d=mm&r=g\",\"caption\":\"mugabo\"},\"sameAs\":[\"http:\\\/\\\/www.fvplp.com\\\/victoire\"]}]}<\/script>\n<!-- \/ Yoast SEO plugin. -->","yoast_head_json":{"title":"La Fondation Victoire pour la Paix condamne fermement les accusations virulentes port\u00e9es publiquement contre Mme Victoire Ingabire Umuhoza par le ministre rwandais de l'Unit\u00e9 nationale et de l'Engagement civique, \u00e0 seulement dix jours de son audience devant la Cour supr\u00eame. |","description":"La Fondation Victoire pour la Paix condamne les accusations du gouvernement rwandais contre Victoire Ingabire Umuhoza avant son audience","robots":{"index":"index","follow":"follow","max-snippet":"max-snippet:-1","max-image-preview":"max-image-preview:large","max-video-preview":"max-video-preview:-1"},"canonical":"https:\/\/www.fvplp.com\/victoire\/accusations-contre-victoire-ingabire\/","og_locale":"fr_FR","og_type":"article","og_title":"La Fondation Victoire pour la Paix condamne fermement les accusations virulentes port\u00e9es publiquement contre Mme Victoire Ingabire Umuhoza par le ministre rwandais de l'Unit\u00e9 nationale et de l'Engagement civique, \u00e0 seulement dix jours de son audience devant la Cour supr\u00eame. |","og_description":"La Fondation Victoire pour la Paix condamne les accusations du gouvernement rwandais contre Victoire Ingabire Umuhoza avant son audience","og_url":"https:\/\/www.fvplp.com\/victoire\/accusations-contre-victoire-ingabire\/","article_published_time":"2026-02-24T18:32:48+00:00","article_modified_time":"2026-02-24T18:40:24+00:00","og_image":[{"width":821,"height":807,"url":"http:\/\/www.fvplp.com\/victoire\/wp-content\/uploads\/2025\/12\/Free-Victoire-Ingabire.jpg","type":"image\/jpeg"}],"author":"mugabo","twitter_card":"summary_large_image","twitter_misc":{"\u00c9crit par":"mugabo","Dur\u00e9e de lecture estim\u00e9e":"3 minutes"},"schema":{"@context":"https:\/\/schema.org","@graph":[{"@type":"Article","@id":"https:\/\/www.fvplp.com\/victoire\/accusations-contre-victoire-ingabire\/#article","isPartOf":{"@id":"https:\/\/www.fvplp.com\/victoire\/accusations-contre-victoire-ingabire\/"},"author":{"name":"mugabo","@id":"https:\/\/www.fvplp.com\/victoire\/#\/schema\/person\/648deca6b3b20cff967078a8cab9d343"},"headline":"La Fondation Victoire pour la Paix condamne fermement les accusations virulentes port\u00e9es publiquement contre Mme Victoire Ingabire Umuhoza par le ministre rwandais de l&rsquo;Unit\u00e9 nationale et de l&rsquo;Engagement civique, \u00e0 seulement dix jours de son audience devant la Cour supr\u00eame.","datePublished":"2026-02-24T18:32:48+00:00","dateModified":"2026-02-24T18:40:24+00:00","mainEntityOfPage":{"@id":"https:\/\/www.fvplp.com\/victoire\/accusations-contre-victoire-ingabire\/"},"wordCount":560,"publisher":{"@id":"https:\/\/www.fvplp.com\/victoire\/#organization"},"image":{"@id":"https:\/\/www.fvplp.com\/victoire\/accusations-contre-victoire-ingabire\/#primaryimage"},"thumbnailUrl":"https:\/\/www.fvplp.com\/victoire\/wp-content\/uploads\/2025\/12\/Free-Victoire-Ingabire.jpg","articleSection":["Uncategorized"],"inLanguage":"fr-FR"},{"@type":"WebPage","@id":"https:\/\/www.fvplp.com\/victoire\/accusations-contre-victoire-ingabire\/","url":"https:\/\/www.fvplp.com\/victoire\/accusations-contre-victoire-ingabire\/","name":"La Fondation Victoire pour la Paix condamne fermement les accusations virulentes port\u00e9es publiquement contre Mme Victoire Ingabire Umuhoza par le ministre rwandais de l'Unit\u00e9 nationale et de l'Engagement civique, \u00e0 seulement dix jours de son audience devant la Cour supr\u00eame. |","isPartOf":{"@id":"https:\/\/www.fvplp.com\/victoire\/#website"},"primaryImageOfPage":{"@id":"https:\/\/www.fvplp.com\/victoire\/accusations-contre-victoire-ingabire\/#primaryimage"},"image":{"@id":"https:\/\/www.fvplp.com\/victoire\/accusations-contre-victoire-ingabire\/#primaryimage"},"thumbnailUrl":"https:\/\/www.fvplp.com\/victoire\/wp-content\/uploads\/2025\/12\/Free-Victoire-Ingabire.jpg","datePublished":"2026-02-24T18:32:48+00:00","dateModified":"2026-02-24T18:40:24+00:00","description":"La Fondation Victoire pour la Paix condamne les accusations du gouvernement rwandais contre Victoire Ingabire Umuhoza avant son audience","breadcrumb":{"@id":"https:\/\/www.fvplp.com\/victoire\/accusations-contre-victoire-ingabire\/#breadcrumb"},"inLanguage":"fr-FR","potentialAction":[{"@type":"ReadAction","target":["https:\/\/www.fvplp.com\/victoire\/accusations-contre-victoire-ingabire\/"]}]},{"@type":"ImageObject","inLanguage":"fr-FR","@id":"https:\/\/www.fvplp.com\/victoire\/accusations-contre-victoire-ingabire\/#primaryimage","url":"https:\/\/www.fvplp.com\/victoire\/wp-content\/uploads\/2025\/12\/Free-Victoire-Ingabire.jpg","contentUrl":"https:\/\/www.fvplp.com\/victoire\/wp-content\/uploads\/2025\/12\/Free-Victoire-Ingabire.jpg","width":821,"height":807},{"@type":"BreadcrumbList","@id":"https:\/\/www.fvplp.com\/victoire\/accusations-contre-victoire-ingabire\/#breadcrumb","itemListElement":[{"@type":"ListItem","position":1,"name":"Accueil","item":"http:\/\/www.fvplp.com\/victoire\/"},{"@type":"ListItem","position":2,"name":"La Fondation Victoire pour la Paix condamne fermement les accusations virulentes port\u00e9es publiquement contre Mme Victoire Ingabire Umuhoza par le ministre rwandais de l&rsquo;Unit\u00e9 nationale et de l&rsquo;Engagement civique, \u00e0 seulement dix jours de son audience devant la Cour supr\u00eame."}]},{"@type":"WebSite","@id":"https:\/\/www.fvplp.com\/victoire\/#website","url":"https:\/\/www.fvplp.com\/victoire\/","name":"Fondation Victoire pour la Paix","description":"Fondation Victoire Pour La Paix","publisher":{"@id":"https:\/\/www.fvplp.com\/victoire\/#organization"},"alternateName":"Fondation Victoire pour la Paix","potentialAction":[{"@type":"SearchAction","target":{"@type":"EntryPoint","urlTemplate":"https:\/\/www.fvplp.com\/victoire\/?s={search_term_string}"},"query-input":{"@type":"PropertyValueSpecification","valueRequired":true,"valueName":"search_term_string"}}],"inLanguage":"fr-FR"},{"@type":"Organization","@id":"https:\/\/www.fvplp.com\/victoire\/#organization","name":"Fondation Victoire pour la Paix","url":"https:\/\/www.fvplp.com\/victoire\/","logo":{"@type":"ImageObject","inLanguage":"fr-FR","@id":"https:\/\/www.fvplp.com\/victoire\/#\/schema\/logo\/image\/","url":"https:\/\/www.fvplp.com\/victoire\/wp-content\/uploads\/2025\/01\/cropped-cropped-new-logo.png","contentUrl":"https:\/\/www.fvplp.com\/victoire\/wp-content\/uploads\/2025\/01\/cropped-cropped-new-logo.png","width":295,"height":125,"caption":"Fondation Victoire pour la Paix"},"image":{"@id":"https:\/\/www.fvplp.com\/victoire\/#\/schema\/logo\/image\/"}},{"@type":"Person","@id":"https:\/\/www.fvplp.com\/victoire\/#\/schema\/person\/648deca6b3b20cff967078a8cab9d343","name":"mugabo","image":{"@type":"ImageObject","inLanguage":"fr-FR","@id":"https:\/\/secure.gravatar.com\/avatar\/332f5e7209bda5c3e316f358bdfa8e5831f8a5a83a8e45b9d31218bc0ef4c5b4?s=96&d=mm&r=g","url":"https:\/\/secure.gravatar.com\/avatar\/332f5e7209bda5c3e316f358bdfa8e5831f8a5a83a8e45b9d31218bc0ef4c5b4?s=96&d=mm&r=g","contentUrl":"https:\/\/secure.gravatar.com\/avatar\/332f5e7209bda5c3e316f358bdfa8e5831f8a5a83a8e45b9d31218bc0ef4c5b4?s=96&d=mm&r=g","caption":"mugabo"},"sameAs":["http:\/\/www.fvplp.com\/victoire"]}]}},"uagb_featured_image_src":{"full":["https:\/\/www.fvplp.com\/victoire\/wp-content\/uploads\/2025\/12\/Free-Victoire-Ingabire.jpg",821,807,false],"thumbnail":["https:\/\/www.fvplp.com\/victoire\/wp-content\/uploads\/2025\/12\/Free-Victoire-Ingabire-150x150.jpg",150,150,true],"medium":["https:\/\/www.fvplp.com\/victoire\/wp-content\/uploads\/2025\/12\/Free-Victoire-Ingabire-300x295.jpg",300,295,true],"medium_large":["https:\/\/www.fvplp.com\/victoire\/wp-content\/uploads\/2025\/12\/Free-Victoire-Ingabire-768x755.jpg",768,755,true],"large":["https:\/\/www.fvplp.com\/victoire\/wp-content\/uploads\/2025\/12\/Free-Victoire-Ingabire.jpg",821,807,false],"1536x1536":["https:\/\/www.fvplp.com\/victoire\/wp-content\/uploads\/2025\/12\/Free-Victoire-Ingabire.jpg",821,807,false],"2048x2048":["https:\/\/www.fvplp.com\/victoire\/wp-content\/uploads\/2025\/12\/Free-Victoire-Ingabire.jpg",821,807,false]},"uagb_author_info":{"display_name":"mugabo","author_link":"https:\/\/www.fvplp.com\/victoire\/author\/mugabo\/"},"uagb_comment_info":0,"uagb_excerpt":"Dans une d\u00e9claration publique publi\u00e9e le 22 f\u00e9vrier 2026 sur le site de m\u00e9dias rwandais IGIHE.COM, le ministre rwandais de [&hellip;]","_links":{"self":[{"href":"https:\/\/www.fvplp.com\/victoire\/wp-json\/wp\/v2\/posts\/557","targetHints":{"allow":["GET"]}}],"collection":[{"href":"https:\/\/www.fvplp.com\/victoire\/wp-json\/wp\/v2\/posts"}],"about":[{"href":"https:\/\/www.fvplp.com\/victoire\/wp-json\/wp\/v2\/types\/post"}],"author":[{"embeddable":true,"href":"https:\/\/www.fvplp.com\/victoire\/wp-json\/wp\/v2\/users\/1"}],"replies":[{"embeddable":true,"href":"https:\/\/www.fvplp.com\/victoire\/wp-json\/wp\/v2\/comments?post=557"}],"version-history":[{"count":7,"href":"https:\/\/www.fvplp.com\/victoire\/wp-json\/wp\/v2\/posts\/557\/revisions"}],"predecessor-version":[{"id":568,"href":"https:\/\/www.fvplp.com\/victoire\/wp-json\/wp\/v2\/posts\/557\/revisions\/568"}],"wp:featuredmedia":[{"embeddable":true,"href":"https:\/\/www.fvplp.com\/victoire\/wp-json\/wp\/v2\/media\/544"}],"wp:attachment":[{"href":"https:\/\/www.fvplp.com\/victoire\/wp-json\/wp\/v2\/media?parent=557"}],"wp:term":[{"taxonomy":"category","embeddable":true,"href":"https:\/\/www.fvplp.com\/victoire\/wp-json\/wp\/v2\/categories?post=557"},{"taxonomy":"post_tag","embeddable":true,"href":"https:\/\/www.fvplp.com\/victoire\/wp-json\/wp\/v2\/tags?post=557"}],"curies":[{"name":"wp","href":"https:\/\/api.w.org\/{rel}","templated":true}]}}