{"id":548,"date":"2026-01-09T18:44:09","date_gmt":"2026-01-09T17:44:09","guid":{"rendered":"https:\/\/www.fvplp.com\/victoire\/?p=548"},"modified":"2026-01-09T18:51:09","modified_gmt":"2026-01-09T17:51:09","slug":"manifestation-pacifique-16-janvier-parlement-europeen","status":"publish","type":"post","link":"https:\/\/www.fvplp.com\/victoire\/manifestation-pacifique-16-janvier-parlement-europeen\/","title":{"rendered":"Manifestation pacifique du 16 janvier devant le Parlement europ\u00e9en"},"content":{"rendered":"\r\n<div class=\"wp-block-media-text is-stacked-on-mobile is-vertically-aligned-top\" style=\"grid-template-columns: 24% auto;\">\r\n<figure class=\"wp-block-media-text__media\">\r\n<p><img loading=\"lazy\" decoding=\"async\" class=\"wp-image-544 \" title=\"Lib\u00e9rez Victoire Ingabire Umuhoza\" src=\"http:\/\/www.fvplp.com\/victoire\/wp-content\/uploads\/2025\/12\/Free-Victoire-Ingabire.jpg\" alt=\"Lib\u00e9rez Victoire Ingabire Umuhoza\" width=\"394\" height=\"587\" \/><\/p>\r\n<\/figure>\r\n<div class=\"wp-block-media-text__content\">\r\n<p>La Fondation Victoire pour la Paix, en collaboration avec la soci\u00e9t\u00e9 civile de la communaut\u00e9 rwandaise de Belgique, organise une manifestation pacifique le <strong>vendredi 16 janvier<\/strong>, de <strong>11h30 \u00e0 14h00<\/strong>, <strong>devant le Parlement europ\u00e9en \u00e0 Bruxelles<\/strong>. Cette mobilisation se tient le jour o\u00f9 la Cour supr\u00eame du Rwanda doit statuer sur l\u2019ill\u00e9galit\u00e9 de l\u2019arrestation de <strong>Mme Victoire Ingabire Umuhoza<\/strong>, figure majeure de l\u2019opposition d\u00e9mocratique rwandaise.<br \/>Par cette action citoyenne, les organisateurs appellent l\u2019Union europ\u00e9enne \u00e0 <strong>faire respecter ses propres r\u00e9solutions<\/strong>, \u00e0 agir en coh\u00e9rence avec les valeurs qu\u2019elle d\u00e9fend et \u00e0 utiliser ses leviers politiques et diplomatiques afin de <strong>mettre fin aux d\u00e9tentions arbitraires<\/strong> et promouvoir le respect des droits humains et de l\u2019\u00c9tat de droit.<br \/><br \/><a href=\"http:\/\/www.fvplp.com\/victoire\/wp-content\/uploads\/2026\/01\/Invitation_manifestation_16_janvier_Fondation_Victoire.pdf\" target=\"_blank\" rel=\"noopener\">Invitation_manifestation_16_janvier_Fondation_Victoire<\/a><\/p>\r\n<\/div>\r\n<\/div>\r\n","protected":false},"excerpt":{"rendered":"<p>La Fondation Victoire pour la Paix, en collaboration avec la soci\u00e9t\u00e9 civile de la communaut\u00e9 rwandaise de Belgique, organise une [&hellip;]<\/p>\n","protected":false},"author":1,"featured_media":544,"comment_status":"closed","ping_status":"open","sticky":false,"template":"","format":"standard","meta":{"_uag_custom_page_level_css":"","site-sidebar-layout":"default","site-content-layout":"","ast-site-content-layout":"default","site-content-style":"default","site-sidebar-style":"default","ast-global-header-display":"","ast-banner-title-visibility":"","ast-main-header-display":"","ast-hfb-above-header-display":"","ast-hfb-below-header-display":"","ast-hfb-mobile-header-display":"","site-post-title":"","ast-breadcrumbs-content":"","ast-featured-img":"","footer-sml-layout":"","ast-disable-related-posts":"","theme-transparent-header-meta":"default","adv-header-id-meta":"","stick-header-meta":"","header-above-stick-meta":"","header-main-stick-meta":"","header-below-stick-meta":"","astra-migrate-meta-layouts":"set","ast-page-background-enabled":"default","ast-page-background-meta":{"desktop":{"background-color":"var(--ast-global-color-5)","background-image":"","background-repeat":"repeat","background-position":"center center","background-size":"auto","background-attachment":"scroll","background-type":"","background-media":"","overlay-type":"","overlay-color":"","overlay-opacity":"","overlay-gradient":""},"tablet":{"background-color":"","background-image":"","background-repeat":"repeat","background-position":"center center","background-size":"auto","background-attachment":"scroll","background-type":"","background-media":"","overlay-type":"","overlay-color":"","overlay-opacity":"","overlay-gradient":""},"mobile":{"background-color":"","background-image":"","background-repeat":"repeat","background-position":"center center","background-size":"auto","background-attachment":"scroll","background-type":"","background-media":"","overlay-type":"","overlay-color":"","overlay-opacity":"","overlay-gradient":""}},"ast-content-background-meta":{"desktop":{"background-color":"var(--ast-global-color-4)","background-image":"","background-repeat":"repeat","background-position":"center center","background-size":"auto","background-attachment":"scroll","background-type":"","background-media":"","overlay-type":"","overlay-color":"","overlay-opacity":"","overlay-gradient":""},"tablet":{"background-color":"var(--ast-global-color-4)","background-image":"","background-repeat":"repeat","background-position":"center center","background-size":"auto","background-attachment":"scroll","background-type":"","background-media":"","overlay-type":"","overlay-color":"","overlay-opacity":"","overlay-gradient":""},"mobile":{"background-color":"var(--ast-global-color-4)","background-image":"","background-repeat":"repeat","background-position":"center center","background-size":"auto","background-attachment":"scroll","background-type":"","background-media":"","overlay-type":"","overlay-color":"","overlay-opacity":"","overlay-gradient":""}},"footnotes":""},"categories":[1],"tags":[],"class_list":["post-548","post","type-post","status-publish","format-standard","has-post-thumbnail","hentry","category-uncategorized"],"yoast_head":"<!-- This site is optimized with the Yoast SEO plugin v27.4 - https:\/\/yoast.com\/product\/yoast-seo-wordpress\/ -->\n<title>Manifestation pacifique du 16 janvier devant le Parlement europ\u00e9en |<\/title>\n<meta name=\"description\" content=\"Manifestation pacifique le 16 janvier devant le Parlement europ\u00e9en \u00e0 Bruxelles pour la lib\u00e9ration de Victoire Ingabire et le respect ...\" \/>\n<meta name=\"robots\" content=\"index, follow, max-snippet:-1, max-image-preview:large, max-video-preview:-1\" \/>\n<link rel=\"canonical\" href=\"https:\/\/www.fvplp.com\/victoire\/manifestation-pacifique-16-janvier-parlement-europeen\/\" \/>\n<meta property=\"og:locale\" content=\"fr_FR\" \/>\n<meta property=\"og:type\" content=\"article\" \/>\n<meta property=\"og:title\" content=\"Manifestation pacifique du 16 janvier devant le Parlement europ\u00e9en |\" \/>\n<meta property=\"og:description\" content=\"Manifestation pacifique le 16 janvier devant le Parlement europ\u00e9en \u00e0 Bruxelles pour la lib\u00e9ration de Victoire Ingabire et le respect ...\" \/>\n<meta property=\"og:url\" content=\"https:\/\/www.fvplp.com\/victoire\/manifestation-pacifique-16-janvier-parlement-europeen\/\" \/>\n<meta property=\"article:published_time\" content=\"2026-01-09T17:44:09+00:00\" \/>\n<meta property=\"article:modified_time\" content=\"2026-01-09T17:51:09+00:00\" \/>\n<meta property=\"og:image\" content=\"https:\/\/www.fvplp.com\/victoire\/wp-content\/uploads\/2025\/12\/Free-Victoire-Ingabire.jpg\" \/>\n\t<meta property=\"og:image:width\" content=\"821\" \/>\n\t<meta property=\"og:image:height\" content=\"807\" \/>\n\t<meta property=\"og:image:type\" content=\"image\/jpeg\" \/>\n<meta name=\"author\" content=\"mugabo\" \/>\n<meta name=\"twitter:card\" content=\"summary_large_image\" \/>\n<meta name=\"twitter:label1\" content=\"\u00c9crit par\" \/>\n\t<meta name=\"twitter:data1\" content=\"mugabo\" \/>\n\t<meta name=\"twitter:label2\" content=\"Dur\u00e9e de lecture estim\u00e9e\" \/>\n\t<meta name=\"twitter:data2\" content=\"1 minute\" \/>\n<script type=\"application\/ld+json\" class=\"yoast-schema-graph\">{\"@context\":\"https:\\\/\\\/schema.org\",\"@graph\":[{\"@type\":\"Article\",\"@id\":\"https:\\\/\\\/www.fvplp.com\\\/victoire\\\/manifestation-pacifique-16-janvier-parlement-europeen\\\/#article\",\"isPartOf\":{\"@id\":\"https:\\\/\\\/www.fvplp.com\\\/victoire\\\/manifestation-pacifique-16-janvier-parlement-europeen\\\/\"},\"author\":{\"name\":\"mugabo\",\"@id\":\"https:\\\/\\\/www.fvplp.com\\\/victoire\\\/#\\\/schema\\\/person\\\/648deca6b3b20cff967078a8cab9d343\"},\"headline\":\"Manifestation pacifique du 16 janvier devant le Parlement europ\u00e9en\",\"datePublished\":\"2026-01-09T17:44:09+00:00\",\"dateModified\":\"2026-01-09T17:51:09+00:00\",\"mainEntityOfPage\":{\"@id\":\"https:\\\/\\\/www.fvplp.com\\\/victoire\\\/manifestation-pacifique-16-janvier-parlement-europeen\\\/\"},\"wordCount\":140,\"publisher\":{\"@id\":\"https:\\\/\\\/www.fvplp.com\\\/victoire\\\/#organization\"},\"image\":{\"@id\":\"https:\\\/\\\/www.fvplp.com\\\/victoire\\\/manifestation-pacifique-16-janvier-parlement-europeen\\\/#primaryimage\"},\"thumbnailUrl\":\"https:\\\/\\\/www.fvplp.com\\\/victoire\\\/wp-content\\\/uploads\\\/2025\\\/12\\\/Free-Victoire-Ingabire.jpg\",\"articleSection\":[\"Uncategorized\"],\"inLanguage\":\"fr-FR\"},{\"@type\":\"WebPage\",\"@id\":\"https:\\\/\\\/www.fvplp.com\\\/victoire\\\/manifestation-pacifique-16-janvier-parlement-europeen\\\/\",\"url\":\"https:\\\/\\\/www.fvplp.com\\\/victoire\\\/manifestation-pacifique-16-janvier-parlement-europeen\\\/\",\"name\":\"Manifestation pacifique du 16 janvier devant le Parlement europ\u00e9en |\",\"isPartOf\":{\"@id\":\"https:\\\/\\\/www.fvplp.com\\\/victoire\\\/#website\"},\"primaryImageOfPage\":{\"@id\":\"https:\\\/\\\/www.fvplp.com\\\/victoire\\\/manifestation-pacifique-16-janvier-parlement-europeen\\\/#primaryimage\"},\"image\":{\"@id\":\"https:\\\/\\\/www.fvplp.com\\\/victoire\\\/manifestation-pacifique-16-janvier-parlement-europeen\\\/#primaryimage\"},\"thumbnailUrl\":\"https:\\\/\\\/www.fvplp.com\\\/victoire\\\/wp-content\\\/uploads\\\/2025\\\/12\\\/Free-Victoire-Ingabire.jpg\",\"datePublished\":\"2026-01-09T17:44:09+00:00\",\"dateModified\":\"2026-01-09T17:51:09+00:00\",\"description\":\"Manifestation pacifique le 16 janvier devant le Parlement europ\u00e9en \u00e0 Bruxelles pour la lib\u00e9ration de Victoire Ingabire et le respect ...\",\"breadcrumb\":{\"@id\":\"https:\\\/\\\/www.fvplp.com\\\/victoire\\\/manifestation-pacifique-16-janvier-parlement-europeen\\\/#breadcrumb\"},\"inLanguage\":\"fr-FR\",\"potentialAction\":[{\"@type\":\"ReadAction\",\"target\":[\"https:\\\/\\\/www.fvplp.com\\\/victoire\\\/manifestation-pacifique-16-janvier-parlement-europeen\\\/\"]}]},{\"@type\":\"ImageObject\",\"inLanguage\":\"fr-FR\",\"@id\":\"https:\\\/\\\/www.fvplp.com\\\/victoire\\\/manifestation-pacifique-16-janvier-parlement-europeen\\\/#primaryimage\",\"url\":\"https:\\\/\\\/www.fvplp.com\\\/victoire\\\/wp-content\\\/uploads\\\/2025\\\/12\\\/Free-Victoire-Ingabire.jpg\",\"contentUrl\":\"https:\\\/\\\/www.fvplp.com\\\/victoire\\\/wp-content\\\/uploads\\\/2025\\\/12\\\/Free-Victoire-Ingabire.jpg\",\"width\":821,\"height\":807},{\"@type\":\"BreadcrumbList\",\"@id\":\"https:\\\/\\\/www.fvplp.com\\\/victoire\\\/manifestation-pacifique-16-janvier-parlement-europeen\\\/#breadcrumb\",\"itemListElement\":[{\"@type\":\"ListItem\",\"position\":1,\"name\":\"Accueil\",\"item\":\"https:\\\/\\\/www.fvplp.com\\\/victoire\\\/\"},{\"@type\":\"ListItem\",\"position\":2,\"name\":\"Manifestation pacifique du 16 janvier devant le Parlement europ\u00e9en\"}]},{\"@type\":\"WebSite\",\"@id\":\"https:\\\/\\\/www.fvplp.com\\\/victoire\\\/#website\",\"url\":\"https:\\\/\\\/www.fvplp.com\\\/victoire\\\/\",\"name\":\"Fondation Victoire pour la Paix\",\"description\":\"Fondation Victoire Pour La Paix\",\"publisher\":{\"@id\":\"https:\\\/\\\/www.fvplp.com\\\/victoire\\\/#organization\"},\"alternateName\":\"Fondation Victoire pour la Paix\",\"potentialAction\":[{\"@type\":\"SearchAction\",\"target\":{\"@type\":\"EntryPoint\",\"urlTemplate\":\"https:\\\/\\\/www.fvplp.com\\\/victoire\\\/?s={search_term_string}\"},\"query-input\":{\"@type\":\"PropertyValueSpecification\",\"valueRequired\":true,\"valueName\":\"search_term_string\"}}],\"inLanguage\":\"fr-FR\"},{\"@type\":\"Organization\",\"@id\":\"https:\\\/\\\/www.fvplp.com\\\/victoire\\\/#organization\",\"name\":\"Fondation Victoire pour la Paix\",\"url\":\"https:\\\/\\\/www.fvplp.com\\\/victoire\\\/\",\"logo\":{\"@type\":\"ImageObject\",\"inLanguage\":\"fr-FR\",\"@id\":\"https:\\\/\\\/www.fvplp.com\\\/victoire\\\/#\\\/schema\\\/logo\\\/image\\\/\",\"url\":\"https:\\\/\\\/www.fvplp.com\\\/victoire\\\/wp-content\\\/uploads\\\/2025\\\/01\\\/cropped-cropped-new-logo.png\",\"contentUrl\":\"https:\\\/\\\/www.fvplp.com\\\/victoire\\\/wp-content\\\/uploads\\\/2025\\\/01\\\/cropped-cropped-new-logo.png\",\"width\":295,\"height\":125,\"caption\":\"Fondation Victoire pour la Paix\"},\"image\":{\"@id\":\"https:\\\/\\\/www.fvplp.com\\\/victoire\\\/#\\\/schema\\\/logo\\\/image\\\/\"}},{\"@type\":\"Person\",\"@id\":\"https:\\\/\\\/www.fvplp.com\\\/victoire\\\/#\\\/schema\\\/person\\\/648deca6b3b20cff967078a8cab9d343\",\"name\":\"mugabo\",\"image\":{\"@type\":\"ImageObject\",\"inLanguage\":\"fr-FR\",\"@id\":\"https:\\\/\\\/secure.gravatar.com\\\/avatar\\\/332f5e7209bda5c3e316f358bdfa8e5831f8a5a83a8e45b9d31218bc0ef4c5b4?s=96&d=mm&r=g\",\"url\":\"https:\\\/\\\/secure.gravatar.com\\\/avatar\\\/332f5e7209bda5c3e316f358bdfa8e5831f8a5a83a8e45b9d31218bc0ef4c5b4?s=96&d=mm&r=g\",\"contentUrl\":\"https:\\\/\\\/secure.gravatar.com\\\/avatar\\\/332f5e7209bda5c3e316f358bdfa8e5831f8a5a83a8e45b9d31218bc0ef4c5b4?s=96&d=mm&r=g\",\"caption\":\"mugabo\"},\"sameAs\":[\"http:\\\/\\\/www.fvplp.com\\\/victoire\"]}]}<\/script>\n<!-- \/ Yoast SEO plugin. -->","yoast_head_json":{"title":"Manifestation pacifique du 16 janvier devant le Parlement europ\u00e9en |","description":"Manifestation pacifique le 16 janvier devant le Parlement europ\u00e9en \u00e0 Bruxelles pour la lib\u00e9ration de Victoire Ingabire et le respect ...","robots":{"index":"index","follow":"follow","max-snippet":"max-snippet:-1","max-image-preview":"max-image-preview:large","max-video-preview":"max-video-preview:-1"},"canonical":"https:\/\/www.fvplp.com\/victoire\/manifestation-pacifique-16-janvier-parlement-europeen\/","og_locale":"fr_FR","og_type":"article","og_title":"Manifestation pacifique du 16 janvier devant le Parlement europ\u00e9en |","og_description":"Manifestation pacifique le 16 janvier devant le Parlement europ\u00e9en \u00e0 Bruxelles pour la lib\u00e9ration de Victoire Ingabire et le respect ...","og_url":"https:\/\/www.fvplp.com\/victoire\/manifestation-pacifique-16-janvier-parlement-europeen\/","article_published_time":"2026-01-09T17:44:09+00:00","article_modified_time":"2026-01-09T17:51:09+00:00","og_image":[{"width":821,"height":807,"url":"https:\/\/www.fvplp.com\/victoire\/wp-content\/uploads\/2025\/12\/Free-Victoire-Ingabire.jpg","type":"image\/jpeg"}],"author":"mugabo","twitter_card":"summary_large_image","twitter_misc":{"\u00c9crit par":"mugabo","Dur\u00e9e de lecture estim\u00e9e":"1 minute"},"schema":{"@context":"https:\/\/schema.org","@graph":[{"@type":"Article","@id":"https:\/\/www.fvplp.com\/victoire\/manifestation-pacifique-16-janvier-parlement-europeen\/#article","isPartOf":{"@id":"https:\/\/www.fvplp.com\/victoire\/manifestation-pacifique-16-janvier-parlement-europeen\/"},"author":{"name":"mugabo","@id":"https:\/\/www.fvplp.com\/victoire\/#\/schema\/person\/648deca6b3b20cff967078a8cab9d343"},"headline":"Manifestation pacifique du 16 janvier devant le Parlement europ\u00e9en","datePublished":"2026-01-09T17:44:09+00:00","dateModified":"2026-01-09T17:51:09+00:00","mainEntityOfPage":{"@id":"https:\/\/www.fvplp.com\/victoire\/manifestation-pacifique-16-janvier-parlement-europeen\/"},"wordCount":140,"publisher":{"@id":"https:\/\/www.fvplp.com\/victoire\/#organization"},"image":{"@id":"https:\/\/www.fvplp.com\/victoire\/manifestation-pacifique-16-janvier-parlement-europeen\/#primaryimage"},"thumbnailUrl":"https:\/\/www.fvplp.com\/victoire\/wp-content\/uploads\/2025\/12\/Free-Victoire-Ingabire.jpg","articleSection":["Uncategorized"],"inLanguage":"fr-FR"},{"@type":"WebPage","@id":"https:\/\/www.fvplp.com\/victoire\/manifestation-pacifique-16-janvier-parlement-europeen\/","url":"https:\/\/www.fvplp.com\/victoire\/manifestation-pacifique-16-janvier-parlement-europeen\/","name":"Manifestation pacifique du 16 janvier devant le Parlement europ\u00e9en |","isPartOf":{"@id":"https:\/\/www.fvplp.com\/victoire\/#website"},"primaryImageOfPage":{"@id":"https:\/\/www.fvplp.com\/victoire\/manifestation-pacifique-16-janvier-parlement-europeen\/#primaryimage"},"image":{"@id":"https:\/\/www.fvplp.com\/victoire\/manifestation-pacifique-16-janvier-parlement-europeen\/#primaryimage"},"thumbnailUrl":"https:\/\/www.fvplp.com\/victoire\/wp-content\/uploads\/2025\/12\/Free-Victoire-Ingabire.jpg","datePublished":"2026-01-09T17:44:09+00:00","dateModified":"2026-01-09T17:51:09+00:00","description":"Manifestation pacifique le 16 janvier devant le Parlement europ\u00e9en \u00e0 Bruxelles pour la lib\u00e9ration de Victoire Ingabire et le respect ...","breadcrumb":{"@id":"https:\/\/www.fvplp.com\/victoire\/manifestation-pacifique-16-janvier-parlement-europeen\/#breadcrumb"},"inLanguage":"fr-FR","potentialAction":[{"@type":"ReadAction","target":["https:\/\/www.fvplp.com\/victoire\/manifestation-pacifique-16-janvier-parlement-europeen\/"]}]},{"@type":"ImageObject","inLanguage":"fr-FR","@id":"https:\/\/www.fvplp.com\/victoire\/manifestation-pacifique-16-janvier-parlement-europeen\/#primaryimage","url":"https:\/\/www.fvplp.com\/victoire\/wp-content\/uploads\/2025\/12\/Free-Victoire-Ingabire.jpg","contentUrl":"https:\/\/www.fvplp.com\/victoire\/wp-content\/uploads\/2025\/12\/Free-Victoire-Ingabire.jpg","width":821,"height":807},{"@type":"BreadcrumbList","@id":"https:\/\/www.fvplp.com\/victoire\/manifestation-pacifique-16-janvier-parlement-europeen\/#breadcrumb","itemListElement":[{"@type":"ListItem","position":1,"name":"Accueil","item":"https:\/\/www.fvplp.com\/victoire\/"},{"@type":"ListItem","position":2,"name":"Manifestation pacifique du 16 janvier devant le Parlement europ\u00e9en"}]},{"@type":"WebSite","@id":"https:\/\/www.fvplp.com\/victoire\/#website","url":"https:\/\/www.fvplp.com\/victoire\/","name":"Fondation Victoire pour la Paix","description":"Fondation Victoire Pour La Paix","publisher":{"@id":"https:\/\/www.fvplp.com\/victoire\/#organization"},"alternateName":"Fondation Victoire pour la Paix","potentialAction":[{"@type":"SearchAction","target":{"@type":"EntryPoint","urlTemplate":"https:\/\/www.fvplp.com\/victoire\/?s={search_term_string}"},"query-input":{"@type":"PropertyValueSpecification","valueRequired":true,"valueName":"search_term_string"}}],"inLanguage":"fr-FR"},{"@type":"Organization","@id":"https:\/\/www.fvplp.com\/victoire\/#organization","name":"Fondation Victoire pour la Paix","url":"https:\/\/www.fvplp.com\/victoire\/","logo":{"@type":"ImageObject","inLanguage":"fr-FR","@id":"https:\/\/www.fvplp.com\/victoire\/#\/schema\/logo\/image\/","url":"https:\/\/www.fvplp.com\/victoire\/wp-content\/uploads\/2025\/01\/cropped-cropped-new-logo.png","contentUrl":"https:\/\/www.fvplp.com\/victoire\/wp-content\/uploads\/2025\/01\/cropped-cropped-new-logo.png","width":295,"height":125,"caption":"Fondation Victoire pour la Paix"},"image":{"@id":"https:\/\/www.fvplp.com\/victoire\/#\/schema\/logo\/image\/"}},{"@type":"Person","@id":"https:\/\/www.fvplp.com\/victoire\/#\/schema\/person\/648deca6b3b20cff967078a8cab9d343","name":"mugabo","image":{"@type":"ImageObject","inLanguage":"fr-FR","@id":"https:\/\/secure.gravatar.com\/avatar\/332f5e7209bda5c3e316f358bdfa8e5831f8a5a83a8e45b9d31218bc0ef4c5b4?s=96&d=mm&r=g","url":"https:\/\/secure.gravatar.com\/avatar\/332f5e7209bda5c3e316f358bdfa8e5831f8a5a83a8e45b9d31218bc0ef4c5b4?s=96&d=mm&r=g","contentUrl":"https:\/\/secure.gravatar.com\/avatar\/332f5e7209bda5c3e316f358bdfa8e5831f8a5a83a8e45b9d31218bc0ef4c5b4?s=96&d=mm&r=g","caption":"mugabo"},"sameAs":["http:\/\/www.fvplp.com\/victoire"]}]}},"uagb_featured_image_src":{"full":["https:\/\/www.fvplp.com\/victoire\/wp-content\/uploads\/2025\/12\/Free-Victoire-Ingabire.jpg",821,807,false],"thumbnail":["https:\/\/www.fvplp.com\/victoire\/wp-content\/uploads\/2025\/12\/Free-Victoire-Ingabire-150x150.jpg",150,150,true],"medium":["https:\/\/www.fvplp.com\/victoire\/wp-content\/uploads\/2025\/12\/Free-Victoire-Ingabire-300x295.jpg",300,295,true],"medium_large":["https:\/\/www.fvplp.com\/victoire\/wp-content\/uploads\/2025\/12\/Free-Victoire-Ingabire-768x755.jpg",768,755,true],"large":["https:\/\/www.fvplp.com\/victoire\/wp-content\/uploads\/2025\/12\/Free-Victoire-Ingabire.jpg",821,807,false],"1536x1536":["https:\/\/www.fvplp.com\/victoire\/wp-content\/uploads\/2025\/12\/Free-Victoire-Ingabire.jpg",821,807,false],"2048x2048":["https:\/\/www.fvplp.com\/victoire\/wp-content\/uploads\/2025\/12\/Free-Victoire-Ingabire.jpg",821,807,false]},"uagb_author_info":{"display_name":"mugabo","author_link":"https:\/\/www.fvplp.com\/victoire\/author\/mugabo\/"},"uagb_comment_info":0,"uagb_excerpt":"La Fondation Victoire pour la Paix, en collaboration avec la soci\u00e9t\u00e9 civile de la communaut\u00e9 rwandaise de Belgique, organise une [&hellip;]","_links":{"self":[{"href":"https:\/\/www.fvplp.com\/victoire\/wp-json\/wp\/v2\/posts\/548","targetHints":{"allow":["GET"]}}],"collection":[{"href":"https:\/\/www.fvplp.com\/victoire\/wp-json\/wp\/v2\/posts"}],"about":[{"href":"https:\/\/www.fvplp.com\/victoire\/wp-json\/wp\/v2\/types\/post"}],"author":[{"embeddable":true,"href":"https:\/\/www.fvplp.com\/victoire\/wp-json\/wp\/v2\/users\/1"}],"replies":[{"embeddable":true,"href":"https:\/\/www.fvplp.com\/victoire\/wp-json\/wp\/v2\/comments?post=548"}],"version-history":[{"count":5,"href":"https:\/\/www.fvplp.com\/victoire\/wp-json\/wp\/v2\/posts\/548\/revisions"}],"predecessor-version":[{"id":554,"href":"https:\/\/www.fvplp.com\/victoire\/wp-json\/wp\/v2\/posts\/548\/revisions\/554"}],"wp:featuredmedia":[{"embeddable":true,"href":"https:\/\/www.fvplp.com\/victoire\/wp-json\/wp\/v2\/media\/544"}],"wp:attachment":[{"href":"https:\/\/www.fvplp.com\/victoire\/wp-json\/wp\/v2\/media?parent=548"}],"wp:term":[{"taxonomy":"category","embeddable":true,"href":"https:\/\/www.fvplp.com\/victoire\/wp-json\/wp\/v2\/categories?post=548"},{"taxonomy":"post_tag","embeddable":true,"href":"https:\/\/www.fvplp.com\/victoire\/wp-json\/wp\/v2\/tags?post=548"}],"curies":[{"name":"wp","href":"https:\/\/api.w.org\/{rel}","templated":true}]}}