{"id":543,"date":"2025-12-12T11:17:04","date_gmt":"2025-12-12T10:17:04","guid":{"rendered":"https:\/\/www.fvplp.com\/victoire\/?p=543"},"modified":"2025-12-12T11:20:33","modified_gmt":"2025-12-12T10:20:33","slug":"violations-droits-politiques-rwanda","status":"publish","type":"post","link":"https:\/\/www.fvplp.com\/victoire\/violations-droits-politiques-rwanda\/","title":{"rendered":"D\u00e9noncez des d\u00e9cennies de violations des droits politiques et civils au Rwanda."},"content":{"rendered":"\r\n<div class=\"wp-block-media-text is-stacked-on-mobile is-vertically-aligned-top\" style=\"grid-template-columns: 30% auto;\">\r\n<figure class=\"wp-block-media-text__media\"><img loading=\"lazy\" decoding=\"async\" width=\"821\" height=\"807\" class=\"wp-image-544 size-full\" src=\"https:\/\/www.fvplp.com\/victoire\/wp-content\/uploads\/2025\/12\/Free-Victoire-Ingabire.jpg\" alt=\"\" srcset=\"https:\/\/www.fvplp.com\/victoire\/wp-content\/uploads\/2025\/12\/Free-Victoire-Ingabire.jpg 821w, https:\/\/www.fvplp.com\/victoire\/wp-content\/uploads\/2025\/12\/Free-Victoire-Ingabire-300x295.jpg 300w, https:\/\/www.fvplp.com\/victoire\/wp-content\/uploads\/2025\/12\/Free-Victoire-Ingabire-768x755.jpg 768w\" sizes=\"auto, (max-width: 821px) 100vw, 821px\" \/><\/figure>\r\n<div class=\"wp-block-media-text__content\">\r\n<p>\u00c0 l&rsquo;occasion de la Journ\u00e9e internationale des droits de l&rsquo;homme, cet article dresse un bilan accablant de la situation au Rwanda, d\u00e9non\u00e7ant l&rsquo;\u00e9touffement syst\u00e9matique de l&rsquo;opposition et de la soci\u00e9t\u00e9 civile. La Fondation Victoire pour la Paix y exhorte la communaut\u00e9 internationale \u00e0 sortir de son indiff\u00e9rence pour exiger le respect des libert\u00e9s fondamentales et la fin des d\u00e9tentions arbitraires, rappelant qu&rsquo;il n&rsquo;y a pas de paix durable sans v\u00e9ritable justice.<br \/><br \/>Lire l&rsquo;article complet sur : <a href=\"https:\/\/blogs.mediapart.fr\/fondation-victoire-pour-la-paix\/blog\/101225\/denoncez-des-decennies-de-violations-des-droits-politiques-et-civils-au-rwanda\" target=\"_blank\" rel=\"noreferrer noopener\">https:\/\/blogs.mediapart.fr\/fondation-victoire-pour-la-paix\/blog\/101225\/denoncez-des-decennies-de-violations-des-droits-politiques-et-civils-au-rwanda<\/a><br \/><br \/><\/p>\r\n<\/div>\r\n<\/div>\r\n","protected":false},"excerpt":{"rendered":"<p>\u00c0 l&rsquo;occasion de la Journ\u00e9e internationale des droits de l&rsquo;homme, cet article dresse un bilan accablant de la situation au [&hellip;]<\/p>\n","protected":false},"author":1,"featured_media":544,"comment_status":"closed","ping_status":"open","sticky":false,"template":"","format":"standard","meta":{"_uag_custom_page_level_css":"","site-sidebar-layout":"default","site-content-layout":"","ast-site-content-layout":"default","site-content-style":"default","site-sidebar-style":"default","ast-global-header-display":"","ast-banner-title-visibility":"","ast-main-header-display":"","ast-hfb-above-header-display":"","ast-hfb-below-header-display":"","ast-hfb-mobile-header-display":"","site-post-title":"","ast-breadcrumbs-content":"","ast-featured-img":"","footer-sml-layout":"","ast-disable-related-posts":"","theme-transparent-header-meta":"default","adv-header-id-meta":"","stick-header-meta":"","header-above-stick-meta":"","header-main-stick-meta":"","header-below-stick-meta":"","astra-migrate-meta-layouts":"set","ast-page-background-enabled":"default","ast-page-background-meta":{"desktop":{"background-color":"var(--ast-global-color-5)","background-image":"","background-repeat":"repeat","background-position":"center center","background-size":"auto","background-attachment":"scroll","background-type":"","background-media":"","overlay-type":"","overlay-color":"","overlay-opacity":"","overlay-gradient":""},"tablet":{"background-color":"","background-image":"","background-repeat":"repeat","background-position":"center center","background-size":"auto","background-attachment":"scroll","background-type":"","background-media":"","overlay-type":"","overlay-color":"","overlay-opacity":"","overlay-gradient":""},"mobile":{"background-color":"","background-image":"","background-repeat":"repeat","background-position":"center center","background-size":"auto","background-attachment":"scroll","background-type":"","background-media":"","overlay-type":"","overlay-color":"","overlay-opacity":"","overlay-gradient":""}},"ast-content-background-meta":{"desktop":{"background-color":"var(--ast-global-color-4)","background-image":"","background-repeat":"repeat","background-position":"center center","background-size":"auto","background-attachment":"scroll","background-type":"","background-media":"","overlay-type":"","overlay-color":"","overlay-opacity":"","overlay-gradient":""},"tablet":{"background-color":"var(--ast-global-color-4)","background-image":"","background-repeat":"repeat","background-position":"center center","background-size":"auto","background-attachment":"scroll","background-type":"","background-media":"","overlay-type":"","overlay-color":"","overlay-opacity":"","overlay-gradient":""},"mobile":{"background-color":"var(--ast-global-color-4)","background-image":"","background-repeat":"repeat","background-position":"center center","background-size":"auto","background-attachment":"scroll","background-type":"","background-media":"","overlay-type":"","overlay-color":"","overlay-opacity":"","overlay-gradient":""}},"footnotes":""},"categories":[1],"tags":[],"class_list":["post-543","post","type-post","status-publish","format-standard","has-post-thumbnail","hentry","category-uncategorized"],"yoast_head":"<!-- This site is optimized with the Yoast SEO plugin v27.4 - https:\/\/yoast.com\/product\/yoast-seo-wordpress\/ -->\n<title>D\u00e9noncez des d\u00e9cennies de violations des droits politiques et civils au Rwanda. |<\/title>\n<meta name=\"description\" content=\"D\u00e9couvrez l&#039;appel de la Fondation Victoire pour la Paix d\u00e9non\u00e7ant des d\u00e9cennies de r\u00e9pression politique au Rwanda. Un plaidoyer pour la liber\" \/>\n<meta name=\"robots\" content=\"index, follow, max-snippet:-1, max-image-preview:large, max-video-preview:-1\" \/>\n<link rel=\"canonical\" href=\"https:\/\/www.fvplp.com\/victoire\/violations-droits-politiques-rwanda\/\" \/>\n<meta property=\"og:locale\" content=\"fr_FR\" \/>\n<meta property=\"og:type\" content=\"article\" \/>\n<meta property=\"og:title\" content=\"D\u00e9noncez des d\u00e9cennies de violations des droits politiques et civils au Rwanda. |\" \/>\n<meta property=\"og:description\" content=\"D\u00e9couvrez l&#039;appel de la Fondation Victoire pour la Paix d\u00e9non\u00e7ant des d\u00e9cennies de r\u00e9pression politique au Rwanda. Un plaidoyer pour la liber\" \/>\n<meta property=\"og:url\" content=\"https:\/\/www.fvplp.com\/victoire\/violations-droits-politiques-rwanda\/\" \/>\n<meta property=\"article:published_time\" content=\"2025-12-12T10:17:04+00:00\" \/>\n<meta property=\"article:modified_time\" content=\"2025-12-12T10:20:33+00:00\" \/>\n<meta property=\"og:image\" content=\"https:\/\/www.fvplp.com\/victoire\/wp-content\/uploads\/2025\/12\/Free-Victoire-Ingabire.jpg\" \/>\n\t<meta property=\"og:image:width\" content=\"821\" \/>\n\t<meta property=\"og:image:height\" content=\"807\" \/>\n\t<meta property=\"og:image:type\" content=\"image\/jpeg\" \/>\n<meta name=\"author\" content=\"mugabo\" \/>\n<meta name=\"twitter:card\" content=\"summary_large_image\" \/>\n<meta name=\"twitter:label1\" content=\"\u00c9crit par\" \/>\n\t<meta name=\"twitter:data1\" content=\"mugabo\" \/>\n\t<meta name=\"twitter:label2\" content=\"Dur\u00e9e de lecture estim\u00e9e\" \/>\n\t<meta name=\"twitter:data2\" content=\"1 minute\" \/>\n<script type=\"application\/ld+json\" class=\"yoast-schema-graph\">{\"@context\":\"https:\\\/\\\/schema.org\",\"@graph\":[{\"@type\":\"Article\",\"@id\":\"https:\\\/\\\/www.fvplp.com\\\/victoire\\\/violations-droits-politiques-rwanda\\\/#article\",\"isPartOf\":{\"@id\":\"https:\\\/\\\/www.fvplp.com\\\/victoire\\\/violations-droits-politiques-rwanda\\\/\"},\"author\":{\"name\":\"mugabo\",\"@id\":\"https:\\\/\\\/www.fvplp.com\\\/victoire\\\/#\\\/schema\\\/person\\\/648deca6b3b20cff967078a8cab9d343\"},\"headline\":\"D\u00e9noncez des d\u00e9cennies de violations des droits politiques et civils au Rwanda.\",\"datePublished\":\"2025-12-12T10:17:04+00:00\",\"dateModified\":\"2025-12-12T10:20:33+00:00\",\"mainEntityOfPage\":{\"@id\":\"https:\\\/\\\/www.fvplp.com\\\/victoire\\\/violations-droits-politiques-rwanda\\\/\"},\"wordCount\":104,\"publisher\":{\"@id\":\"https:\\\/\\\/www.fvplp.com\\\/victoire\\\/#organization\"},\"image\":{\"@id\":\"https:\\\/\\\/www.fvplp.com\\\/victoire\\\/violations-droits-politiques-rwanda\\\/#primaryimage\"},\"thumbnailUrl\":\"https:\\\/\\\/www.fvplp.com\\\/victoire\\\/wp-content\\\/uploads\\\/2025\\\/12\\\/Free-Victoire-Ingabire.jpg\",\"articleSection\":[\"Uncategorized\"],\"inLanguage\":\"fr-FR\"},{\"@type\":\"WebPage\",\"@id\":\"https:\\\/\\\/www.fvplp.com\\\/victoire\\\/violations-droits-politiques-rwanda\\\/\",\"url\":\"https:\\\/\\\/www.fvplp.com\\\/victoire\\\/violations-droits-politiques-rwanda\\\/\",\"name\":\"D\u00e9noncez des d\u00e9cennies de violations des droits politiques et civils au Rwanda. |\",\"isPartOf\":{\"@id\":\"https:\\\/\\\/www.fvplp.com\\\/victoire\\\/#website\"},\"primaryImageOfPage\":{\"@id\":\"https:\\\/\\\/www.fvplp.com\\\/victoire\\\/violations-droits-politiques-rwanda\\\/#primaryimage\"},\"image\":{\"@id\":\"https:\\\/\\\/www.fvplp.com\\\/victoire\\\/violations-droits-politiques-rwanda\\\/#primaryimage\"},\"thumbnailUrl\":\"https:\\\/\\\/www.fvplp.com\\\/victoire\\\/wp-content\\\/uploads\\\/2025\\\/12\\\/Free-Victoire-Ingabire.jpg\",\"datePublished\":\"2025-12-12T10:17:04+00:00\",\"dateModified\":\"2025-12-12T10:20:33+00:00\",\"description\":\"D\u00e9couvrez l'appel de la Fondation Victoire pour la Paix d\u00e9non\u00e7ant des d\u00e9cennies de r\u00e9pression politique au Rwanda. Un plaidoyer pour la liber\",\"breadcrumb\":{\"@id\":\"https:\\\/\\\/www.fvplp.com\\\/victoire\\\/violations-droits-politiques-rwanda\\\/#breadcrumb\"},\"inLanguage\":\"fr-FR\",\"potentialAction\":[{\"@type\":\"ReadAction\",\"target\":[\"https:\\\/\\\/www.fvplp.com\\\/victoire\\\/violations-droits-politiques-rwanda\\\/\"]}]},{\"@type\":\"ImageObject\",\"inLanguage\":\"fr-FR\",\"@id\":\"https:\\\/\\\/www.fvplp.com\\\/victoire\\\/violations-droits-politiques-rwanda\\\/#primaryimage\",\"url\":\"https:\\\/\\\/www.fvplp.com\\\/victoire\\\/wp-content\\\/uploads\\\/2025\\\/12\\\/Free-Victoire-Ingabire.jpg\",\"contentUrl\":\"https:\\\/\\\/www.fvplp.com\\\/victoire\\\/wp-content\\\/uploads\\\/2025\\\/12\\\/Free-Victoire-Ingabire.jpg\",\"width\":821,\"height\":807},{\"@type\":\"BreadcrumbList\",\"@id\":\"https:\\\/\\\/www.fvplp.com\\\/victoire\\\/violations-droits-politiques-rwanda\\\/#breadcrumb\",\"itemListElement\":[{\"@type\":\"ListItem\",\"position\":1,\"name\":\"Accueil\",\"item\":\"https:\\\/\\\/www.fvplp.com\\\/victoire\\\/\"},{\"@type\":\"ListItem\",\"position\":2,\"name\":\"D\u00e9noncez des d\u00e9cennies de violations des droits politiques et civils au Rwanda.\"}]},{\"@type\":\"WebSite\",\"@id\":\"https:\\\/\\\/www.fvplp.com\\\/victoire\\\/#website\",\"url\":\"https:\\\/\\\/www.fvplp.com\\\/victoire\\\/\",\"name\":\"Fondation Victoire pour la Paix\",\"description\":\"Fondation Victoire Pour La Paix\",\"publisher\":{\"@id\":\"https:\\\/\\\/www.fvplp.com\\\/victoire\\\/#organization\"},\"alternateName\":\"Fondation Victoire pour la Paix\",\"potentialAction\":[{\"@type\":\"SearchAction\",\"target\":{\"@type\":\"EntryPoint\",\"urlTemplate\":\"https:\\\/\\\/www.fvplp.com\\\/victoire\\\/?s={search_term_string}\"},\"query-input\":{\"@type\":\"PropertyValueSpecification\",\"valueRequired\":true,\"valueName\":\"search_term_string\"}}],\"inLanguage\":\"fr-FR\"},{\"@type\":\"Organization\",\"@id\":\"https:\\\/\\\/www.fvplp.com\\\/victoire\\\/#organization\",\"name\":\"Fondation Victoire pour la Paix\",\"url\":\"https:\\\/\\\/www.fvplp.com\\\/victoire\\\/\",\"logo\":{\"@type\":\"ImageObject\",\"inLanguage\":\"fr-FR\",\"@id\":\"https:\\\/\\\/www.fvplp.com\\\/victoire\\\/#\\\/schema\\\/logo\\\/image\\\/\",\"url\":\"https:\\\/\\\/www.fvplp.com\\\/victoire\\\/wp-content\\\/uploads\\\/2025\\\/01\\\/cropped-cropped-new-logo.png\",\"contentUrl\":\"https:\\\/\\\/www.fvplp.com\\\/victoire\\\/wp-content\\\/uploads\\\/2025\\\/01\\\/cropped-cropped-new-logo.png\",\"width\":295,\"height\":125,\"caption\":\"Fondation Victoire pour la Paix\"},\"image\":{\"@id\":\"https:\\\/\\\/www.fvplp.com\\\/victoire\\\/#\\\/schema\\\/logo\\\/image\\\/\"}},{\"@type\":\"Person\",\"@id\":\"https:\\\/\\\/www.fvplp.com\\\/victoire\\\/#\\\/schema\\\/person\\\/648deca6b3b20cff967078a8cab9d343\",\"name\":\"mugabo\",\"image\":{\"@type\":\"ImageObject\",\"inLanguage\":\"fr-FR\",\"@id\":\"https:\\\/\\\/secure.gravatar.com\\\/avatar\\\/332f5e7209bda5c3e316f358bdfa8e5831f8a5a83a8e45b9d31218bc0ef4c5b4?s=96&d=mm&r=g\",\"url\":\"https:\\\/\\\/secure.gravatar.com\\\/avatar\\\/332f5e7209bda5c3e316f358bdfa8e5831f8a5a83a8e45b9d31218bc0ef4c5b4?s=96&d=mm&r=g\",\"contentUrl\":\"https:\\\/\\\/secure.gravatar.com\\\/avatar\\\/332f5e7209bda5c3e316f358bdfa8e5831f8a5a83a8e45b9d31218bc0ef4c5b4?s=96&d=mm&r=g\",\"caption\":\"mugabo\"},\"sameAs\":[\"http:\\\/\\\/www.fvplp.com\\\/victoire\"]}]}<\/script>\n<!-- \/ Yoast SEO plugin. -->","yoast_head_json":{"title":"D\u00e9noncez des d\u00e9cennies de violations des droits politiques et civils au Rwanda. |","description":"D\u00e9couvrez l'appel de la Fondation Victoire pour la Paix d\u00e9non\u00e7ant des d\u00e9cennies de r\u00e9pression politique au Rwanda. Un plaidoyer pour la liber","robots":{"index":"index","follow":"follow","max-snippet":"max-snippet:-1","max-image-preview":"max-image-preview:large","max-video-preview":"max-video-preview:-1"},"canonical":"https:\/\/www.fvplp.com\/victoire\/violations-droits-politiques-rwanda\/","og_locale":"fr_FR","og_type":"article","og_title":"D\u00e9noncez des d\u00e9cennies de violations des droits politiques et civils au Rwanda. |","og_description":"D\u00e9couvrez l'appel de la Fondation Victoire pour la Paix d\u00e9non\u00e7ant des d\u00e9cennies de r\u00e9pression politique au Rwanda. Un plaidoyer pour la liber","og_url":"https:\/\/www.fvplp.com\/victoire\/violations-droits-politiques-rwanda\/","article_published_time":"2025-12-12T10:17:04+00:00","article_modified_time":"2025-12-12T10:20:33+00:00","og_image":[{"width":821,"height":807,"url":"https:\/\/www.fvplp.com\/victoire\/wp-content\/uploads\/2025\/12\/Free-Victoire-Ingabire.jpg","type":"image\/jpeg"}],"author":"mugabo","twitter_card":"summary_large_image","twitter_misc":{"\u00c9crit par":"mugabo","Dur\u00e9e de lecture estim\u00e9e":"1 minute"},"schema":{"@context":"https:\/\/schema.org","@graph":[{"@type":"Article","@id":"https:\/\/www.fvplp.com\/victoire\/violations-droits-politiques-rwanda\/#article","isPartOf":{"@id":"https:\/\/www.fvplp.com\/victoire\/violations-droits-politiques-rwanda\/"},"author":{"name":"mugabo","@id":"https:\/\/www.fvplp.com\/victoire\/#\/schema\/person\/648deca6b3b20cff967078a8cab9d343"},"headline":"D\u00e9noncez des d\u00e9cennies de violations des droits politiques et civils au Rwanda.","datePublished":"2025-12-12T10:17:04+00:00","dateModified":"2025-12-12T10:20:33+00:00","mainEntityOfPage":{"@id":"https:\/\/www.fvplp.com\/victoire\/violations-droits-politiques-rwanda\/"},"wordCount":104,"publisher":{"@id":"https:\/\/www.fvplp.com\/victoire\/#organization"},"image":{"@id":"https:\/\/www.fvplp.com\/victoire\/violations-droits-politiques-rwanda\/#primaryimage"},"thumbnailUrl":"https:\/\/www.fvplp.com\/victoire\/wp-content\/uploads\/2025\/12\/Free-Victoire-Ingabire.jpg","articleSection":["Uncategorized"],"inLanguage":"fr-FR"},{"@type":"WebPage","@id":"https:\/\/www.fvplp.com\/victoire\/violations-droits-politiques-rwanda\/","url":"https:\/\/www.fvplp.com\/victoire\/violations-droits-politiques-rwanda\/","name":"D\u00e9noncez des d\u00e9cennies de violations des droits politiques et civils au Rwanda. |","isPartOf":{"@id":"https:\/\/www.fvplp.com\/victoire\/#website"},"primaryImageOfPage":{"@id":"https:\/\/www.fvplp.com\/victoire\/violations-droits-politiques-rwanda\/#primaryimage"},"image":{"@id":"https:\/\/www.fvplp.com\/victoire\/violations-droits-politiques-rwanda\/#primaryimage"},"thumbnailUrl":"https:\/\/www.fvplp.com\/victoire\/wp-content\/uploads\/2025\/12\/Free-Victoire-Ingabire.jpg","datePublished":"2025-12-12T10:17:04+00:00","dateModified":"2025-12-12T10:20:33+00:00","description":"D\u00e9couvrez l'appel de la Fondation Victoire pour la Paix d\u00e9non\u00e7ant des d\u00e9cennies de r\u00e9pression politique au Rwanda. Un plaidoyer pour la liber","breadcrumb":{"@id":"https:\/\/www.fvplp.com\/victoire\/violations-droits-politiques-rwanda\/#breadcrumb"},"inLanguage":"fr-FR","potentialAction":[{"@type":"ReadAction","target":["https:\/\/www.fvplp.com\/victoire\/violations-droits-politiques-rwanda\/"]}]},{"@type":"ImageObject","inLanguage":"fr-FR","@id":"https:\/\/www.fvplp.com\/victoire\/violations-droits-politiques-rwanda\/#primaryimage","url":"https:\/\/www.fvplp.com\/victoire\/wp-content\/uploads\/2025\/12\/Free-Victoire-Ingabire.jpg","contentUrl":"https:\/\/www.fvplp.com\/victoire\/wp-content\/uploads\/2025\/12\/Free-Victoire-Ingabire.jpg","width":821,"height":807},{"@type":"BreadcrumbList","@id":"https:\/\/www.fvplp.com\/victoire\/violations-droits-politiques-rwanda\/#breadcrumb","itemListElement":[{"@type":"ListItem","position":1,"name":"Accueil","item":"https:\/\/www.fvplp.com\/victoire\/"},{"@type":"ListItem","position":2,"name":"D\u00e9noncez des d\u00e9cennies de violations des droits politiques et civils au Rwanda."}]},{"@type":"WebSite","@id":"https:\/\/www.fvplp.com\/victoire\/#website","url":"https:\/\/www.fvplp.com\/victoire\/","name":"Fondation Victoire pour la Paix","description":"Fondation Victoire Pour La Paix","publisher":{"@id":"https:\/\/www.fvplp.com\/victoire\/#organization"},"alternateName":"Fondation Victoire pour la Paix","potentialAction":[{"@type":"SearchAction","target":{"@type":"EntryPoint","urlTemplate":"https:\/\/www.fvplp.com\/victoire\/?s={search_term_string}"},"query-input":{"@type":"PropertyValueSpecification","valueRequired":true,"valueName":"search_term_string"}}],"inLanguage":"fr-FR"},{"@type":"Organization","@id":"https:\/\/www.fvplp.com\/victoire\/#organization","name":"Fondation Victoire pour la Paix","url":"https:\/\/www.fvplp.com\/victoire\/","logo":{"@type":"ImageObject","inLanguage":"fr-FR","@id":"https:\/\/www.fvplp.com\/victoire\/#\/schema\/logo\/image\/","url":"https:\/\/www.fvplp.com\/victoire\/wp-content\/uploads\/2025\/01\/cropped-cropped-new-logo.png","contentUrl":"https:\/\/www.fvplp.com\/victoire\/wp-content\/uploads\/2025\/01\/cropped-cropped-new-logo.png","width":295,"height":125,"caption":"Fondation Victoire pour la Paix"},"image":{"@id":"https:\/\/www.fvplp.com\/victoire\/#\/schema\/logo\/image\/"}},{"@type":"Person","@id":"https:\/\/www.fvplp.com\/victoire\/#\/schema\/person\/648deca6b3b20cff967078a8cab9d343","name":"mugabo","image":{"@type":"ImageObject","inLanguage":"fr-FR","@id":"https:\/\/secure.gravatar.com\/avatar\/332f5e7209bda5c3e316f358bdfa8e5831f8a5a83a8e45b9d31218bc0ef4c5b4?s=96&d=mm&r=g","url":"https:\/\/secure.gravatar.com\/avatar\/332f5e7209bda5c3e316f358bdfa8e5831f8a5a83a8e45b9d31218bc0ef4c5b4?s=96&d=mm&r=g","contentUrl":"https:\/\/secure.gravatar.com\/avatar\/332f5e7209bda5c3e316f358bdfa8e5831f8a5a83a8e45b9d31218bc0ef4c5b4?s=96&d=mm&r=g","caption":"mugabo"},"sameAs":["http:\/\/www.fvplp.com\/victoire"]}]}},"uagb_featured_image_src":{"full":["https:\/\/www.fvplp.com\/victoire\/wp-content\/uploads\/2025\/12\/Free-Victoire-Ingabire.jpg",821,807,false],"thumbnail":["https:\/\/www.fvplp.com\/victoire\/wp-content\/uploads\/2025\/12\/Free-Victoire-Ingabire-150x150.jpg",150,150,true],"medium":["https:\/\/www.fvplp.com\/victoire\/wp-content\/uploads\/2025\/12\/Free-Victoire-Ingabire-300x295.jpg",300,295,true],"medium_large":["https:\/\/www.fvplp.com\/victoire\/wp-content\/uploads\/2025\/12\/Free-Victoire-Ingabire-768x755.jpg",768,755,true],"large":["https:\/\/www.fvplp.com\/victoire\/wp-content\/uploads\/2025\/12\/Free-Victoire-Ingabire.jpg",821,807,false],"1536x1536":["https:\/\/www.fvplp.com\/victoire\/wp-content\/uploads\/2025\/12\/Free-Victoire-Ingabire.jpg",821,807,false],"2048x2048":["https:\/\/www.fvplp.com\/victoire\/wp-content\/uploads\/2025\/12\/Free-Victoire-Ingabire.jpg",821,807,false]},"uagb_author_info":{"display_name":"mugabo","author_link":"https:\/\/www.fvplp.com\/victoire\/author\/mugabo\/"},"uagb_comment_info":0,"uagb_excerpt":"\u00c0 l&rsquo;occasion de la Journ\u00e9e internationale des droits de l&rsquo;homme, cet article dresse un bilan accablant de la situation au [&hellip;]","_links":{"self":[{"href":"https:\/\/www.fvplp.com\/victoire\/wp-json\/wp\/v2\/posts\/543","targetHints":{"allow":["GET"]}}],"collection":[{"href":"https:\/\/www.fvplp.com\/victoire\/wp-json\/wp\/v2\/posts"}],"about":[{"href":"https:\/\/www.fvplp.com\/victoire\/wp-json\/wp\/v2\/types\/post"}],"author":[{"embeddable":true,"href":"https:\/\/www.fvplp.com\/victoire\/wp-json\/wp\/v2\/users\/1"}],"replies":[{"embeddable":true,"href":"https:\/\/www.fvplp.com\/victoire\/wp-json\/wp\/v2\/comments?post=543"}],"version-history":[{"count":2,"href":"https:\/\/www.fvplp.com\/victoire\/wp-json\/wp\/v2\/posts\/543\/revisions"}],"predecessor-version":[{"id":546,"href":"https:\/\/www.fvplp.com\/victoire\/wp-json\/wp\/v2\/posts\/543\/revisions\/546"}],"wp:featuredmedia":[{"embeddable":true,"href":"https:\/\/www.fvplp.com\/victoire\/wp-json\/wp\/v2\/media\/544"}],"wp:attachment":[{"href":"https:\/\/www.fvplp.com\/victoire\/wp-json\/wp\/v2\/media?parent=543"}],"wp:term":[{"taxonomy":"category","embeddable":true,"href":"https:\/\/www.fvplp.com\/victoire\/wp-json\/wp\/v2\/categories?post=543"},{"taxonomy":"post_tag","embeddable":true,"href":"https:\/\/www.fvplp.com\/victoire\/wp-json\/wp\/v2\/tags?post=543"}],"curies":[{"name":"wp","href":"https:\/\/api.w.org\/{rel}","templated":true}]}}