{"id":538,"date":"2025-12-12T11:00:28","date_gmt":"2025-12-12T10:00:28","guid":{"rendered":"https:\/\/www.fvplp.com\/victoire\/?p=538"},"modified":"2025-12-12T11:01:58","modified_gmt":"2025-12-12T10:01:58","slug":"remy-amahirwa-interview-free-victoire-ingabire","status":"publish","type":"post","link":"https:\/\/www.fvplp.com\/victoire\/remy-amahirwa-interview-free-victoire-ingabire\/","title":{"rendered":"A Son\u2019s Fight for Justice: R\u00e9my Amahirwa Speaks Out to Free Victoire Ingabire"},"content":{"rendered":"\r\n<div class=\"wp-block-media-text is-stacked-on-mobile is-vertically-aligned-top\" style=\"grid-template-columns: 30% auto;\">\r\n<figure class=\"wp-block-media-text__media\"><img loading=\"lazy\" decoding=\"async\" width=\"200\" height=\"252\" class=\"wp-image-539 size-full\" src=\"https:\/\/www.fvplp.com\/victoire\/wp-content\/uploads\/2025\/12\/Remy-Amahirwa.jpg\" alt=\"\" \/><\/figure>\r\n<div class=\"wp-block-media-text__content\">\r\n<p><strong>A Poignant Testimony in the Face of Injustice<\/strong> In this exclusive and heart-wrenching interview, R\u00e9my Amahirwa, son of Victoire Ingabire, breaks the silence regarding the relentless persecution his mother faces, currently re-incarcerated in Nyarugenge prison since June. With remarkable dignity, he exposes the pain of a family separated by exile and arbitrary detention for over fifteen years, while methodically deconstructing the baseless accusations of \u00ab\u00a0insurrection\u00a0\u00bb brought against her. R\u00e9my offers an intimate look at the resilience of Victoire, a maternal and political figure who, despite threats and imprisonment, refuses to abandon her peaceful fight for freedom of expression and the rule of law in Rwanda.<\/p>\r\n<p><br \/><strong>A Call for International Mobilization and Youth Action<\/strong> Beyond the family tragedy, this video serves as a vibrant call to the international community and the new Rwandan generation. R\u00e9my highlights the vital importance of external support\u2014from institutions like the UN and the EU to civil society activists\u2014asserting that only collective pressure can push back against oppression. He shares his vision of a reconciled Rwanda, where the youth refuse to inherit the ethnic divisions of the past in order to build a democratic future. An essential intervention that reminds us of the urgency of our struggle: the immediate and unconditional release of Victoire Ingabire.<br \/><br \/><strong>Watch the video on the Real Talk Channel on YouTube:<\/strong> <a href=\"https:\/\/www.youtube.com\/watch?v=nXgAc9eCPVs\" target=\"_blank\" rel=\"noreferrer noopener\">https:\/\/www.youtube.com\/watch?v=nXgAc9eCPVs<\/a><\/p>\r\n<\/div>\r\n<\/div>\r\n","protected":false},"excerpt":{"rendered":"<p>A Poignant Testimony in the Face of Injustice In this exclusive and heart-wrenching interview, R\u00e9my Amahirwa, son of Victoire Ingabire, [&hellip;]<\/p>\n","protected":false},"author":1,"featured_media":539,"comment_status":"closed","ping_status":"open","sticky":false,"template":"","format":"standard","meta":{"_uag_custom_page_level_css":"","site-sidebar-layout":"default","site-content-layout":"","ast-site-content-layout":"default","site-content-style":"default","site-sidebar-style":"default","ast-global-header-display":"","ast-banner-title-visibility":"","ast-main-header-display":"","ast-hfb-above-header-display":"","ast-hfb-below-header-display":"","ast-hfb-mobile-header-display":"","site-post-title":"","ast-breadcrumbs-content":"","ast-featured-img":"","footer-sml-layout":"","ast-disable-related-posts":"","theme-transparent-header-meta":"default","adv-header-id-meta":"","stick-header-meta":"","header-above-stick-meta":"","header-main-stick-meta":"","header-below-stick-meta":"","astra-migrate-meta-layouts":"set","ast-page-background-enabled":"default","ast-page-background-meta":{"desktop":{"background-color":"var(--ast-global-color-5)","background-image":"","background-repeat":"repeat","background-position":"center center","background-size":"auto","background-attachment":"scroll","background-type":"","background-media":"","overlay-type":"","overlay-color":"","overlay-opacity":"","overlay-gradient":""},"tablet":{"background-color":"","background-image":"","background-repeat":"repeat","background-position":"center center","background-size":"auto","background-attachment":"scroll","background-type":"","background-media":"","overlay-type":"","overlay-color":"","overlay-opacity":"","overlay-gradient":""},"mobile":{"background-color":"","background-image":"","background-repeat":"repeat","background-position":"center center","background-size":"auto","background-attachment":"scroll","background-type":"","background-media":"","overlay-type":"","overlay-color":"","overlay-opacity":"","overlay-gradient":""}},"ast-content-background-meta":{"desktop":{"background-color":"var(--ast-global-color-4)","background-image":"","background-repeat":"repeat","background-position":"center center","background-size":"auto","background-attachment":"scroll","background-type":"","background-media":"","overlay-type":"","overlay-color":"","overlay-opacity":"","overlay-gradient":""},"tablet":{"background-color":"var(--ast-global-color-4)","background-image":"","background-repeat":"repeat","background-position":"center center","background-size":"auto","background-attachment":"scroll","background-type":"","background-media":"","overlay-type":"","overlay-color":"","overlay-opacity":"","overlay-gradient":""},"mobile":{"background-color":"var(--ast-global-color-4)","background-image":"","background-repeat":"repeat","background-position":"center center","background-size":"auto","background-attachment":"scroll","background-type":"","background-media":"","overlay-type":"","overlay-color":"","overlay-opacity":"","overlay-gradient":""}},"footnotes":""},"categories":[1],"tags":[],"class_list":["post-538","post","type-post","status-publish","format-standard","has-post-thumbnail","hentry","category-uncategorized"],"yoast_head":"<!-- This site is optimized with the Yoast SEO plugin v27.4 - https:\/\/yoast.com\/product\/yoast-seo-wordpress\/ -->\n<title>A Son\u2019s Fight for Justice: R\u00e9my Amahirwa Speaks Out to Free Victoire Ingabire |<\/title>\n<meta name=\"description\" content=\"Watch R\u00e9my Amahirwa&#039;s exclusive interview on the unjust detention of his mother, Victoire Ingabire. A powerful call for international actio\" \/>\n<meta name=\"robots\" content=\"index, follow, max-snippet:-1, max-image-preview:large, max-video-preview:-1\" \/>\n<link rel=\"canonical\" href=\"https:\/\/www.fvplp.com\/victoire\/remy-amahirwa-interview-free-victoire-ingabire\/\" \/>\n<meta property=\"og:locale\" content=\"fr_FR\" \/>\n<meta property=\"og:type\" content=\"article\" \/>\n<meta property=\"og:title\" content=\"A Son\u2019s Fight for Justice: R\u00e9my Amahirwa Speaks Out to Free Victoire Ingabire |\" \/>\n<meta property=\"og:description\" content=\"Watch R\u00e9my Amahirwa&#039;s exclusive interview on the unjust detention of his mother, Victoire Ingabire. A powerful call for international actio\" \/>\n<meta property=\"og:url\" content=\"https:\/\/www.fvplp.com\/victoire\/remy-amahirwa-interview-free-victoire-ingabire\/\" \/>\n<meta property=\"article:published_time\" content=\"2025-12-12T10:00:28+00:00\" \/>\n<meta property=\"article:modified_time\" content=\"2025-12-12T10:01:58+00:00\" \/>\n<meta property=\"og:image\" content=\"https:\/\/www.fvplp.com\/victoire\/wp-content\/uploads\/2025\/12\/Remy-Amahirwa.jpg\" \/>\n\t<meta property=\"og:image:width\" content=\"200\" \/>\n\t<meta property=\"og:image:height\" content=\"252\" \/>\n\t<meta property=\"og:image:type\" content=\"image\/jpeg\" \/>\n<meta name=\"author\" content=\"mugabo\" \/>\n<meta name=\"twitter:card\" content=\"summary_large_image\" \/>\n<meta name=\"twitter:label1\" content=\"\u00c9crit par\" \/>\n\t<meta name=\"twitter:data1\" content=\"mugabo\" \/>\n\t<meta name=\"twitter:label2\" content=\"Dur\u00e9e de lecture estim\u00e9e\" \/>\n\t<meta name=\"twitter:data2\" content=\"2 minutes\" \/>\n<script type=\"application\/ld+json\" class=\"yoast-schema-graph\">{\"@context\":\"https:\\\/\\\/schema.org\",\"@graph\":[{\"@type\":\"Article\",\"@id\":\"https:\\\/\\\/www.fvplp.com\\\/victoire\\\/remy-amahirwa-interview-free-victoire-ingabire\\\/#article\",\"isPartOf\":{\"@id\":\"https:\\\/\\\/www.fvplp.com\\\/victoire\\\/remy-amahirwa-interview-free-victoire-ingabire\\\/\"},\"author\":{\"name\":\"mugabo\",\"@id\":\"https:\\\/\\\/www.fvplp.com\\\/victoire\\\/#\\\/schema\\\/person\\\/648deca6b3b20cff967078a8cab9d343\"},\"headline\":\"A Son\u2019s Fight for Justice: R\u00e9my Amahirwa Speaks Out to Free Victoire Ingabire\",\"datePublished\":\"2025-12-12T10:00:28+00:00\",\"dateModified\":\"2025-12-12T10:01:58+00:00\",\"mainEntityOfPage\":{\"@id\":\"https:\\\/\\\/www.fvplp.com\\\/victoire\\\/remy-amahirwa-interview-free-victoire-ingabire\\\/\"},\"wordCount\":246,\"publisher\":{\"@id\":\"https:\\\/\\\/www.fvplp.com\\\/victoire\\\/#organization\"},\"image\":{\"@id\":\"https:\\\/\\\/www.fvplp.com\\\/victoire\\\/remy-amahirwa-interview-free-victoire-ingabire\\\/#primaryimage\"},\"thumbnailUrl\":\"https:\\\/\\\/www.fvplp.com\\\/victoire\\\/wp-content\\\/uploads\\\/2025\\\/12\\\/Remy-Amahirwa.jpg\",\"articleSection\":[\"Uncategorized\"],\"inLanguage\":\"fr-FR\"},{\"@type\":\"WebPage\",\"@id\":\"https:\\\/\\\/www.fvplp.com\\\/victoire\\\/remy-amahirwa-interview-free-victoire-ingabire\\\/\",\"url\":\"https:\\\/\\\/www.fvplp.com\\\/victoire\\\/remy-amahirwa-interview-free-victoire-ingabire\\\/\",\"name\":\"A Son\u2019s Fight for Justice: R\u00e9my Amahirwa Speaks Out to Free Victoire Ingabire |\",\"isPartOf\":{\"@id\":\"https:\\\/\\\/www.fvplp.com\\\/victoire\\\/#website\"},\"primaryImageOfPage\":{\"@id\":\"https:\\\/\\\/www.fvplp.com\\\/victoire\\\/remy-amahirwa-interview-free-victoire-ingabire\\\/#primaryimage\"},\"image\":{\"@id\":\"https:\\\/\\\/www.fvplp.com\\\/victoire\\\/remy-amahirwa-interview-free-victoire-ingabire\\\/#primaryimage\"},\"thumbnailUrl\":\"https:\\\/\\\/www.fvplp.com\\\/victoire\\\/wp-content\\\/uploads\\\/2025\\\/12\\\/Remy-Amahirwa.jpg\",\"datePublished\":\"2025-12-12T10:00:28+00:00\",\"dateModified\":\"2025-12-12T10:01:58+00:00\",\"description\":\"Watch R\u00e9my Amahirwa's exclusive interview on the unjust detention of his mother, Victoire Ingabire. A powerful call for international actio\",\"breadcrumb\":{\"@id\":\"https:\\\/\\\/www.fvplp.com\\\/victoire\\\/remy-amahirwa-interview-free-victoire-ingabire\\\/#breadcrumb\"},\"inLanguage\":\"fr-FR\",\"potentialAction\":[{\"@type\":\"ReadAction\",\"target\":[\"https:\\\/\\\/www.fvplp.com\\\/victoire\\\/remy-amahirwa-interview-free-victoire-ingabire\\\/\"]}]},{\"@type\":\"ImageObject\",\"inLanguage\":\"fr-FR\",\"@id\":\"https:\\\/\\\/www.fvplp.com\\\/victoire\\\/remy-amahirwa-interview-free-victoire-ingabire\\\/#primaryimage\",\"url\":\"https:\\\/\\\/www.fvplp.com\\\/victoire\\\/wp-content\\\/uploads\\\/2025\\\/12\\\/Remy-Amahirwa.jpg\",\"contentUrl\":\"https:\\\/\\\/www.fvplp.com\\\/victoire\\\/wp-content\\\/uploads\\\/2025\\\/12\\\/Remy-Amahirwa.jpg\",\"width\":200,\"height\":252},{\"@type\":\"BreadcrumbList\",\"@id\":\"https:\\\/\\\/www.fvplp.com\\\/victoire\\\/remy-amahirwa-interview-free-victoire-ingabire\\\/#breadcrumb\",\"itemListElement\":[{\"@type\":\"ListItem\",\"position\":1,\"name\":\"Accueil\",\"item\":\"https:\\\/\\\/www.fvplp.com\\\/victoire\\\/\"},{\"@type\":\"ListItem\",\"position\":2,\"name\":\"A Son\u2019s Fight for Justice: R\u00e9my Amahirwa Speaks Out to Free Victoire Ingabire\"}]},{\"@type\":\"WebSite\",\"@id\":\"https:\\\/\\\/www.fvplp.com\\\/victoire\\\/#website\",\"url\":\"https:\\\/\\\/www.fvplp.com\\\/victoire\\\/\",\"name\":\"Fondation Victoire pour la Paix\",\"description\":\"Fondation Victoire Pour La Paix\",\"publisher\":{\"@id\":\"https:\\\/\\\/www.fvplp.com\\\/victoire\\\/#organization\"},\"alternateName\":\"Fondation Victoire pour la Paix\",\"potentialAction\":[{\"@type\":\"SearchAction\",\"target\":{\"@type\":\"EntryPoint\",\"urlTemplate\":\"https:\\\/\\\/www.fvplp.com\\\/victoire\\\/?s={search_term_string}\"},\"query-input\":{\"@type\":\"PropertyValueSpecification\",\"valueRequired\":true,\"valueName\":\"search_term_string\"}}],\"inLanguage\":\"fr-FR\"},{\"@type\":\"Organization\",\"@id\":\"https:\\\/\\\/www.fvplp.com\\\/victoire\\\/#organization\",\"name\":\"Fondation Victoire pour la Paix\",\"url\":\"https:\\\/\\\/www.fvplp.com\\\/victoire\\\/\",\"logo\":{\"@type\":\"ImageObject\",\"inLanguage\":\"fr-FR\",\"@id\":\"https:\\\/\\\/www.fvplp.com\\\/victoire\\\/#\\\/schema\\\/logo\\\/image\\\/\",\"url\":\"https:\\\/\\\/www.fvplp.com\\\/victoire\\\/wp-content\\\/uploads\\\/2025\\\/01\\\/cropped-cropped-new-logo.png\",\"contentUrl\":\"https:\\\/\\\/www.fvplp.com\\\/victoire\\\/wp-content\\\/uploads\\\/2025\\\/01\\\/cropped-cropped-new-logo.png\",\"width\":295,\"height\":125,\"caption\":\"Fondation Victoire pour la Paix\"},\"image\":{\"@id\":\"https:\\\/\\\/www.fvplp.com\\\/victoire\\\/#\\\/schema\\\/logo\\\/image\\\/\"}},{\"@type\":\"Person\",\"@id\":\"https:\\\/\\\/www.fvplp.com\\\/victoire\\\/#\\\/schema\\\/person\\\/648deca6b3b20cff967078a8cab9d343\",\"name\":\"mugabo\",\"image\":{\"@type\":\"ImageObject\",\"inLanguage\":\"fr-FR\",\"@id\":\"https:\\\/\\\/secure.gravatar.com\\\/avatar\\\/332f5e7209bda5c3e316f358bdfa8e5831f8a5a83a8e45b9d31218bc0ef4c5b4?s=96&d=mm&r=g\",\"url\":\"https:\\\/\\\/secure.gravatar.com\\\/avatar\\\/332f5e7209bda5c3e316f358bdfa8e5831f8a5a83a8e45b9d31218bc0ef4c5b4?s=96&d=mm&r=g\",\"contentUrl\":\"https:\\\/\\\/secure.gravatar.com\\\/avatar\\\/332f5e7209bda5c3e316f358bdfa8e5831f8a5a83a8e45b9d31218bc0ef4c5b4?s=96&d=mm&r=g\",\"caption\":\"mugabo\"},\"sameAs\":[\"http:\\\/\\\/www.fvplp.com\\\/victoire\"]}]}<\/script>\n<!-- \/ Yoast SEO plugin. -->","yoast_head_json":{"title":"A Son\u2019s Fight for Justice: R\u00e9my Amahirwa Speaks Out to Free Victoire Ingabire |","description":"Watch R\u00e9my Amahirwa's exclusive interview on the unjust detention of his mother, Victoire Ingabire. A powerful call for international actio","robots":{"index":"index","follow":"follow","max-snippet":"max-snippet:-1","max-image-preview":"max-image-preview:large","max-video-preview":"max-video-preview:-1"},"canonical":"https:\/\/www.fvplp.com\/victoire\/remy-amahirwa-interview-free-victoire-ingabire\/","og_locale":"fr_FR","og_type":"article","og_title":"A Son\u2019s Fight for Justice: R\u00e9my Amahirwa Speaks Out to Free Victoire Ingabire |","og_description":"Watch R\u00e9my Amahirwa's exclusive interview on the unjust detention of his mother, Victoire Ingabire. A powerful call for international actio","og_url":"https:\/\/www.fvplp.com\/victoire\/remy-amahirwa-interview-free-victoire-ingabire\/","article_published_time":"2025-12-12T10:00:28+00:00","article_modified_time":"2025-12-12T10:01:58+00:00","og_image":[{"width":200,"height":252,"url":"https:\/\/www.fvplp.com\/victoire\/wp-content\/uploads\/2025\/12\/Remy-Amahirwa.jpg","type":"image\/jpeg"}],"author":"mugabo","twitter_card":"summary_large_image","twitter_misc":{"\u00c9crit par":"mugabo","Dur\u00e9e de lecture estim\u00e9e":"2 minutes"},"schema":{"@context":"https:\/\/schema.org","@graph":[{"@type":"Article","@id":"https:\/\/www.fvplp.com\/victoire\/remy-amahirwa-interview-free-victoire-ingabire\/#article","isPartOf":{"@id":"https:\/\/www.fvplp.com\/victoire\/remy-amahirwa-interview-free-victoire-ingabire\/"},"author":{"name":"mugabo","@id":"https:\/\/www.fvplp.com\/victoire\/#\/schema\/person\/648deca6b3b20cff967078a8cab9d343"},"headline":"A Son\u2019s Fight for Justice: R\u00e9my Amahirwa Speaks Out to Free Victoire Ingabire","datePublished":"2025-12-12T10:00:28+00:00","dateModified":"2025-12-12T10:01:58+00:00","mainEntityOfPage":{"@id":"https:\/\/www.fvplp.com\/victoire\/remy-amahirwa-interview-free-victoire-ingabire\/"},"wordCount":246,"publisher":{"@id":"https:\/\/www.fvplp.com\/victoire\/#organization"},"image":{"@id":"https:\/\/www.fvplp.com\/victoire\/remy-amahirwa-interview-free-victoire-ingabire\/#primaryimage"},"thumbnailUrl":"https:\/\/www.fvplp.com\/victoire\/wp-content\/uploads\/2025\/12\/Remy-Amahirwa.jpg","articleSection":["Uncategorized"],"inLanguage":"fr-FR"},{"@type":"WebPage","@id":"https:\/\/www.fvplp.com\/victoire\/remy-amahirwa-interview-free-victoire-ingabire\/","url":"https:\/\/www.fvplp.com\/victoire\/remy-amahirwa-interview-free-victoire-ingabire\/","name":"A Son\u2019s Fight for Justice: R\u00e9my Amahirwa Speaks Out to Free Victoire Ingabire |","isPartOf":{"@id":"https:\/\/www.fvplp.com\/victoire\/#website"},"primaryImageOfPage":{"@id":"https:\/\/www.fvplp.com\/victoire\/remy-amahirwa-interview-free-victoire-ingabire\/#primaryimage"},"image":{"@id":"https:\/\/www.fvplp.com\/victoire\/remy-amahirwa-interview-free-victoire-ingabire\/#primaryimage"},"thumbnailUrl":"https:\/\/www.fvplp.com\/victoire\/wp-content\/uploads\/2025\/12\/Remy-Amahirwa.jpg","datePublished":"2025-12-12T10:00:28+00:00","dateModified":"2025-12-12T10:01:58+00:00","description":"Watch R\u00e9my Amahirwa's exclusive interview on the unjust detention of his mother, Victoire Ingabire. A powerful call for international actio","breadcrumb":{"@id":"https:\/\/www.fvplp.com\/victoire\/remy-amahirwa-interview-free-victoire-ingabire\/#breadcrumb"},"inLanguage":"fr-FR","potentialAction":[{"@type":"ReadAction","target":["https:\/\/www.fvplp.com\/victoire\/remy-amahirwa-interview-free-victoire-ingabire\/"]}]},{"@type":"ImageObject","inLanguage":"fr-FR","@id":"https:\/\/www.fvplp.com\/victoire\/remy-amahirwa-interview-free-victoire-ingabire\/#primaryimage","url":"https:\/\/www.fvplp.com\/victoire\/wp-content\/uploads\/2025\/12\/Remy-Amahirwa.jpg","contentUrl":"https:\/\/www.fvplp.com\/victoire\/wp-content\/uploads\/2025\/12\/Remy-Amahirwa.jpg","width":200,"height":252},{"@type":"BreadcrumbList","@id":"https:\/\/www.fvplp.com\/victoire\/remy-amahirwa-interview-free-victoire-ingabire\/#breadcrumb","itemListElement":[{"@type":"ListItem","position":1,"name":"Accueil","item":"https:\/\/www.fvplp.com\/victoire\/"},{"@type":"ListItem","position":2,"name":"A Son\u2019s Fight for Justice: R\u00e9my Amahirwa Speaks Out to Free Victoire Ingabire"}]},{"@type":"WebSite","@id":"https:\/\/www.fvplp.com\/victoire\/#website","url":"https:\/\/www.fvplp.com\/victoire\/","name":"Fondation Victoire pour la Paix","description":"Fondation Victoire Pour La Paix","publisher":{"@id":"https:\/\/www.fvplp.com\/victoire\/#organization"},"alternateName":"Fondation Victoire pour la Paix","potentialAction":[{"@type":"SearchAction","target":{"@type":"EntryPoint","urlTemplate":"https:\/\/www.fvplp.com\/victoire\/?s={search_term_string}"},"query-input":{"@type":"PropertyValueSpecification","valueRequired":true,"valueName":"search_term_string"}}],"inLanguage":"fr-FR"},{"@type":"Organization","@id":"https:\/\/www.fvplp.com\/victoire\/#organization","name":"Fondation Victoire pour la Paix","url":"https:\/\/www.fvplp.com\/victoire\/","logo":{"@type":"ImageObject","inLanguage":"fr-FR","@id":"https:\/\/www.fvplp.com\/victoire\/#\/schema\/logo\/image\/","url":"https:\/\/www.fvplp.com\/victoire\/wp-content\/uploads\/2025\/01\/cropped-cropped-new-logo.png","contentUrl":"https:\/\/www.fvplp.com\/victoire\/wp-content\/uploads\/2025\/01\/cropped-cropped-new-logo.png","width":295,"height":125,"caption":"Fondation Victoire pour la Paix"},"image":{"@id":"https:\/\/www.fvplp.com\/victoire\/#\/schema\/logo\/image\/"}},{"@type":"Person","@id":"https:\/\/www.fvplp.com\/victoire\/#\/schema\/person\/648deca6b3b20cff967078a8cab9d343","name":"mugabo","image":{"@type":"ImageObject","inLanguage":"fr-FR","@id":"https:\/\/secure.gravatar.com\/avatar\/332f5e7209bda5c3e316f358bdfa8e5831f8a5a83a8e45b9d31218bc0ef4c5b4?s=96&d=mm&r=g","url":"https:\/\/secure.gravatar.com\/avatar\/332f5e7209bda5c3e316f358bdfa8e5831f8a5a83a8e45b9d31218bc0ef4c5b4?s=96&d=mm&r=g","contentUrl":"https:\/\/secure.gravatar.com\/avatar\/332f5e7209bda5c3e316f358bdfa8e5831f8a5a83a8e45b9d31218bc0ef4c5b4?s=96&d=mm&r=g","caption":"mugabo"},"sameAs":["http:\/\/www.fvplp.com\/victoire"]}]}},"uagb_featured_image_src":{"full":["https:\/\/www.fvplp.com\/victoire\/wp-content\/uploads\/2025\/12\/Remy-Amahirwa.jpg",200,252,false],"thumbnail":["https:\/\/www.fvplp.com\/victoire\/wp-content\/uploads\/2025\/12\/Remy-Amahirwa-150x150.jpg",150,150,true],"medium":["https:\/\/www.fvplp.com\/victoire\/wp-content\/uploads\/2025\/12\/Remy-Amahirwa.jpg",200,252,false],"medium_large":["https:\/\/www.fvplp.com\/victoire\/wp-content\/uploads\/2025\/12\/Remy-Amahirwa.jpg",200,252,false],"large":["https:\/\/www.fvplp.com\/victoire\/wp-content\/uploads\/2025\/12\/Remy-Amahirwa.jpg",200,252,false],"1536x1536":["https:\/\/www.fvplp.com\/victoire\/wp-content\/uploads\/2025\/12\/Remy-Amahirwa.jpg",200,252,false],"2048x2048":["https:\/\/www.fvplp.com\/victoire\/wp-content\/uploads\/2025\/12\/Remy-Amahirwa.jpg",200,252,false]},"uagb_author_info":{"display_name":"mugabo","author_link":"https:\/\/www.fvplp.com\/victoire\/author\/mugabo\/"},"uagb_comment_info":0,"uagb_excerpt":"A Poignant Testimony in the Face of Injustice In this exclusive and heart-wrenching interview, R\u00e9my Amahirwa, son of Victoire Ingabire, [&hellip;]","_links":{"self":[{"href":"https:\/\/www.fvplp.com\/victoire\/wp-json\/wp\/v2\/posts\/538","targetHints":{"allow":["GET"]}}],"collection":[{"href":"https:\/\/www.fvplp.com\/victoire\/wp-json\/wp\/v2\/posts"}],"about":[{"href":"https:\/\/www.fvplp.com\/victoire\/wp-json\/wp\/v2\/types\/post"}],"author":[{"embeddable":true,"href":"https:\/\/www.fvplp.com\/victoire\/wp-json\/wp\/v2\/users\/1"}],"replies":[{"embeddable":true,"href":"https:\/\/www.fvplp.com\/victoire\/wp-json\/wp\/v2\/comments?post=538"}],"version-history":[{"count":3,"href":"https:\/\/www.fvplp.com\/victoire\/wp-json\/wp\/v2\/posts\/538\/revisions"}],"predecessor-version":[{"id":542,"href":"https:\/\/www.fvplp.com\/victoire\/wp-json\/wp\/v2\/posts\/538\/revisions\/542"}],"wp:featuredmedia":[{"embeddable":true,"href":"https:\/\/www.fvplp.com\/victoire\/wp-json\/wp\/v2\/media\/539"}],"wp:attachment":[{"href":"https:\/\/www.fvplp.com\/victoire\/wp-json\/wp\/v2\/media?parent=538"}],"wp:term":[{"taxonomy":"category","embeddable":true,"href":"https:\/\/www.fvplp.com\/victoire\/wp-json\/wp\/v2\/categories?post=538"},{"taxonomy":"post_tag","embeddable":true,"href":"https:\/\/www.fvplp.com\/victoire\/wp-json\/wp\/v2\/tags?post=538"}],"curies":[{"name":"wp","href":"https:\/\/api.w.org\/{rel}","templated":true}]}}