{"id":532,"date":"2025-11-12T23:12:53","date_gmt":"2025-11-12T22:12:53","guid":{"rendered":"https:\/\/www.fvplp.com\/victoire\/?p=532"},"modified":"2025-11-12T23:16:29","modified_gmt":"2025-11-12T22:16:29","slug":"francophonie-rwanda-victoire-ingabire","status":"publish","type":"post","link":"https:\/\/www.fvplp.com\/victoire\/francophonie-rwanda-victoire-ingabire\/","title":{"rendered":"La Francophonie va-t-elle redorer ou ternir son image au Rwanda ?"},"content":{"rendered":"\r\n<div class=\"wp-block-media-text is-stacked-on-mobile is-vertically-aligned-top\" style=\"grid-template-columns: 30% auto;\">\r\n<figure class=\"wp-block-media-text__media\"><img loading=\"lazy\" decoding=\"async\" width=\"818\" height=\"817\" class=\"wp-image-533 size-full\" src=\"https:\/\/www.fvplp.com\/victoire\/wp-content\/uploads\/2025\/11\/Ingabire-1.jpg\" alt=\"\" srcset=\"https:\/\/www.fvplp.com\/victoire\/wp-content\/uploads\/2025\/11\/Ingabire-1.jpg 818w, https:\/\/www.fvplp.com\/victoire\/wp-content\/uploads\/2025\/11\/Ingabire-1-300x300.jpg 300w, https:\/\/www.fvplp.com\/victoire\/wp-content\/uploads\/2025\/11\/Ingabire-1-150x150.jpg 150w, https:\/\/www.fvplp.com\/victoire\/wp-content\/uploads\/2025\/11\/Ingabire-1-768x767.jpg 768w\" sizes=\"auto, (max-width: 818px) 100vw, 818px\" \/><\/figure>\r\n<div class=\"wp-block-media-text__content\">\r\n<p>La tenue de la 46\u1d49 Conf\u00e9rence minist\u00e9rielle de la Francophonie \u00e0 Kigali, du 18 au 20 novembre 2025, sur le th\u00e8me du r\u00f4le des femmes dans l\u2019espace francophone, se veut un symbole fort en faveur de l\u2019\u00e9galit\u00e9 et du leadership f\u00e9minin. Cependant, ce choix soul\u00e8ve un paradoxe. Bien que le Rwanda affiche un taux record de femmes au Parlement (61 %), cette parit\u00e9 politique s\u2019inscrit dans un cadre autoritaire o\u00f9 aucune opposition r\u00e9elle n\u2019est tol\u00e9r\u00e9e. Ce \u00ab f\u00e9minisme d\u2019\u00c9tat \u00bb contredit l\u2019esprit de la D\u00e9claration de Beijing de 1995, qui promeut l\u2019\u00e9mancipation, la libert\u00e9 d\u2019expression et la participation ind\u00e9pendante des femmes \u00e0 la vie politique et civile.<br \/><br \/>La d\u00e9tention de Victoire Ingabire Umuhoza, opposante politique rwandaise et symbole du courage f\u00e9minin, illustre cette contradiction. Condamn\u00e9e puis emprisonn\u00e9e \u00e0 plusieurs reprises pour ses prises de position pacifiques, elle incarne les valeurs m\u00eames que la conf\u00e9rence pr\u00e9tend d\u00e9fendre. Sa d\u00e9tention arbitraire, d\u00e9nonc\u00e9e par l\u2019ONU, le Parlement europ\u00e9en et plusieurs ONG, met en cause la cr\u00e9dibilit\u00e9 de la Francophonie si elle reste silencieuse face \u00e0 ces violations. La conf\u00e9rence de Kigali repr\u00e9sente ainsi un test moral : elle peut soit r\u00e9affirmer les principes de d\u00e9mocratie et de droits humains, soit ternir durablement l\u2019image d\u2019une Francophonie complaisante envers les r\u00e9gimes autoritaires.<br \/><br \/><a href=\"https:\/\/blogs.mediapart.fr\/fondation-victoire-pour-la-paix\/blog\/111125\/la-francophonie-va-t-elle-redorer-ou-ternir-son-image-au-rwanda\" target=\"_blank\" rel=\"noopener\">\ud83d\udc49 <strong>Lire l\u2019article complet ici.<\/strong><\/a><\/p>\r\n<\/div>\r\n<\/div>\r\n","protected":false},"excerpt":{"rendered":"<p>La tenue de la 46\u1d49 Conf\u00e9rence minist\u00e9rielle de la Francophonie \u00e0 Kigali, du 18 au 20 novembre 2025, sur le [&hellip;]<\/p>\n","protected":false},"author":1,"featured_media":533,"comment_status":"closed","ping_status":"open","sticky":false,"template":"","format":"standard","meta":{"_uag_custom_page_level_css":"","site-sidebar-layout":"default","site-content-layout":"","ast-site-content-layout":"default","site-content-style":"default","site-sidebar-style":"default","ast-global-header-display":"","ast-banner-title-visibility":"","ast-main-header-display":"","ast-hfb-above-header-display":"","ast-hfb-below-header-display":"","ast-hfb-mobile-header-display":"","site-post-title":"","ast-breadcrumbs-content":"","ast-featured-img":"","footer-sml-layout":"","ast-disable-related-posts":"","theme-transparent-header-meta":"default","adv-header-id-meta":"","stick-header-meta":"","header-above-stick-meta":"","header-main-stick-meta":"","header-below-stick-meta":"","astra-migrate-meta-layouts":"set","ast-page-background-enabled":"default","ast-page-background-meta":{"desktop":{"background-color":"var(--ast-global-color-5)","background-image":"","background-repeat":"repeat","background-position":"center center","background-size":"auto","background-attachment":"scroll","background-type":"","background-media":"","overlay-type":"","overlay-color":"","overlay-opacity":"","overlay-gradient":""},"tablet":{"background-color":"","background-image":"","background-repeat":"repeat","background-position":"center center","background-size":"auto","background-attachment":"scroll","background-type":"","background-media":"","overlay-type":"","overlay-color":"","overlay-opacity":"","overlay-gradient":""},"mobile":{"background-color":"","background-image":"","background-repeat":"repeat","background-position":"center center","background-size":"auto","background-attachment":"scroll","background-type":"","background-media":"","overlay-type":"","overlay-color":"","overlay-opacity":"","overlay-gradient":""}},"ast-content-background-meta":{"desktop":{"background-color":"var(--ast-global-color-4)","background-image":"","background-repeat":"repeat","background-position":"center center","background-size":"auto","background-attachment":"scroll","background-type":"","background-media":"","overlay-type":"","overlay-color":"","overlay-opacity":"","overlay-gradient":""},"tablet":{"background-color":"var(--ast-global-color-4)","background-image":"","background-repeat":"repeat","background-position":"center center","background-size":"auto","background-attachment":"scroll","background-type":"","background-media":"","overlay-type":"","overlay-color":"","overlay-opacity":"","overlay-gradient":""},"mobile":{"background-color":"var(--ast-global-color-4)","background-image":"","background-repeat":"repeat","background-position":"center center","background-size":"auto","background-attachment":"scroll","background-type":"","background-media":"","overlay-type":"","overlay-color":"","overlay-opacity":"","overlay-gradient":""}},"footnotes":""},"categories":[1],"tags":[],"class_list":["post-532","post","type-post","status-publish","format-standard","has-post-thumbnail","hentry","category-uncategorized"],"yoast_head":"<!-- This site is optimized with the Yoast SEO plugin v27.4 - https:\/\/yoast.com\/product\/yoast-seo-wordpress\/ -->\n<title>La Francophonie va-t-elle redorer ou ternir son image au Rwanda ? |<\/title>\n<meta name=\"description\" content=\"La Francophonie face au paradoxe rwandais : entre parit\u00e9 politique et d\u00e9tention de Victoire Ingabire, symbole de la libert\u00e9 d\u2019expression.\" \/>\n<meta name=\"robots\" content=\"index, follow, max-snippet:-1, max-image-preview:large, max-video-preview:-1\" \/>\n<link rel=\"canonical\" href=\"https:\/\/www.fvplp.com\/victoire\/francophonie-rwanda-victoire-ingabire\/\" \/>\n<meta property=\"og:locale\" content=\"fr_FR\" \/>\n<meta property=\"og:type\" content=\"article\" \/>\n<meta property=\"og:title\" content=\"La Francophonie va-t-elle redorer ou ternir son image au Rwanda ? |\" \/>\n<meta property=\"og:description\" content=\"La Francophonie face au paradoxe rwandais : entre parit\u00e9 politique et d\u00e9tention de Victoire Ingabire, symbole de la libert\u00e9 d\u2019expression.\" \/>\n<meta property=\"og:url\" content=\"https:\/\/www.fvplp.com\/victoire\/francophonie-rwanda-victoire-ingabire\/\" \/>\n<meta property=\"article:published_time\" content=\"2025-11-12T22:12:53+00:00\" \/>\n<meta property=\"article:modified_time\" content=\"2025-11-12T22:16:29+00:00\" \/>\n<meta property=\"og:image\" content=\"https:\/\/www.fvplp.com\/victoire\/wp-content\/uploads\/2025\/11\/Ingabire-1.jpg\" \/>\n\t<meta property=\"og:image:width\" content=\"818\" \/>\n\t<meta property=\"og:image:height\" content=\"817\" \/>\n\t<meta property=\"og:image:type\" content=\"image\/jpeg\" \/>\n<meta name=\"author\" content=\"mugabo\" \/>\n<meta name=\"twitter:card\" content=\"summary_large_image\" \/>\n<meta name=\"twitter:label1\" content=\"\u00c9crit par\" \/>\n\t<meta name=\"twitter:data1\" content=\"mugabo\" \/>\n\t<meta name=\"twitter:label2\" content=\"Dur\u00e9e de lecture estim\u00e9e\" \/>\n\t<meta name=\"twitter:data2\" content=\"2 minutes\" \/>\n<script type=\"application\/ld+json\" class=\"yoast-schema-graph\">{\"@context\":\"https:\\\/\\\/schema.org\",\"@graph\":[{\"@type\":\"Article\",\"@id\":\"https:\\\/\\\/www.fvplp.com\\\/victoire\\\/francophonie-rwanda-victoire-ingabire\\\/#article\",\"isPartOf\":{\"@id\":\"https:\\\/\\\/www.fvplp.com\\\/victoire\\\/francophonie-rwanda-victoire-ingabire\\\/\"},\"author\":{\"name\":\"mugabo\",\"@id\":\"https:\\\/\\\/www.fvplp.com\\\/victoire\\\/#\\\/schema\\\/person\\\/648deca6b3b20cff967078a8cab9d343\"},\"headline\":\"La Francophonie va-t-elle redorer ou ternir son image au Rwanda ?\",\"datePublished\":\"2025-11-12T22:12:53+00:00\",\"dateModified\":\"2025-11-12T22:16:29+00:00\",\"mainEntityOfPage\":{\"@id\":\"https:\\\/\\\/www.fvplp.com\\\/victoire\\\/francophonie-rwanda-victoire-ingabire\\\/\"},\"wordCount\":249,\"publisher\":{\"@id\":\"https:\\\/\\\/www.fvplp.com\\\/victoire\\\/#organization\"},\"image\":{\"@id\":\"https:\\\/\\\/www.fvplp.com\\\/victoire\\\/francophonie-rwanda-victoire-ingabire\\\/#primaryimage\"},\"thumbnailUrl\":\"https:\\\/\\\/www.fvplp.com\\\/victoire\\\/wp-content\\\/uploads\\\/2025\\\/11\\\/Ingabire-1.jpg\",\"articleSection\":[\"Uncategorized\"],\"inLanguage\":\"fr-FR\"},{\"@type\":\"WebPage\",\"@id\":\"https:\\\/\\\/www.fvplp.com\\\/victoire\\\/francophonie-rwanda-victoire-ingabire\\\/\",\"url\":\"https:\\\/\\\/www.fvplp.com\\\/victoire\\\/francophonie-rwanda-victoire-ingabire\\\/\",\"name\":\"La Francophonie va-t-elle redorer ou ternir son image au Rwanda ? |\",\"isPartOf\":{\"@id\":\"https:\\\/\\\/www.fvplp.com\\\/victoire\\\/#website\"},\"primaryImageOfPage\":{\"@id\":\"https:\\\/\\\/www.fvplp.com\\\/victoire\\\/francophonie-rwanda-victoire-ingabire\\\/#primaryimage\"},\"image\":{\"@id\":\"https:\\\/\\\/www.fvplp.com\\\/victoire\\\/francophonie-rwanda-victoire-ingabire\\\/#primaryimage\"},\"thumbnailUrl\":\"https:\\\/\\\/www.fvplp.com\\\/victoire\\\/wp-content\\\/uploads\\\/2025\\\/11\\\/Ingabire-1.jpg\",\"datePublished\":\"2025-11-12T22:12:53+00:00\",\"dateModified\":\"2025-11-12T22:16:29+00:00\",\"description\":\"La Francophonie face au paradoxe rwandais : entre parit\u00e9 politique et d\u00e9tention de Victoire Ingabire, symbole de la libert\u00e9 d\u2019expression.\",\"breadcrumb\":{\"@id\":\"https:\\\/\\\/www.fvplp.com\\\/victoire\\\/francophonie-rwanda-victoire-ingabire\\\/#breadcrumb\"},\"inLanguage\":\"fr-FR\",\"potentialAction\":[{\"@type\":\"ReadAction\",\"target\":[\"https:\\\/\\\/www.fvplp.com\\\/victoire\\\/francophonie-rwanda-victoire-ingabire\\\/\"]}]},{\"@type\":\"ImageObject\",\"inLanguage\":\"fr-FR\",\"@id\":\"https:\\\/\\\/www.fvplp.com\\\/victoire\\\/francophonie-rwanda-victoire-ingabire\\\/#primaryimage\",\"url\":\"https:\\\/\\\/www.fvplp.com\\\/victoire\\\/wp-content\\\/uploads\\\/2025\\\/11\\\/Ingabire-1.jpg\",\"contentUrl\":\"https:\\\/\\\/www.fvplp.com\\\/victoire\\\/wp-content\\\/uploads\\\/2025\\\/11\\\/Ingabire-1.jpg\",\"width\":818,\"height\":817},{\"@type\":\"BreadcrumbList\",\"@id\":\"https:\\\/\\\/www.fvplp.com\\\/victoire\\\/francophonie-rwanda-victoire-ingabire\\\/#breadcrumb\",\"itemListElement\":[{\"@type\":\"ListItem\",\"position\":1,\"name\":\"Accueil\",\"item\":\"https:\\\/\\\/www.fvplp.com\\\/victoire\\\/\"},{\"@type\":\"ListItem\",\"position\":2,\"name\":\"La Francophonie va-t-elle redorer ou ternir son image au Rwanda ?\"}]},{\"@type\":\"WebSite\",\"@id\":\"https:\\\/\\\/www.fvplp.com\\\/victoire\\\/#website\",\"url\":\"https:\\\/\\\/www.fvplp.com\\\/victoire\\\/\",\"name\":\"Fondation Victoire pour la Paix\",\"description\":\"Fondation Victoire Pour La Paix\",\"publisher\":{\"@id\":\"https:\\\/\\\/www.fvplp.com\\\/victoire\\\/#organization\"},\"alternateName\":\"Fondation Victoire pour la Paix\",\"potentialAction\":[{\"@type\":\"SearchAction\",\"target\":{\"@type\":\"EntryPoint\",\"urlTemplate\":\"https:\\\/\\\/www.fvplp.com\\\/victoire\\\/?s={search_term_string}\"},\"query-input\":{\"@type\":\"PropertyValueSpecification\",\"valueRequired\":true,\"valueName\":\"search_term_string\"}}],\"inLanguage\":\"fr-FR\"},{\"@type\":\"Organization\",\"@id\":\"https:\\\/\\\/www.fvplp.com\\\/victoire\\\/#organization\",\"name\":\"Fondation Victoire pour la Paix\",\"url\":\"https:\\\/\\\/www.fvplp.com\\\/victoire\\\/\",\"logo\":{\"@type\":\"ImageObject\",\"inLanguage\":\"fr-FR\",\"@id\":\"https:\\\/\\\/www.fvplp.com\\\/victoire\\\/#\\\/schema\\\/logo\\\/image\\\/\",\"url\":\"https:\\\/\\\/www.fvplp.com\\\/victoire\\\/wp-content\\\/uploads\\\/2025\\\/01\\\/cropped-cropped-new-logo.png\",\"contentUrl\":\"https:\\\/\\\/www.fvplp.com\\\/victoire\\\/wp-content\\\/uploads\\\/2025\\\/01\\\/cropped-cropped-new-logo.png\",\"width\":295,\"height\":125,\"caption\":\"Fondation Victoire pour la Paix\"},\"image\":{\"@id\":\"https:\\\/\\\/www.fvplp.com\\\/victoire\\\/#\\\/schema\\\/logo\\\/image\\\/\"}},{\"@type\":\"Person\",\"@id\":\"https:\\\/\\\/www.fvplp.com\\\/victoire\\\/#\\\/schema\\\/person\\\/648deca6b3b20cff967078a8cab9d343\",\"name\":\"mugabo\",\"image\":{\"@type\":\"ImageObject\",\"inLanguage\":\"fr-FR\",\"@id\":\"https:\\\/\\\/secure.gravatar.com\\\/avatar\\\/332f5e7209bda5c3e316f358bdfa8e5831f8a5a83a8e45b9d31218bc0ef4c5b4?s=96&d=mm&r=g\",\"url\":\"https:\\\/\\\/secure.gravatar.com\\\/avatar\\\/332f5e7209bda5c3e316f358bdfa8e5831f8a5a83a8e45b9d31218bc0ef4c5b4?s=96&d=mm&r=g\",\"contentUrl\":\"https:\\\/\\\/secure.gravatar.com\\\/avatar\\\/332f5e7209bda5c3e316f358bdfa8e5831f8a5a83a8e45b9d31218bc0ef4c5b4?s=96&d=mm&r=g\",\"caption\":\"mugabo\"},\"sameAs\":[\"http:\\\/\\\/www.fvplp.com\\\/victoire\"]}]}<\/script>\n<!-- \/ Yoast SEO plugin. -->","yoast_head_json":{"title":"La Francophonie va-t-elle redorer ou ternir son image au Rwanda ? |","description":"La Francophonie face au paradoxe rwandais : entre parit\u00e9 politique et d\u00e9tention de Victoire Ingabire, symbole de la libert\u00e9 d\u2019expression.","robots":{"index":"index","follow":"follow","max-snippet":"max-snippet:-1","max-image-preview":"max-image-preview:large","max-video-preview":"max-video-preview:-1"},"canonical":"https:\/\/www.fvplp.com\/victoire\/francophonie-rwanda-victoire-ingabire\/","og_locale":"fr_FR","og_type":"article","og_title":"La Francophonie va-t-elle redorer ou ternir son image au Rwanda ? |","og_description":"La Francophonie face au paradoxe rwandais : entre parit\u00e9 politique et d\u00e9tention de Victoire Ingabire, symbole de la libert\u00e9 d\u2019expression.","og_url":"https:\/\/www.fvplp.com\/victoire\/francophonie-rwanda-victoire-ingabire\/","article_published_time":"2025-11-12T22:12:53+00:00","article_modified_time":"2025-11-12T22:16:29+00:00","og_image":[{"width":818,"height":817,"url":"https:\/\/www.fvplp.com\/victoire\/wp-content\/uploads\/2025\/11\/Ingabire-1.jpg","type":"image\/jpeg"}],"author":"mugabo","twitter_card":"summary_large_image","twitter_misc":{"\u00c9crit par":"mugabo","Dur\u00e9e de lecture estim\u00e9e":"2 minutes"},"schema":{"@context":"https:\/\/schema.org","@graph":[{"@type":"Article","@id":"https:\/\/www.fvplp.com\/victoire\/francophonie-rwanda-victoire-ingabire\/#article","isPartOf":{"@id":"https:\/\/www.fvplp.com\/victoire\/francophonie-rwanda-victoire-ingabire\/"},"author":{"name":"mugabo","@id":"https:\/\/www.fvplp.com\/victoire\/#\/schema\/person\/648deca6b3b20cff967078a8cab9d343"},"headline":"La Francophonie va-t-elle redorer ou ternir son image au Rwanda ?","datePublished":"2025-11-12T22:12:53+00:00","dateModified":"2025-11-12T22:16:29+00:00","mainEntityOfPage":{"@id":"https:\/\/www.fvplp.com\/victoire\/francophonie-rwanda-victoire-ingabire\/"},"wordCount":249,"publisher":{"@id":"https:\/\/www.fvplp.com\/victoire\/#organization"},"image":{"@id":"https:\/\/www.fvplp.com\/victoire\/francophonie-rwanda-victoire-ingabire\/#primaryimage"},"thumbnailUrl":"https:\/\/www.fvplp.com\/victoire\/wp-content\/uploads\/2025\/11\/Ingabire-1.jpg","articleSection":["Uncategorized"],"inLanguage":"fr-FR"},{"@type":"WebPage","@id":"https:\/\/www.fvplp.com\/victoire\/francophonie-rwanda-victoire-ingabire\/","url":"https:\/\/www.fvplp.com\/victoire\/francophonie-rwanda-victoire-ingabire\/","name":"La Francophonie va-t-elle redorer ou ternir son image au Rwanda ? |","isPartOf":{"@id":"https:\/\/www.fvplp.com\/victoire\/#website"},"primaryImageOfPage":{"@id":"https:\/\/www.fvplp.com\/victoire\/francophonie-rwanda-victoire-ingabire\/#primaryimage"},"image":{"@id":"https:\/\/www.fvplp.com\/victoire\/francophonie-rwanda-victoire-ingabire\/#primaryimage"},"thumbnailUrl":"https:\/\/www.fvplp.com\/victoire\/wp-content\/uploads\/2025\/11\/Ingabire-1.jpg","datePublished":"2025-11-12T22:12:53+00:00","dateModified":"2025-11-12T22:16:29+00:00","description":"La Francophonie face au paradoxe rwandais : entre parit\u00e9 politique et d\u00e9tention de Victoire Ingabire, symbole de la libert\u00e9 d\u2019expression.","breadcrumb":{"@id":"https:\/\/www.fvplp.com\/victoire\/francophonie-rwanda-victoire-ingabire\/#breadcrumb"},"inLanguage":"fr-FR","potentialAction":[{"@type":"ReadAction","target":["https:\/\/www.fvplp.com\/victoire\/francophonie-rwanda-victoire-ingabire\/"]}]},{"@type":"ImageObject","inLanguage":"fr-FR","@id":"https:\/\/www.fvplp.com\/victoire\/francophonie-rwanda-victoire-ingabire\/#primaryimage","url":"https:\/\/www.fvplp.com\/victoire\/wp-content\/uploads\/2025\/11\/Ingabire-1.jpg","contentUrl":"https:\/\/www.fvplp.com\/victoire\/wp-content\/uploads\/2025\/11\/Ingabire-1.jpg","width":818,"height":817},{"@type":"BreadcrumbList","@id":"https:\/\/www.fvplp.com\/victoire\/francophonie-rwanda-victoire-ingabire\/#breadcrumb","itemListElement":[{"@type":"ListItem","position":1,"name":"Accueil","item":"https:\/\/www.fvplp.com\/victoire\/"},{"@type":"ListItem","position":2,"name":"La Francophonie va-t-elle redorer ou ternir son image au Rwanda ?"}]},{"@type":"WebSite","@id":"https:\/\/www.fvplp.com\/victoire\/#website","url":"https:\/\/www.fvplp.com\/victoire\/","name":"Fondation Victoire pour la Paix","description":"Fondation Victoire Pour La Paix","publisher":{"@id":"https:\/\/www.fvplp.com\/victoire\/#organization"},"alternateName":"Fondation Victoire pour la Paix","potentialAction":[{"@type":"SearchAction","target":{"@type":"EntryPoint","urlTemplate":"https:\/\/www.fvplp.com\/victoire\/?s={search_term_string}"},"query-input":{"@type":"PropertyValueSpecification","valueRequired":true,"valueName":"search_term_string"}}],"inLanguage":"fr-FR"},{"@type":"Organization","@id":"https:\/\/www.fvplp.com\/victoire\/#organization","name":"Fondation Victoire pour la Paix","url":"https:\/\/www.fvplp.com\/victoire\/","logo":{"@type":"ImageObject","inLanguage":"fr-FR","@id":"https:\/\/www.fvplp.com\/victoire\/#\/schema\/logo\/image\/","url":"https:\/\/www.fvplp.com\/victoire\/wp-content\/uploads\/2025\/01\/cropped-cropped-new-logo.png","contentUrl":"https:\/\/www.fvplp.com\/victoire\/wp-content\/uploads\/2025\/01\/cropped-cropped-new-logo.png","width":295,"height":125,"caption":"Fondation Victoire pour la Paix"},"image":{"@id":"https:\/\/www.fvplp.com\/victoire\/#\/schema\/logo\/image\/"}},{"@type":"Person","@id":"https:\/\/www.fvplp.com\/victoire\/#\/schema\/person\/648deca6b3b20cff967078a8cab9d343","name":"mugabo","image":{"@type":"ImageObject","inLanguage":"fr-FR","@id":"https:\/\/secure.gravatar.com\/avatar\/332f5e7209bda5c3e316f358bdfa8e5831f8a5a83a8e45b9d31218bc0ef4c5b4?s=96&d=mm&r=g","url":"https:\/\/secure.gravatar.com\/avatar\/332f5e7209bda5c3e316f358bdfa8e5831f8a5a83a8e45b9d31218bc0ef4c5b4?s=96&d=mm&r=g","contentUrl":"https:\/\/secure.gravatar.com\/avatar\/332f5e7209bda5c3e316f358bdfa8e5831f8a5a83a8e45b9d31218bc0ef4c5b4?s=96&d=mm&r=g","caption":"mugabo"},"sameAs":["http:\/\/www.fvplp.com\/victoire"]}]}},"uagb_featured_image_src":{"full":["https:\/\/www.fvplp.com\/victoire\/wp-content\/uploads\/2025\/11\/Ingabire-1.jpg",818,817,false],"thumbnail":["https:\/\/www.fvplp.com\/victoire\/wp-content\/uploads\/2025\/11\/Ingabire-1-150x150.jpg",150,150,true],"medium":["https:\/\/www.fvplp.com\/victoire\/wp-content\/uploads\/2025\/11\/Ingabire-1-300x300.jpg",300,300,true],"medium_large":["https:\/\/www.fvplp.com\/victoire\/wp-content\/uploads\/2025\/11\/Ingabire-1-768x767.jpg",768,767,true],"large":["https:\/\/www.fvplp.com\/victoire\/wp-content\/uploads\/2025\/11\/Ingabire-1.jpg",818,817,false],"1536x1536":["https:\/\/www.fvplp.com\/victoire\/wp-content\/uploads\/2025\/11\/Ingabire-1.jpg",818,817,false],"2048x2048":["https:\/\/www.fvplp.com\/victoire\/wp-content\/uploads\/2025\/11\/Ingabire-1.jpg",818,817,false]},"uagb_author_info":{"display_name":"mugabo","author_link":"https:\/\/www.fvplp.com\/victoire\/author\/mugabo\/"},"uagb_comment_info":0,"uagb_excerpt":"La tenue de la 46\u1d49 Conf\u00e9rence minist\u00e9rielle de la Francophonie \u00e0 Kigali, du 18 au 20 novembre 2025, sur le [&hellip;]","_links":{"self":[{"href":"https:\/\/www.fvplp.com\/victoire\/wp-json\/wp\/v2\/posts\/532","targetHints":{"allow":["GET"]}}],"collection":[{"href":"https:\/\/www.fvplp.com\/victoire\/wp-json\/wp\/v2\/posts"}],"about":[{"href":"https:\/\/www.fvplp.com\/victoire\/wp-json\/wp\/v2\/types\/post"}],"author":[{"embeddable":true,"href":"https:\/\/www.fvplp.com\/victoire\/wp-json\/wp\/v2\/users\/1"}],"replies":[{"embeddable":true,"href":"https:\/\/www.fvplp.com\/victoire\/wp-json\/wp\/v2\/comments?post=532"}],"version-history":[{"count":3,"href":"https:\/\/www.fvplp.com\/victoire\/wp-json\/wp\/v2\/posts\/532\/revisions"}],"predecessor-version":[{"id":536,"href":"https:\/\/www.fvplp.com\/victoire\/wp-json\/wp\/v2\/posts\/532\/revisions\/536"}],"wp:featuredmedia":[{"embeddable":true,"href":"https:\/\/www.fvplp.com\/victoire\/wp-json\/wp\/v2\/media\/533"}],"wp:attachment":[{"href":"https:\/\/www.fvplp.com\/victoire\/wp-json\/wp\/v2\/media?parent=532"}],"wp:term":[{"taxonomy":"category","embeddable":true,"href":"https:\/\/www.fvplp.com\/victoire\/wp-json\/wp\/v2\/categories?post=532"},{"taxonomy":"post_tag","embeddable":true,"href":"https:\/\/www.fvplp.com\/victoire\/wp-json\/wp\/v2\/tags?post=532"}],"curies":[{"name":"wp","href":"https:\/\/api.w.org\/{rel}","templated":true}]}}