{"id":355,"date":"2025-07-14T18:59:31","date_gmt":"2025-07-14T18:59:31","guid":{"rendered":"https:\/\/www.fvplp.com\/victoire\/?p=355"},"modified":"2025-08-07T09:19:18","modified_gmt":"2025-08-07T09:19:18","slug":"victoire-ingabire-detention-droits-rwanda-2025","status":"publish","type":"post","link":"https:\/\/www.fvplp.com\/victoire\/victoire-ingabire-detention-droits-rwanda-2025\/","title":{"rendered":"La Fondation Victoire pour la Paix exhorte les autorit\u00e9s rwandaises \u00e0 se conformer \u00e0 leurs obligations nationales et internationales dans le traitement du cas de Victoire Ingabire Umuhoza."},"content":{"rendered":"<p>&nbsp;<\/p>\r\n\r\n<div class=\"wp-block-media-text is-stacked-on-mobile is-vertically-aligned-top\" style=\"grid-template-columns: 25% auto;\">\r\n<figure class=\"wp-block-media-text__media\"><img loading=\"lazy\" decoding=\"async\" width=\"682\" height=\"1024\" class=\"wp-image-348 size-full\" src=\"http:\/\/www.fvplp.com\/victoire\/wp-content\/uploads\/2025\/07\/Ingabire-statement-682x1024.jpg\" alt=\"\" srcset=\"https:\/\/www.fvplp.com\/victoire\/wp-content\/uploads\/2025\/07\/Ingabire-statement-682x1024.jpg 682w, https:\/\/www.fvplp.com\/victoire\/wp-content\/uploads\/2025\/07\/Ingabire-statement-200x300.jpg 200w, https:\/\/www.fvplp.com\/victoire\/wp-content\/uploads\/2025\/07\/Ingabire-statement-768x1153.jpg 768w, https:\/\/www.fvplp.com\/victoire\/wp-content\/uploads\/2025\/07\/Ingabire-statement-1023x1536.jpg 1023w, https:\/\/www.fvplp.com\/victoire\/wp-content\/uploads\/2025\/07\/Ingabire-statement.jpg 1066w\" sizes=\"auto, (max-width: 682px) 100vw, 682px\" \/><\/figure>\r\n<div class=\"wp-block-media-text__content\">\r\n<p>La Fondation Victoire Pour la Paix condamne fermement l\u2019arrestation r\u00e9cente de Mme Victoire Ingabire Umuhoza, qui milite depuis toujours pour des r\u00e9formes de gouvernance au Rwanda et pour la paix dans l\u2019est de la R\u00e9publique d\u00e9mocratique du Congo par le dialogue.<br \/><br \/>Depuis son arrestation le 19 juin 2025, Victoire Ingabire Umuhoza est d\u00e9tenue dans des conditions non conformes aux normes internationales. Elle a \u00e9t\u00e9 soumise \u00e0 de longs interrogatoires qui se sont prolong\u00e9s jusqu&rsquo;aux premi\u00e8res heures du matin. Elle n&rsquo;a pas \u00e9t\u00e9 autoris\u00e9e \u00e0 communiquer avec sa famille aux Pays-Bas ni avec son \u00e9quipe juridique internationale, et personne d&rsquo;autre que son avocat au Rwanda n&rsquo;a \u00e9t\u00e9 autoris\u00e9e \u00e0 la rencontrer depuis son arrestation. Victoire n&rsquo;a pu sortir de sa cellule pour respirer l&rsquo;air frais que le 8 juillet 2025, lors de sa comparution devant le tribunal pour une audience pr\u00e9alable \u00e0 sa d\u00e9tention.<br \/><br \/>Il est crucial de noter que le Barreau du Rwanda (RBA) a \u00e9galement refus\u00e9 l\u2019autorisation \u00e0 un avocat kenyan qualifi\u00e9 pour repr\u00e9senter Victoire, invoquant la r\u00e9ciprocit\u00e9. Cette d\u00e9cision est contraire \u00e0 la l\u00e9gislation rwandaise, qui stipule que les accus\u00e9s ont le droit \u00e0 l&rsquo;avocat de leur choix et que les avocats de la Communaut\u00e9 d&rsquo;Afrique de l&rsquo;Est sont exclus de l&rsquo;obligation de r\u00e9ciprocit\u00e9.<br \/><br \/>Bien que l&rsquo;avocat rwandais de Victoire Ingabire Umuhoza ait \u00e9t\u00e9 autoris\u00e9 \u00e0 la rencontrer, leur entretien a \u00e9t\u00e9 limit\u00e9 \u00e0 30 minutes, ce qui \u00e9tait insuffisant pour une pr\u00e9paration s\u00e9rieuse du proc\u00e8s. Il a \u00e9t\u00e9 contraint de solliciter un d\u00e9lai suppl\u00e9mentaire, ainsi que l&rsquo;acc\u00e8s au dossier juridique de sa cliente, en intentant des recours en justice.Bien que deux heures suppl\u00e9mentaires aient \u00e9t\u00e9 accord\u00e9es, le droit de Victoire Ingabire Umuhoza \u00e0 disposer du temps et des ressources n\u00e9cessaires pour pr\u00e9parer son proc\u00e8s n&rsquo;est toujours pas respect\u00e9.<br \/><br \/>La Fondation Victoire Pour la paix d\u00e9nonce en cons\u00e9quence le placement d\u00e9lib\u00e9r\u00e9 de Victoire Ingabire Umuhoza dans une position qui vise \u00e0 porter atteinte \u00e0 sa sant\u00e9 mentale, \u00e9motionnelle et physique, et viole son droit \u00e0 un temps et \u00e0 une pr\u00e9paration ad\u00e9quate pour se d\u00e9fendre.<br \/><br \/>La Fondation Victoire pour la Paix exhorte les autorit\u00e9s rwandaises \u00e0 respecter leurs obligations nationales et internationales dans le traitement du cas de Victoire Ingabire Umuhoza. Elle appelle \u00e9galement la communaut\u00e9 internationale \u00e0 d\u00e9noncer la pers\u00e9cution persistante dont fait l&rsquo;objet Victoire Ingabire Umuhoza, figure largement reconnue pour son courage et son engagement en faveur de la paix et la libert\u00e9 d&rsquo;expression au Rwanda.<br \/><br \/>Fait \u00e0 Bruxelles, le 14 juillet 2025<\/p>\r\n<\/div>\r\n<\/div>\r\n","protected":false},"excerpt":{"rendered":"<p>&nbsp; La Fondation Victoire Pour la Paix condamne fermement l\u2019arrestation r\u00e9cente de Mme Victoire Ingabire Umuhoza, qui milite depuis toujours [&hellip;]<\/p>\n","protected":false},"author":1,"featured_media":350,"comment_status":"closed","ping_status":"open","sticky":false,"template":"","format":"standard","meta":{"_uag_custom_page_level_css":"","site-sidebar-layout":"default","site-content-layout":"","ast-site-content-layout":"default","site-content-style":"default","site-sidebar-style":"default","ast-global-header-display":"","ast-banner-title-visibility":"","ast-main-header-display":"","ast-hfb-above-header-display":"","ast-hfb-below-header-display":"","ast-hfb-mobile-header-display":"","site-post-title":"","ast-breadcrumbs-content":"","ast-featured-img":"","footer-sml-layout":"","ast-disable-related-posts":"","theme-transparent-header-meta":"default","adv-header-id-meta":"","stick-header-meta":"","header-above-stick-meta":"","header-main-stick-meta":"","header-below-stick-meta":"","astra-migrate-meta-layouts":"set","ast-page-background-enabled":"default","ast-page-background-meta":{"desktop":{"background-color":"var(--ast-global-color-5)","background-image":"","background-repeat":"repeat","background-position":"center center","background-size":"auto","background-attachment":"scroll","background-type":"","background-media":"","overlay-type":"","overlay-color":"","overlay-opacity":"","overlay-gradient":""},"tablet":{"background-color":"","background-image":"","background-repeat":"repeat","background-position":"center center","background-size":"auto","background-attachment":"scroll","background-type":"","background-media":"","overlay-type":"","overlay-color":"","overlay-opacity":"","overlay-gradient":""},"mobile":{"background-color":"","background-image":"","background-repeat":"repeat","background-position":"center center","background-size":"auto","background-attachment":"scroll","background-type":"","background-media":"","overlay-type":"","overlay-color":"","overlay-opacity":"","overlay-gradient":""}},"ast-content-background-meta":{"desktop":{"background-color":"var(--ast-global-color-4)","background-image":"","background-repeat":"repeat","background-position":"center center","background-size":"auto","background-attachment":"scroll","background-type":"","background-media":"","overlay-type":"","overlay-color":"","overlay-opacity":"","overlay-gradient":""},"tablet":{"background-color":"var(--ast-global-color-4)","background-image":"","background-repeat":"repeat","background-position":"center center","background-size":"auto","background-attachment":"scroll","background-type":"","background-media":"","overlay-type":"","overlay-color":"","overlay-opacity":"","overlay-gradient":""},"mobile":{"background-color":"var(--ast-global-color-4)","background-image":"","background-repeat":"repeat","background-position":"center center","background-size":"auto","background-attachment":"scroll","background-type":"","background-media":"","overlay-type":"","overlay-color":"","overlay-opacity":"","overlay-gradient":""}},"footnotes":""},"categories":[1],"tags":[],"class_list":["post-355","post","type-post","status-publish","format-standard","has-post-thumbnail","hentry","category-uncategorized"],"yoast_head":"<!-- This site is optimized with the Yoast SEO plugin v27.4 - https:\/\/yoast.com\/product\/yoast-seo-wordpress\/ -->\n<title>La Fondation Victoire pour la Paix exhorte les autorit\u00e9s rwandaises \u00e0 se conformer \u00e0 leurs obligations nationales et internationales dans le traitement du cas de Victoire Ingabire Umuhoza. |<\/title>\n<meta name=\"description\" content=\"La Fondation Victoire pour la Paix d\u00e9nonce l\u2019arrestation de Victoire Ingabire et les violations de ses droits fondamentaux par les autorit\u00e9s\" \/>\n<meta name=\"robots\" content=\"index, follow, max-snippet:-1, max-image-preview:large, max-video-preview:-1\" \/>\n<link rel=\"canonical\" href=\"https:\/\/www.fvplp.com\/victoire\/victoire-ingabire-detention-droits-rwanda-2025\/\" \/>\n<meta property=\"og:locale\" content=\"fr_FR\" \/>\n<meta property=\"og:type\" content=\"article\" \/>\n<meta property=\"og:title\" content=\"La Fondation Victoire pour la Paix exhorte les autorit\u00e9s rwandaises \u00e0 se conformer \u00e0 leurs obligations nationales et internationales dans le traitement du cas de Victoire Ingabire Umuhoza. |\" \/>\n<meta property=\"og:description\" content=\"La Fondation Victoire pour la Paix d\u00e9nonce l\u2019arrestation de Victoire Ingabire et les violations de ses droits fondamentaux par les autorit\u00e9s\" \/>\n<meta property=\"og:url\" content=\"https:\/\/www.fvplp.com\/victoire\/victoire-ingabire-detention-droits-rwanda-2025\/\" \/>\n<meta property=\"article:published_time\" content=\"2025-07-14T18:59:31+00:00\" \/>\n<meta property=\"article:modified_time\" content=\"2025-08-07T09:19:18+00:00\" \/>\n<meta property=\"og:image\" content=\"https:\/\/www.fvplp.com\/victoire\/wp-content\/uploads\/2025\/07\/cropped-new-logo.png\" \/>\n\t<meta property=\"og:image:width\" content=\"295\" \/>\n\t<meta property=\"og:image:height\" content=\"125\" \/>\n\t<meta property=\"og:image:type\" content=\"image\/png\" \/>\n<meta name=\"author\" content=\"mugabo\" \/>\n<meta name=\"twitter:card\" content=\"summary_large_image\" \/>\n<meta name=\"twitter:label1\" content=\"\u00c9crit par\" \/>\n\t<meta name=\"twitter:data1\" content=\"mugabo\" \/>\n\t<meta name=\"twitter:label2\" content=\"Dur\u00e9e de lecture estim\u00e9e\" \/>\n\t<meta name=\"twitter:data2\" content=\"3 minutes\" \/>\n<script type=\"application\/ld+json\" class=\"yoast-schema-graph\">{\"@context\":\"https:\\\/\\\/schema.org\",\"@graph\":[{\"@type\":\"Article\",\"@id\":\"https:\\\/\\\/www.fvplp.com\\\/victoire\\\/victoire-ingabire-detention-droits-rwanda-2025\\\/#article\",\"isPartOf\":{\"@id\":\"https:\\\/\\\/www.fvplp.com\\\/victoire\\\/victoire-ingabire-detention-droits-rwanda-2025\\\/\"},\"author\":{\"name\":\"mugabo\",\"@id\":\"https:\\\/\\\/www.fvplp.com\\\/victoire\\\/#\\\/schema\\\/person\\\/648deca6b3b20cff967078a8cab9d343\"},\"headline\":\"La Fondation Victoire pour la Paix exhorte les autorit\u00e9s rwandaises \u00e0 se conformer \u00e0 leurs obligations nationales et internationales dans le traitement du cas de Victoire Ingabire Umuhoza.\",\"datePublished\":\"2025-07-14T18:59:31+00:00\",\"dateModified\":\"2025-08-07T09:19:18+00:00\",\"mainEntityOfPage\":{\"@id\":\"https:\\\/\\\/www.fvplp.com\\\/victoire\\\/victoire-ingabire-detention-droits-rwanda-2025\\\/\"},\"wordCount\":453,\"publisher\":{\"@id\":\"https:\\\/\\\/www.fvplp.com\\\/victoire\\\/#organization\"},\"image\":{\"@id\":\"https:\\\/\\\/www.fvplp.com\\\/victoire\\\/victoire-ingabire-detention-droits-rwanda-2025\\\/#primaryimage\"},\"thumbnailUrl\":\"https:\\\/\\\/www.fvplp.com\\\/victoire\\\/wp-content\\\/uploads\\\/2025\\\/07\\\/cropped-new-logo.png\",\"articleSection\":[\"Uncategorized\"],\"inLanguage\":\"fr-FR\"},{\"@type\":\"WebPage\",\"@id\":\"https:\\\/\\\/www.fvplp.com\\\/victoire\\\/victoire-ingabire-detention-droits-rwanda-2025\\\/\",\"url\":\"https:\\\/\\\/www.fvplp.com\\\/victoire\\\/victoire-ingabire-detention-droits-rwanda-2025\\\/\",\"name\":\"La Fondation Victoire pour la Paix exhorte les autorit\u00e9s rwandaises \u00e0 se conformer \u00e0 leurs obligations nationales et internationales dans le traitement du cas de Victoire Ingabire Umuhoza. |\",\"isPartOf\":{\"@id\":\"https:\\\/\\\/www.fvplp.com\\\/victoire\\\/#website\"},\"primaryImageOfPage\":{\"@id\":\"https:\\\/\\\/www.fvplp.com\\\/victoire\\\/victoire-ingabire-detention-droits-rwanda-2025\\\/#primaryimage\"},\"image\":{\"@id\":\"https:\\\/\\\/www.fvplp.com\\\/victoire\\\/victoire-ingabire-detention-droits-rwanda-2025\\\/#primaryimage\"},\"thumbnailUrl\":\"https:\\\/\\\/www.fvplp.com\\\/victoire\\\/wp-content\\\/uploads\\\/2025\\\/07\\\/cropped-new-logo.png\",\"datePublished\":\"2025-07-14T18:59:31+00:00\",\"dateModified\":\"2025-08-07T09:19:18+00:00\",\"description\":\"La Fondation Victoire pour la Paix d\u00e9nonce l\u2019arrestation de Victoire Ingabire et les violations de ses droits fondamentaux par les autorit\u00e9s\",\"breadcrumb\":{\"@id\":\"https:\\\/\\\/www.fvplp.com\\\/victoire\\\/victoire-ingabire-detention-droits-rwanda-2025\\\/#breadcrumb\"},\"inLanguage\":\"fr-FR\",\"potentialAction\":[{\"@type\":\"ReadAction\",\"target\":[\"https:\\\/\\\/www.fvplp.com\\\/victoire\\\/victoire-ingabire-detention-droits-rwanda-2025\\\/\"]}]},{\"@type\":\"ImageObject\",\"inLanguage\":\"fr-FR\",\"@id\":\"https:\\\/\\\/www.fvplp.com\\\/victoire\\\/victoire-ingabire-detention-droits-rwanda-2025\\\/#primaryimage\",\"url\":\"https:\\\/\\\/www.fvplp.com\\\/victoire\\\/wp-content\\\/uploads\\\/2025\\\/07\\\/cropped-new-logo.png\",\"contentUrl\":\"https:\\\/\\\/www.fvplp.com\\\/victoire\\\/wp-content\\\/uploads\\\/2025\\\/07\\\/cropped-new-logo.png\",\"width\":295,\"height\":125},{\"@type\":\"BreadcrumbList\",\"@id\":\"https:\\\/\\\/www.fvplp.com\\\/victoire\\\/victoire-ingabire-detention-droits-rwanda-2025\\\/#breadcrumb\",\"itemListElement\":[{\"@type\":\"ListItem\",\"position\":1,\"name\":\"Accueil\",\"item\":\"http:\\\/\\\/www.fvplp.com\\\/victoire\\\/\"},{\"@type\":\"ListItem\",\"position\":2,\"name\":\"La Fondation Victoire pour la Paix exhorte les autorit\u00e9s rwandaises \u00e0 se conformer \u00e0 leurs obligations nationales et internationales dans le traitement du cas de Victoire Ingabire Umuhoza.\"}]},{\"@type\":\"WebSite\",\"@id\":\"https:\\\/\\\/www.fvplp.com\\\/victoire\\\/#website\",\"url\":\"https:\\\/\\\/www.fvplp.com\\\/victoire\\\/\",\"name\":\"Fondation Victoire pour la Paix\",\"description\":\"Fondation Victoire Pour La Paix\",\"publisher\":{\"@id\":\"https:\\\/\\\/www.fvplp.com\\\/victoire\\\/#organization\"},\"alternateName\":\"Fondation Victoire pour la Paix\",\"potentialAction\":[{\"@type\":\"SearchAction\",\"target\":{\"@type\":\"EntryPoint\",\"urlTemplate\":\"https:\\\/\\\/www.fvplp.com\\\/victoire\\\/?s={search_term_string}\"},\"query-input\":{\"@type\":\"PropertyValueSpecification\",\"valueRequired\":true,\"valueName\":\"search_term_string\"}}],\"inLanguage\":\"fr-FR\"},{\"@type\":\"Organization\",\"@id\":\"https:\\\/\\\/www.fvplp.com\\\/victoire\\\/#organization\",\"name\":\"Fondation Victoire pour la Paix\",\"url\":\"https:\\\/\\\/www.fvplp.com\\\/victoire\\\/\",\"logo\":{\"@type\":\"ImageObject\",\"inLanguage\":\"fr-FR\",\"@id\":\"https:\\\/\\\/www.fvplp.com\\\/victoire\\\/#\\\/schema\\\/logo\\\/image\\\/\",\"url\":\"https:\\\/\\\/www.fvplp.com\\\/victoire\\\/wp-content\\\/uploads\\\/2025\\\/01\\\/cropped-cropped-new-logo.png\",\"contentUrl\":\"https:\\\/\\\/www.fvplp.com\\\/victoire\\\/wp-content\\\/uploads\\\/2025\\\/01\\\/cropped-cropped-new-logo.png\",\"width\":295,\"height\":125,\"caption\":\"Fondation Victoire pour la Paix\"},\"image\":{\"@id\":\"https:\\\/\\\/www.fvplp.com\\\/victoire\\\/#\\\/schema\\\/logo\\\/image\\\/\"}},{\"@type\":\"Person\",\"@id\":\"https:\\\/\\\/www.fvplp.com\\\/victoire\\\/#\\\/schema\\\/person\\\/648deca6b3b20cff967078a8cab9d343\",\"name\":\"mugabo\",\"image\":{\"@type\":\"ImageObject\",\"inLanguage\":\"fr-FR\",\"@id\":\"https:\\\/\\\/secure.gravatar.com\\\/avatar\\\/332f5e7209bda5c3e316f358bdfa8e5831f8a5a83a8e45b9d31218bc0ef4c5b4?s=96&d=mm&r=g\",\"url\":\"https:\\\/\\\/secure.gravatar.com\\\/avatar\\\/332f5e7209bda5c3e316f358bdfa8e5831f8a5a83a8e45b9d31218bc0ef4c5b4?s=96&d=mm&r=g\",\"contentUrl\":\"https:\\\/\\\/secure.gravatar.com\\\/avatar\\\/332f5e7209bda5c3e316f358bdfa8e5831f8a5a83a8e45b9d31218bc0ef4c5b4?s=96&d=mm&r=g\",\"caption\":\"mugabo\"},\"sameAs\":[\"http:\\\/\\\/www.fvplp.com\\\/victoire\"]}]}<\/script>\n<!-- \/ Yoast SEO plugin. -->","yoast_head_json":{"title":"La Fondation Victoire pour la Paix exhorte les autorit\u00e9s rwandaises \u00e0 se conformer \u00e0 leurs obligations nationales et internationales dans le traitement du cas de Victoire Ingabire Umuhoza. |","description":"La Fondation Victoire pour la Paix d\u00e9nonce l\u2019arrestation de Victoire Ingabire et les violations de ses droits fondamentaux par les autorit\u00e9s","robots":{"index":"index","follow":"follow","max-snippet":"max-snippet:-1","max-image-preview":"max-image-preview:large","max-video-preview":"max-video-preview:-1"},"canonical":"https:\/\/www.fvplp.com\/victoire\/victoire-ingabire-detention-droits-rwanda-2025\/","og_locale":"fr_FR","og_type":"article","og_title":"La Fondation Victoire pour la Paix exhorte les autorit\u00e9s rwandaises \u00e0 se conformer \u00e0 leurs obligations nationales et internationales dans le traitement du cas de Victoire Ingabire Umuhoza. |","og_description":"La Fondation Victoire pour la Paix d\u00e9nonce l\u2019arrestation de Victoire Ingabire et les violations de ses droits fondamentaux par les autorit\u00e9s","og_url":"https:\/\/www.fvplp.com\/victoire\/victoire-ingabire-detention-droits-rwanda-2025\/","article_published_time":"2025-07-14T18:59:31+00:00","article_modified_time":"2025-08-07T09:19:18+00:00","og_image":[{"width":295,"height":125,"url":"https:\/\/www.fvplp.com\/victoire\/wp-content\/uploads\/2025\/07\/cropped-new-logo.png","type":"image\/png"}],"author":"mugabo","twitter_card":"summary_large_image","twitter_misc":{"\u00c9crit par":"mugabo","Dur\u00e9e de lecture estim\u00e9e":"3 minutes"},"schema":{"@context":"https:\/\/schema.org","@graph":[{"@type":"Article","@id":"https:\/\/www.fvplp.com\/victoire\/victoire-ingabire-detention-droits-rwanda-2025\/#article","isPartOf":{"@id":"https:\/\/www.fvplp.com\/victoire\/victoire-ingabire-detention-droits-rwanda-2025\/"},"author":{"name":"mugabo","@id":"https:\/\/www.fvplp.com\/victoire\/#\/schema\/person\/648deca6b3b20cff967078a8cab9d343"},"headline":"La Fondation Victoire pour la Paix exhorte les autorit\u00e9s rwandaises \u00e0 se conformer \u00e0 leurs obligations nationales et internationales dans le traitement du cas de Victoire Ingabire Umuhoza.","datePublished":"2025-07-14T18:59:31+00:00","dateModified":"2025-08-07T09:19:18+00:00","mainEntityOfPage":{"@id":"https:\/\/www.fvplp.com\/victoire\/victoire-ingabire-detention-droits-rwanda-2025\/"},"wordCount":453,"publisher":{"@id":"https:\/\/www.fvplp.com\/victoire\/#organization"},"image":{"@id":"https:\/\/www.fvplp.com\/victoire\/victoire-ingabire-detention-droits-rwanda-2025\/#primaryimage"},"thumbnailUrl":"https:\/\/www.fvplp.com\/victoire\/wp-content\/uploads\/2025\/07\/cropped-new-logo.png","articleSection":["Uncategorized"],"inLanguage":"fr-FR"},{"@type":"WebPage","@id":"https:\/\/www.fvplp.com\/victoire\/victoire-ingabire-detention-droits-rwanda-2025\/","url":"https:\/\/www.fvplp.com\/victoire\/victoire-ingabire-detention-droits-rwanda-2025\/","name":"La Fondation Victoire pour la Paix exhorte les autorit\u00e9s rwandaises \u00e0 se conformer \u00e0 leurs obligations nationales et internationales dans le traitement du cas de Victoire Ingabire Umuhoza. |","isPartOf":{"@id":"https:\/\/www.fvplp.com\/victoire\/#website"},"primaryImageOfPage":{"@id":"https:\/\/www.fvplp.com\/victoire\/victoire-ingabire-detention-droits-rwanda-2025\/#primaryimage"},"image":{"@id":"https:\/\/www.fvplp.com\/victoire\/victoire-ingabire-detention-droits-rwanda-2025\/#primaryimage"},"thumbnailUrl":"https:\/\/www.fvplp.com\/victoire\/wp-content\/uploads\/2025\/07\/cropped-new-logo.png","datePublished":"2025-07-14T18:59:31+00:00","dateModified":"2025-08-07T09:19:18+00:00","description":"La Fondation Victoire pour la Paix d\u00e9nonce l\u2019arrestation de Victoire Ingabire et les violations de ses droits fondamentaux par les autorit\u00e9s","breadcrumb":{"@id":"https:\/\/www.fvplp.com\/victoire\/victoire-ingabire-detention-droits-rwanda-2025\/#breadcrumb"},"inLanguage":"fr-FR","potentialAction":[{"@type":"ReadAction","target":["https:\/\/www.fvplp.com\/victoire\/victoire-ingabire-detention-droits-rwanda-2025\/"]}]},{"@type":"ImageObject","inLanguage":"fr-FR","@id":"https:\/\/www.fvplp.com\/victoire\/victoire-ingabire-detention-droits-rwanda-2025\/#primaryimage","url":"https:\/\/www.fvplp.com\/victoire\/wp-content\/uploads\/2025\/07\/cropped-new-logo.png","contentUrl":"https:\/\/www.fvplp.com\/victoire\/wp-content\/uploads\/2025\/07\/cropped-new-logo.png","width":295,"height":125},{"@type":"BreadcrumbList","@id":"https:\/\/www.fvplp.com\/victoire\/victoire-ingabire-detention-droits-rwanda-2025\/#breadcrumb","itemListElement":[{"@type":"ListItem","position":1,"name":"Accueil","item":"http:\/\/www.fvplp.com\/victoire\/"},{"@type":"ListItem","position":2,"name":"La Fondation Victoire pour la Paix exhorte les autorit\u00e9s rwandaises \u00e0 se conformer \u00e0 leurs obligations nationales et internationales dans le traitement du cas de Victoire Ingabire Umuhoza."}]},{"@type":"WebSite","@id":"https:\/\/www.fvplp.com\/victoire\/#website","url":"https:\/\/www.fvplp.com\/victoire\/","name":"Fondation Victoire pour la Paix","description":"Fondation Victoire Pour La Paix","publisher":{"@id":"https:\/\/www.fvplp.com\/victoire\/#organization"},"alternateName":"Fondation Victoire pour la Paix","potentialAction":[{"@type":"SearchAction","target":{"@type":"EntryPoint","urlTemplate":"https:\/\/www.fvplp.com\/victoire\/?s={search_term_string}"},"query-input":{"@type":"PropertyValueSpecification","valueRequired":true,"valueName":"search_term_string"}}],"inLanguage":"fr-FR"},{"@type":"Organization","@id":"https:\/\/www.fvplp.com\/victoire\/#organization","name":"Fondation Victoire pour la Paix","url":"https:\/\/www.fvplp.com\/victoire\/","logo":{"@type":"ImageObject","inLanguage":"fr-FR","@id":"https:\/\/www.fvplp.com\/victoire\/#\/schema\/logo\/image\/","url":"https:\/\/www.fvplp.com\/victoire\/wp-content\/uploads\/2025\/01\/cropped-cropped-new-logo.png","contentUrl":"https:\/\/www.fvplp.com\/victoire\/wp-content\/uploads\/2025\/01\/cropped-cropped-new-logo.png","width":295,"height":125,"caption":"Fondation Victoire pour la Paix"},"image":{"@id":"https:\/\/www.fvplp.com\/victoire\/#\/schema\/logo\/image\/"}},{"@type":"Person","@id":"https:\/\/www.fvplp.com\/victoire\/#\/schema\/person\/648deca6b3b20cff967078a8cab9d343","name":"mugabo","image":{"@type":"ImageObject","inLanguage":"fr-FR","@id":"https:\/\/secure.gravatar.com\/avatar\/332f5e7209bda5c3e316f358bdfa8e5831f8a5a83a8e45b9d31218bc0ef4c5b4?s=96&d=mm&r=g","url":"https:\/\/secure.gravatar.com\/avatar\/332f5e7209bda5c3e316f358bdfa8e5831f8a5a83a8e45b9d31218bc0ef4c5b4?s=96&d=mm&r=g","contentUrl":"https:\/\/secure.gravatar.com\/avatar\/332f5e7209bda5c3e316f358bdfa8e5831f8a5a83a8e45b9d31218bc0ef4c5b4?s=96&d=mm&r=g","caption":"mugabo"},"sameAs":["http:\/\/www.fvplp.com\/victoire"]}]}},"uagb_featured_image_src":{"full":["https:\/\/www.fvplp.com\/victoire\/wp-content\/uploads\/2025\/07\/cropped-new-logo.png",295,125,false],"thumbnail":["https:\/\/www.fvplp.com\/victoire\/wp-content\/uploads\/2025\/07\/cropped-new-logo-150x125.png",150,125,true],"medium":["https:\/\/www.fvplp.com\/victoire\/wp-content\/uploads\/2025\/07\/cropped-new-logo.png",295,125,false],"medium_large":["https:\/\/www.fvplp.com\/victoire\/wp-content\/uploads\/2025\/07\/cropped-new-logo.png",295,125,false],"large":["https:\/\/www.fvplp.com\/victoire\/wp-content\/uploads\/2025\/07\/cropped-new-logo.png",295,125,false],"1536x1536":["https:\/\/www.fvplp.com\/victoire\/wp-content\/uploads\/2025\/07\/cropped-new-logo.png",295,125,false],"2048x2048":["https:\/\/www.fvplp.com\/victoire\/wp-content\/uploads\/2025\/07\/cropped-new-logo.png",295,125,false]},"uagb_author_info":{"display_name":"mugabo","author_link":"https:\/\/www.fvplp.com\/victoire\/author\/mugabo\/"},"uagb_comment_info":0,"uagb_excerpt":"&nbsp; La Fondation Victoire Pour la Paix condamne fermement l\u2019arrestation r\u00e9cente de Mme Victoire Ingabire Umuhoza, qui milite depuis toujours [&hellip;]","_links":{"self":[{"href":"https:\/\/www.fvplp.com\/victoire\/wp-json\/wp\/v2\/posts\/355","targetHints":{"allow":["GET"]}}],"collection":[{"href":"https:\/\/www.fvplp.com\/victoire\/wp-json\/wp\/v2\/posts"}],"about":[{"href":"https:\/\/www.fvplp.com\/victoire\/wp-json\/wp\/v2\/types\/post"}],"author":[{"embeddable":true,"href":"https:\/\/www.fvplp.com\/victoire\/wp-json\/wp\/v2\/users\/1"}],"replies":[{"embeddable":true,"href":"https:\/\/www.fvplp.com\/victoire\/wp-json\/wp\/v2\/comments?post=355"}],"version-history":[{"count":15,"href":"https:\/\/www.fvplp.com\/victoire\/wp-json\/wp\/v2\/posts\/355\/revisions"}],"predecessor-version":[{"id":421,"href":"https:\/\/www.fvplp.com\/victoire\/wp-json\/wp\/v2\/posts\/355\/revisions\/421"}],"wp:featuredmedia":[{"embeddable":true,"href":"https:\/\/www.fvplp.com\/victoire\/wp-json\/wp\/v2\/media\/350"}],"wp:attachment":[{"href":"https:\/\/www.fvplp.com\/victoire\/wp-json\/wp\/v2\/media?parent=355"}],"wp:term":[{"taxonomy":"category","embeddable":true,"href":"https:\/\/www.fvplp.com\/victoire\/wp-json\/wp\/v2\/categories?post=355"},{"taxonomy":"post_tag","embeddable":true,"href":"https:\/\/www.fvplp.com\/victoire\/wp-json\/wp\/v2\/tags?post=355"}],"curies":[{"name":"wp","href":"https:\/\/api.w.org\/{rel}","templated":true}]}}