{"id":110,"date":"2025-01-26T11:41:50","date_gmt":"2025-01-26T11:41:50","guid":{"rendered":"http:\/\/www.fvplp.com\/victoire\/?p=110"},"modified":"2025-01-26T11:51:59","modified_gmt":"2025-01-26T11:51:59","slug":"rwanda-la-condamnation-de-victoire-ingabire","status":"publish","type":"post","link":"https:\/\/www.fvplp.com\/victoire\/rwanda-la-condamnation-de-victoire-ingabire\/","title":{"rendered":"Rwanda : la condamnation de Victoire Ingabire, ou la r\u00e9conciliation nationale selon Kigali"},"content":{"rendered":"<p><img loading=\"lazy\" decoding=\"async\" class=\"alignnone size-medium wp-image-113\" src=\"http:\/\/www.fvplp.com\/victoire\/wp-content\/uploads\/2025\/01\/Document-de-Serge-Dupuis-300x252.jpg\" alt=\"\" width=\"300\" height=\"252\" srcset=\"https:\/\/www.fvplp.com\/victoire\/wp-content\/uploads\/2025\/01\/Document-de-Serge-Dupuis-300x252.jpg 300w, https:\/\/www.fvplp.com\/victoire\/wp-content\/uploads\/2025\/01\/Document-de-Serge-Dupuis.jpg 512w\" sizes=\"auto, (max-width: 300px) 100vw, 300px\" \/><\/p>\n<p>Au mois d\u2019octobre dernier, <strong>Victoire Ingabire<\/strong>, pr\u00e9sidente des <strong>FDU Inkingi<\/strong> (<strong>Forces d\u00e9mocratiques unifi\u00e9es<\/strong>), parti d\u2019opposition rwandais en exil, \u00e9tait condamn\u00e9e \u00e0 huit ans de prison par la Haute Cour de Kigali pour \u00ab conspiration contre les autorit\u00e9s par le terrorisme et la guerre \u00bb et n\u00e9gation du g\u00e9nocide des Rwandais tutsis du printemps 1994<\/p>\n<p><a href=\"http:\/\/www.fvplp.com\/victoire\/wp-content\/uploads\/2025\/01\/Fondation-Jean-Jaures-Vs-Victoire-vs-proces.pdf\" target=\"_blank\" rel=\"noopener\">Document de Serge Dupuis, chercheur, sp\u00e9cialiste de l\u2019Afrique des Grands Lacs<\/a><\/p>\n<p><a href=\"http:\/\/www.fvplp.com\/victoire\/wp-content\/uploads\/2025\/01\/Fondation-Jean-Jaures-Vs-Victoire-vs-proces.pdf\" target=\"_blank\" rel=\"noopener\">Fondation-Jean-Jaures-Vs-Victoire-vs-proc\u00e8s<\/a><\/p>\n<p>&nbsp;<\/p>\n","protected":false},"excerpt":{"rendered":"<p>Au mois d\u2019octobre dernier, Victoire Ingabire, pr\u00e9sidente des FDU Inkingi (Forces d\u00e9mocratiques unifi\u00e9es), parti d\u2019opposition rwandais en exil, \u00e9tait condamn\u00e9e [&hellip;]<\/p>\n","protected":false},"author":1,"featured_media":113,"comment_status":"closed","ping_status":"open","sticky":false,"template":"","format":"standard","meta":{"_uag_custom_page_level_css":"","site-sidebar-layout":"default","site-content-layout":"","ast-site-content-layout":"default","site-content-style":"default","site-sidebar-style":"default","ast-global-header-display":"","ast-banner-title-visibility":"","ast-main-header-display":"","ast-hfb-above-header-display":"","ast-hfb-below-header-display":"","ast-hfb-mobile-header-display":"","site-post-title":"","ast-breadcrumbs-content":"","ast-featured-img":"","footer-sml-layout":"","ast-disable-related-posts":"","theme-transparent-header-meta":"default","adv-header-id-meta":"","stick-header-meta":"","header-above-stick-meta":"","header-main-stick-meta":"","header-below-stick-meta":"","astra-migrate-meta-layouts":"set","ast-page-background-enabled":"default","ast-page-background-meta":{"desktop":{"background-color":"var(--ast-global-color-5)","background-image":"","background-repeat":"repeat","background-position":"center center","background-size":"auto","background-attachment":"scroll","background-type":"","background-media":"","overlay-type":"","overlay-color":"","overlay-opacity":"","overlay-gradient":""},"tablet":{"background-color":"","background-image":"","background-repeat":"repeat","background-position":"center center","background-size":"auto","background-attachment":"scroll","background-type":"","background-media":"","overlay-type":"","overlay-color":"","overlay-opacity":"","overlay-gradient":""},"mobile":{"background-color":"","background-image":"","background-repeat":"repeat","background-position":"center center","background-size":"auto","background-attachment":"scroll","background-type":"","background-media":"","overlay-type":"","overlay-color":"","overlay-opacity":"","overlay-gradient":""}},"ast-content-background-meta":{"desktop":{"background-color":"var(--ast-global-color-4)","background-image":"","background-repeat":"repeat","background-position":"center center","background-size":"auto","background-attachment":"scroll","background-type":"","background-media":"","overlay-type":"","overlay-color":"","overlay-opacity":"","overlay-gradient":""},"tablet":{"background-color":"var(--ast-global-color-4)","background-image":"","background-repeat":"repeat","background-position":"center center","background-size":"auto","background-attachment":"scroll","background-type":"","background-media":"","overlay-type":"","overlay-color":"","overlay-opacity":"","overlay-gradient":""},"mobile":{"background-color":"var(--ast-global-color-4)","background-image":"","background-repeat":"repeat","background-position":"center center","background-size":"auto","background-attachment":"scroll","background-type":"","background-media":"","overlay-type":"","overlay-color":"","overlay-opacity":"","overlay-gradient":""}},"footnotes":""},"categories":[1],"tags":[],"class_list":["post-110","post","type-post","status-publish","format-standard","has-post-thumbnail","hentry","category-uncategorized"],"yoast_head":"<!-- This site is optimized with the Yoast SEO plugin v27.4 - https:\/\/yoast.com\/product\/yoast-seo-wordpress\/ -->\n<title>Rwanda : la condamnation de Victoire Ingabire, ou la r\u00e9conciliation nationale selon Kigali |<\/title>\n<meta name=\"description\" content=\"Victoire Ingabire, pr\u00e9sidente des FDU Inkingi (Forces d\u00e9mocratiques unifi\u00e9es), parti d\u2019opposition rwandais en exil, \u00e9tait condamn\u00e9e \u00e0 huit\" \/>\n<meta name=\"robots\" content=\"index, follow, max-snippet:-1, max-image-preview:large, max-video-preview:-1\" \/>\n<link rel=\"canonical\" href=\"https:\/\/www.fvplp.com\/victoire\/rwanda-la-condamnation-de-victoire-ingabire\/\" \/>\n<meta property=\"og:locale\" content=\"fr_FR\" \/>\n<meta property=\"og:type\" content=\"article\" \/>\n<meta property=\"og:title\" content=\"Rwanda : la condamnation de Victoire Ingabire, ou la r\u00e9conciliation nationale selon Kigali |\" \/>\n<meta property=\"og:description\" content=\"Victoire Ingabire, pr\u00e9sidente des FDU Inkingi (Forces d\u00e9mocratiques unifi\u00e9es), parti d\u2019opposition rwandais en exil, \u00e9tait condamn\u00e9e \u00e0 huit\" \/>\n<meta property=\"og:url\" content=\"https:\/\/www.fvplp.com\/victoire\/rwanda-la-condamnation-de-victoire-ingabire\/\" \/>\n<meta property=\"article:published_time\" content=\"2025-01-26T11:41:50+00:00\" \/>\n<meta property=\"article:modified_time\" content=\"2025-01-26T11:51:59+00:00\" \/>\n<meta property=\"og:image\" content=\"http:\/\/www.fvplp.com\/victoire\/wp-content\/uploads\/2025\/01\/Document-de-Serge-Dupuis.jpg\" \/>\n\t<meta property=\"og:image:width\" content=\"512\" \/>\n\t<meta property=\"og:image:height\" content=\"430\" \/>\n\t<meta property=\"og:image:type\" content=\"image\/jpeg\" \/>\n<meta name=\"author\" content=\"mugabo\" \/>\n<meta name=\"twitter:card\" content=\"summary_large_image\" \/>\n<meta name=\"twitter:label1\" content=\"\u00c9crit par\" \/>\n\t<meta name=\"twitter:data1\" content=\"mugabo\" \/>\n\t<meta name=\"twitter:label2\" content=\"Dur\u00e9e de lecture estim\u00e9e\" \/>\n\t<meta name=\"twitter:data2\" content=\"1 minute\" \/>\n<script type=\"application\/ld+json\" class=\"yoast-schema-graph\">{\"@context\":\"https:\\\/\\\/schema.org\",\"@graph\":[{\"@type\":\"Article\",\"@id\":\"https:\\\/\\\/www.fvplp.com\\\/victoire\\\/rwanda-la-condamnation-de-victoire-ingabire\\\/#article\",\"isPartOf\":{\"@id\":\"https:\\\/\\\/www.fvplp.com\\\/victoire\\\/rwanda-la-condamnation-de-victoire-ingabire\\\/\"},\"author\":{\"name\":\"mugabo\",\"@id\":\"https:\\\/\\\/www.fvplp.com\\\/victoire\\\/#\\\/schema\\\/person\\\/648deca6b3b20cff967078a8cab9d343\"},\"headline\":\"Rwanda : la condamnation de Victoire Ingabire, ou la r\u00e9conciliation nationale selon Kigali\",\"datePublished\":\"2025-01-26T11:41:50+00:00\",\"dateModified\":\"2025-01-26T11:51:59+00:00\",\"mainEntityOfPage\":{\"@id\":\"https:\\\/\\\/www.fvplp.com\\\/victoire\\\/rwanda-la-condamnation-de-victoire-ingabire\\\/\"},\"wordCount\":88,\"publisher\":{\"@id\":\"https:\\\/\\\/www.fvplp.com\\\/victoire\\\/#organization\"},\"image\":{\"@id\":\"https:\\\/\\\/www.fvplp.com\\\/victoire\\\/rwanda-la-condamnation-de-victoire-ingabire\\\/#primaryimage\"},\"thumbnailUrl\":\"https:\\\/\\\/www.fvplp.com\\\/victoire\\\/wp-content\\\/uploads\\\/2025\\\/01\\\/Document-de-Serge-Dupuis.jpg\",\"articleSection\":[\"Uncategorized\"],\"inLanguage\":\"fr-FR\"},{\"@type\":\"WebPage\",\"@id\":\"https:\\\/\\\/www.fvplp.com\\\/victoire\\\/rwanda-la-condamnation-de-victoire-ingabire\\\/\",\"url\":\"https:\\\/\\\/www.fvplp.com\\\/victoire\\\/rwanda-la-condamnation-de-victoire-ingabire\\\/\",\"name\":\"Rwanda : la condamnation de Victoire Ingabire, ou la r\u00e9conciliation nationale selon Kigali |\",\"isPartOf\":{\"@id\":\"https:\\\/\\\/www.fvplp.com\\\/victoire\\\/#website\"},\"primaryImageOfPage\":{\"@id\":\"https:\\\/\\\/www.fvplp.com\\\/victoire\\\/rwanda-la-condamnation-de-victoire-ingabire\\\/#primaryimage\"},\"image\":{\"@id\":\"https:\\\/\\\/www.fvplp.com\\\/victoire\\\/rwanda-la-condamnation-de-victoire-ingabire\\\/#primaryimage\"},\"thumbnailUrl\":\"https:\\\/\\\/www.fvplp.com\\\/victoire\\\/wp-content\\\/uploads\\\/2025\\\/01\\\/Document-de-Serge-Dupuis.jpg\",\"datePublished\":\"2025-01-26T11:41:50+00:00\",\"dateModified\":\"2025-01-26T11:51:59+00:00\",\"description\":\"Victoire Ingabire, pr\u00e9sidente des FDU Inkingi (Forces d\u00e9mocratiques unifi\u00e9es), parti d\u2019opposition rwandais en exil, \u00e9tait condamn\u00e9e \u00e0 huit\",\"breadcrumb\":{\"@id\":\"https:\\\/\\\/www.fvplp.com\\\/victoire\\\/rwanda-la-condamnation-de-victoire-ingabire\\\/#breadcrumb\"},\"inLanguage\":\"fr-FR\",\"potentialAction\":[{\"@type\":\"ReadAction\",\"target\":[\"https:\\\/\\\/www.fvplp.com\\\/victoire\\\/rwanda-la-condamnation-de-victoire-ingabire\\\/\"]}]},{\"@type\":\"ImageObject\",\"inLanguage\":\"fr-FR\",\"@id\":\"https:\\\/\\\/www.fvplp.com\\\/victoire\\\/rwanda-la-condamnation-de-victoire-ingabire\\\/#primaryimage\",\"url\":\"https:\\\/\\\/www.fvplp.com\\\/victoire\\\/wp-content\\\/uploads\\\/2025\\\/01\\\/Document-de-Serge-Dupuis.jpg\",\"contentUrl\":\"https:\\\/\\\/www.fvplp.com\\\/victoire\\\/wp-content\\\/uploads\\\/2025\\\/01\\\/Document-de-Serge-Dupuis.jpg\",\"width\":512,\"height\":430},{\"@type\":\"BreadcrumbList\",\"@id\":\"https:\\\/\\\/www.fvplp.com\\\/victoire\\\/rwanda-la-condamnation-de-victoire-ingabire\\\/#breadcrumb\",\"itemListElement\":[{\"@type\":\"ListItem\",\"position\":1,\"name\":\"Accueil\",\"item\":\"https:\\\/\\\/www.fvplp.com\\\/victoire\\\/\"},{\"@type\":\"ListItem\",\"position\":2,\"name\":\"Rwanda : la condamnation de Victoire Ingabire, ou la r\u00e9conciliation nationale selon Kigali\"}]},{\"@type\":\"WebSite\",\"@id\":\"https:\\\/\\\/www.fvplp.com\\\/victoire\\\/#website\",\"url\":\"https:\\\/\\\/www.fvplp.com\\\/victoire\\\/\",\"name\":\"Fondation Victoire pour la Paix\",\"description\":\"Fondation Victoire Pour La Paix\",\"publisher\":{\"@id\":\"https:\\\/\\\/www.fvplp.com\\\/victoire\\\/#organization\"},\"alternateName\":\"Fondation Victoire pour la Paix\",\"potentialAction\":[{\"@type\":\"SearchAction\",\"target\":{\"@type\":\"EntryPoint\",\"urlTemplate\":\"https:\\\/\\\/www.fvplp.com\\\/victoire\\\/?s={search_term_string}\"},\"query-input\":{\"@type\":\"PropertyValueSpecification\",\"valueRequired\":true,\"valueName\":\"search_term_string\"}}],\"inLanguage\":\"fr-FR\"},{\"@type\":\"Organization\",\"@id\":\"https:\\\/\\\/www.fvplp.com\\\/victoire\\\/#organization\",\"name\":\"Fondation Victoire pour la Paix\",\"url\":\"https:\\\/\\\/www.fvplp.com\\\/victoire\\\/\",\"logo\":{\"@type\":\"ImageObject\",\"inLanguage\":\"fr-FR\",\"@id\":\"https:\\\/\\\/www.fvplp.com\\\/victoire\\\/#\\\/schema\\\/logo\\\/image\\\/\",\"url\":\"https:\\\/\\\/www.fvplp.com\\\/victoire\\\/wp-content\\\/uploads\\\/2025\\\/01\\\/cropped-cropped-new-logo.png\",\"contentUrl\":\"https:\\\/\\\/www.fvplp.com\\\/victoire\\\/wp-content\\\/uploads\\\/2025\\\/01\\\/cropped-cropped-new-logo.png\",\"width\":295,\"height\":125,\"caption\":\"Fondation Victoire pour la Paix\"},\"image\":{\"@id\":\"https:\\\/\\\/www.fvplp.com\\\/victoire\\\/#\\\/schema\\\/logo\\\/image\\\/\"}},{\"@type\":\"Person\",\"@id\":\"https:\\\/\\\/www.fvplp.com\\\/victoire\\\/#\\\/schema\\\/person\\\/648deca6b3b20cff967078a8cab9d343\",\"name\":\"mugabo\",\"image\":{\"@type\":\"ImageObject\",\"inLanguage\":\"fr-FR\",\"@id\":\"https:\\\/\\\/secure.gravatar.com\\\/avatar\\\/332f5e7209bda5c3e316f358bdfa8e5831f8a5a83a8e45b9d31218bc0ef4c5b4?s=96&d=mm&r=g\",\"url\":\"https:\\\/\\\/secure.gravatar.com\\\/avatar\\\/332f5e7209bda5c3e316f358bdfa8e5831f8a5a83a8e45b9d31218bc0ef4c5b4?s=96&d=mm&r=g\",\"contentUrl\":\"https:\\\/\\\/secure.gravatar.com\\\/avatar\\\/332f5e7209bda5c3e316f358bdfa8e5831f8a5a83a8e45b9d31218bc0ef4c5b4?s=96&d=mm&r=g\",\"caption\":\"mugabo\"},\"sameAs\":[\"http:\\\/\\\/www.fvplp.com\\\/victoire\"]}]}<\/script>\n<!-- \/ Yoast SEO plugin. -->","yoast_head_json":{"title":"Rwanda : la condamnation de Victoire Ingabire, ou la r\u00e9conciliation nationale selon Kigali |","description":"Victoire Ingabire, pr\u00e9sidente des FDU Inkingi (Forces d\u00e9mocratiques unifi\u00e9es), parti d\u2019opposition rwandais en exil, \u00e9tait condamn\u00e9e \u00e0 huit","robots":{"index":"index","follow":"follow","max-snippet":"max-snippet:-1","max-image-preview":"max-image-preview:large","max-video-preview":"max-video-preview:-1"},"canonical":"https:\/\/www.fvplp.com\/victoire\/rwanda-la-condamnation-de-victoire-ingabire\/","og_locale":"fr_FR","og_type":"article","og_title":"Rwanda : la condamnation de Victoire Ingabire, ou la r\u00e9conciliation nationale selon Kigali |","og_description":"Victoire Ingabire, pr\u00e9sidente des FDU Inkingi (Forces d\u00e9mocratiques unifi\u00e9es), parti d\u2019opposition rwandais en exil, \u00e9tait condamn\u00e9e \u00e0 huit","og_url":"https:\/\/www.fvplp.com\/victoire\/rwanda-la-condamnation-de-victoire-ingabire\/","article_published_time":"2025-01-26T11:41:50+00:00","article_modified_time":"2025-01-26T11:51:59+00:00","og_image":[{"width":512,"height":430,"url":"http:\/\/www.fvplp.com\/victoire\/wp-content\/uploads\/2025\/01\/Document-de-Serge-Dupuis.jpg","type":"image\/jpeg"}],"author":"mugabo","twitter_card":"summary_large_image","twitter_misc":{"\u00c9crit par":"mugabo","Dur\u00e9e de lecture estim\u00e9e":"1 minute"},"schema":{"@context":"https:\/\/schema.org","@graph":[{"@type":"Article","@id":"https:\/\/www.fvplp.com\/victoire\/rwanda-la-condamnation-de-victoire-ingabire\/#article","isPartOf":{"@id":"https:\/\/www.fvplp.com\/victoire\/rwanda-la-condamnation-de-victoire-ingabire\/"},"author":{"name":"mugabo","@id":"https:\/\/www.fvplp.com\/victoire\/#\/schema\/person\/648deca6b3b20cff967078a8cab9d343"},"headline":"Rwanda : la condamnation de Victoire Ingabire, ou la r\u00e9conciliation nationale selon Kigali","datePublished":"2025-01-26T11:41:50+00:00","dateModified":"2025-01-26T11:51:59+00:00","mainEntityOfPage":{"@id":"https:\/\/www.fvplp.com\/victoire\/rwanda-la-condamnation-de-victoire-ingabire\/"},"wordCount":88,"publisher":{"@id":"https:\/\/www.fvplp.com\/victoire\/#organization"},"image":{"@id":"https:\/\/www.fvplp.com\/victoire\/rwanda-la-condamnation-de-victoire-ingabire\/#primaryimage"},"thumbnailUrl":"https:\/\/www.fvplp.com\/victoire\/wp-content\/uploads\/2025\/01\/Document-de-Serge-Dupuis.jpg","articleSection":["Uncategorized"],"inLanguage":"fr-FR"},{"@type":"WebPage","@id":"https:\/\/www.fvplp.com\/victoire\/rwanda-la-condamnation-de-victoire-ingabire\/","url":"https:\/\/www.fvplp.com\/victoire\/rwanda-la-condamnation-de-victoire-ingabire\/","name":"Rwanda : la condamnation de Victoire Ingabire, ou la r\u00e9conciliation nationale selon Kigali |","isPartOf":{"@id":"https:\/\/www.fvplp.com\/victoire\/#website"},"primaryImageOfPage":{"@id":"https:\/\/www.fvplp.com\/victoire\/rwanda-la-condamnation-de-victoire-ingabire\/#primaryimage"},"image":{"@id":"https:\/\/www.fvplp.com\/victoire\/rwanda-la-condamnation-de-victoire-ingabire\/#primaryimage"},"thumbnailUrl":"https:\/\/www.fvplp.com\/victoire\/wp-content\/uploads\/2025\/01\/Document-de-Serge-Dupuis.jpg","datePublished":"2025-01-26T11:41:50+00:00","dateModified":"2025-01-26T11:51:59+00:00","description":"Victoire Ingabire, pr\u00e9sidente des FDU Inkingi (Forces d\u00e9mocratiques unifi\u00e9es), parti d\u2019opposition rwandais en exil, \u00e9tait condamn\u00e9e \u00e0 huit","breadcrumb":{"@id":"https:\/\/www.fvplp.com\/victoire\/rwanda-la-condamnation-de-victoire-ingabire\/#breadcrumb"},"inLanguage":"fr-FR","potentialAction":[{"@type":"ReadAction","target":["https:\/\/www.fvplp.com\/victoire\/rwanda-la-condamnation-de-victoire-ingabire\/"]}]},{"@type":"ImageObject","inLanguage":"fr-FR","@id":"https:\/\/www.fvplp.com\/victoire\/rwanda-la-condamnation-de-victoire-ingabire\/#primaryimage","url":"https:\/\/www.fvplp.com\/victoire\/wp-content\/uploads\/2025\/01\/Document-de-Serge-Dupuis.jpg","contentUrl":"https:\/\/www.fvplp.com\/victoire\/wp-content\/uploads\/2025\/01\/Document-de-Serge-Dupuis.jpg","width":512,"height":430},{"@type":"BreadcrumbList","@id":"https:\/\/www.fvplp.com\/victoire\/rwanda-la-condamnation-de-victoire-ingabire\/#breadcrumb","itemListElement":[{"@type":"ListItem","position":1,"name":"Accueil","item":"https:\/\/www.fvplp.com\/victoire\/"},{"@type":"ListItem","position":2,"name":"Rwanda : la condamnation de Victoire Ingabire, ou la r\u00e9conciliation nationale selon Kigali"}]},{"@type":"WebSite","@id":"https:\/\/www.fvplp.com\/victoire\/#website","url":"https:\/\/www.fvplp.com\/victoire\/","name":"Fondation Victoire pour la Paix","description":"Fondation Victoire Pour La Paix","publisher":{"@id":"https:\/\/www.fvplp.com\/victoire\/#organization"},"alternateName":"Fondation Victoire pour la Paix","potentialAction":[{"@type":"SearchAction","target":{"@type":"EntryPoint","urlTemplate":"https:\/\/www.fvplp.com\/victoire\/?s={search_term_string}"},"query-input":{"@type":"PropertyValueSpecification","valueRequired":true,"valueName":"search_term_string"}}],"inLanguage":"fr-FR"},{"@type":"Organization","@id":"https:\/\/www.fvplp.com\/victoire\/#organization","name":"Fondation Victoire pour la Paix","url":"https:\/\/www.fvplp.com\/victoire\/","logo":{"@type":"ImageObject","inLanguage":"fr-FR","@id":"https:\/\/www.fvplp.com\/victoire\/#\/schema\/logo\/image\/","url":"https:\/\/www.fvplp.com\/victoire\/wp-content\/uploads\/2025\/01\/cropped-cropped-new-logo.png","contentUrl":"https:\/\/www.fvplp.com\/victoire\/wp-content\/uploads\/2025\/01\/cropped-cropped-new-logo.png","width":295,"height":125,"caption":"Fondation Victoire pour la Paix"},"image":{"@id":"https:\/\/www.fvplp.com\/victoire\/#\/schema\/logo\/image\/"}},{"@type":"Person","@id":"https:\/\/www.fvplp.com\/victoire\/#\/schema\/person\/648deca6b3b20cff967078a8cab9d343","name":"mugabo","image":{"@type":"ImageObject","inLanguage":"fr-FR","@id":"https:\/\/secure.gravatar.com\/avatar\/332f5e7209bda5c3e316f358bdfa8e5831f8a5a83a8e45b9d31218bc0ef4c5b4?s=96&d=mm&r=g","url":"https:\/\/secure.gravatar.com\/avatar\/332f5e7209bda5c3e316f358bdfa8e5831f8a5a83a8e45b9d31218bc0ef4c5b4?s=96&d=mm&r=g","contentUrl":"https:\/\/secure.gravatar.com\/avatar\/332f5e7209bda5c3e316f358bdfa8e5831f8a5a83a8e45b9d31218bc0ef4c5b4?s=96&d=mm&r=g","caption":"mugabo"},"sameAs":["http:\/\/www.fvplp.com\/victoire"]}]}},"uagb_featured_image_src":{"full":["https:\/\/www.fvplp.com\/victoire\/wp-content\/uploads\/2025\/01\/Document-de-Serge-Dupuis.jpg",512,430,false],"thumbnail":["https:\/\/www.fvplp.com\/victoire\/wp-content\/uploads\/2025\/01\/Document-de-Serge-Dupuis-150x150.jpg",150,150,true],"medium":["https:\/\/www.fvplp.com\/victoire\/wp-content\/uploads\/2025\/01\/Document-de-Serge-Dupuis-300x252.jpg",300,252,true],"medium_large":["https:\/\/www.fvplp.com\/victoire\/wp-content\/uploads\/2025\/01\/Document-de-Serge-Dupuis.jpg",512,430,false],"large":["https:\/\/www.fvplp.com\/victoire\/wp-content\/uploads\/2025\/01\/Document-de-Serge-Dupuis.jpg",512,430,false],"1536x1536":["https:\/\/www.fvplp.com\/victoire\/wp-content\/uploads\/2025\/01\/Document-de-Serge-Dupuis.jpg",512,430,false],"2048x2048":["https:\/\/www.fvplp.com\/victoire\/wp-content\/uploads\/2025\/01\/Document-de-Serge-Dupuis.jpg",512,430,false]},"uagb_author_info":{"display_name":"mugabo","author_link":"https:\/\/www.fvplp.com\/victoire\/author\/mugabo\/"},"uagb_comment_info":0,"uagb_excerpt":"Au mois d\u2019octobre dernier, Victoire Ingabire, pr\u00e9sidente des FDU Inkingi (Forces d\u00e9mocratiques unifi\u00e9es), parti d\u2019opposition rwandais en exil, \u00e9tait condamn\u00e9e [&hellip;]","_links":{"self":[{"href":"https:\/\/www.fvplp.com\/victoire\/wp-json\/wp\/v2\/posts\/110","targetHints":{"allow":["GET"]}}],"collection":[{"href":"https:\/\/www.fvplp.com\/victoire\/wp-json\/wp\/v2\/posts"}],"about":[{"href":"https:\/\/www.fvplp.com\/victoire\/wp-json\/wp\/v2\/types\/post"}],"author":[{"embeddable":true,"href":"https:\/\/www.fvplp.com\/victoire\/wp-json\/wp\/v2\/users\/1"}],"replies":[{"embeddable":true,"href":"https:\/\/www.fvplp.com\/victoire\/wp-json\/wp\/v2\/comments?post=110"}],"version-history":[{"count":3,"href":"https:\/\/www.fvplp.com\/victoire\/wp-json\/wp\/v2\/posts\/110\/revisions"}],"predecessor-version":[{"id":115,"href":"https:\/\/www.fvplp.com\/victoire\/wp-json\/wp\/v2\/posts\/110\/revisions\/115"}],"wp:featuredmedia":[{"embeddable":true,"href":"https:\/\/www.fvplp.com\/victoire\/wp-json\/wp\/v2\/media\/113"}],"wp:attachment":[{"href":"https:\/\/www.fvplp.com\/victoire\/wp-json\/wp\/v2\/media?parent=110"}],"wp:term":[{"taxonomy":"category","embeddable":true,"href":"https:\/\/www.fvplp.com\/victoire\/wp-json\/wp\/v2\/categories?post=110"},{"taxonomy":"post_tag","embeddable":true,"href":"https:\/\/www.fvplp.com\/victoire\/wp-json\/wp\/v2\/tags?post=110"}],"curies":[{"name":"wp","href":"https:\/\/api.w.org\/{rel}","templated":true}]}}