{"id":474,"date":"2025-09-12T07:06:27","date_gmt":"2025-09-12T07:06:27","guid":{"rendered":"https:\/\/www.fvplp.com\/victoire\/?p=474"},"modified":"2025-09-12T08:16:53","modified_gmt":"2025-09-12T08:16:53","slug":"european-parliament-resolution-victoire-ingabire-2025","status":"publish","type":"post","link":"http:\/\/www.fvplp.com\/victoire\/european-parliament-resolution-victoire-ingabire-2025\/","title":{"rendered":"The Fondation Victoire pour la Paix (FVP) welcomes the European Parliament \u00a0resolution calling for an immediate and unconditional release of Ms Victoire Ingabire on Wednesday, 11 September 2025"},"content":{"rendered":"\r\n<div class=\"wp-block-media-text is-stacked-on-mobile is-vertically-aligned-top\" style=\"grid-template-columns: 30% auto;\">\r\n<figure class=\"wp-block-media-text__media\"><img loading=\"lazy\" decoding=\"async\" width=\"110\" height=\"87\" class=\"wp-image-167 size-full\" src=\"http:\/\/www.fvplp.com\/victoire\/wp-content\/uploads\/2025\/01\/Parlement.jpg\" alt=\"\" \/><\/figure>\r\n<div class=\"wp-block-media-text__content\">\r\n<p>The FVP would like \u00a0to express its immense gratitude to all Members of the European Parliament (MEPs) from the various political groups who voted in favour of the resolution <a href=\"https:\/\/www.europarl.europa.eu\/doceo\/document\/RC-10-2025-0392_EN.html\" target=\"_blank\" rel=\"noopener\">2025\/2861(RSP)<\/a>and in a special way to the seven political groups in the European Parliament who moved the motion for a resolution on Victoire Ingabire&rsquo;s case be included in the agenda for a debate on breaches of human rights, democracy and the rule of law (Rule 150) during the EU Parliament plenary session on 10 September 2025. We were greatly \u00a0touched by the decision to invite the children of Ms Victoire Ingabire to be present during the debate. No greater testimony would demonstrate the human touch of that resolution and offer greater hope to the family that the European Parliament cares and\u00a0 is prepared to act to make the resolution a reality.\u00a0<\/p>\r\n<p>The FVP has noted with great satisfaction that, in addition to condemning Victoire Ingabire&rsquo;s arrest on 19 June 2025, the MEPs resolution has highlighted the following key demands .\u00a0<\/p>\r\n<ul>\r\n<li>The immediate and unconditional release of Victoire Ingabire and opposition figures on trial for peacefully exercising their fundamental rights and that politically motivated charges be dropped.<br \/>\u00a0<\/li>\r\n<li>Rwandan authorities to accredit Ingabire\u2019s selected legal team and to accept the African Court on Human and People Right\u2019s jurisdiction, fully comply with its 2019 order for reparations, and respect international human rights mechanisms;<br \/>\u00a0<\/li>\r\n<li>Rwandan authorities to end harassment, arbitrary arrest and imprisonment of opposition members, journalists, and civil society, to guarantee press and media freedom and to offer space for political debate and democratic participation, including ensuring free and fair elections.<br \/>\u00a0<\/li>\r\n<li>EU and Member States\u2019 delegations in Kigali to visit those arbitrary detained and to monitor judicial procedures.<br \/>\u00a0<\/li>\r\n<li>EU and Member States to raise the crackdown on political opposition and compliance with human rights in political dialogue at the highest level with the Rwandan Government.<br \/>\u00a0<\/li>\r\n<li>EU and Member States to ensure that cooperation with Rwanda is consistent with the promotion of human rights and democracy, including fair trial standards.<br \/>\u00a0<\/li>\r\n<li>The EU Commission to review existing financial and other support, such as the Justice and Accountability Programme, to Rwandan state institutions implicated in arbitrary detention, torture or unfair trials; and<br \/>\u00a0<\/li>\r\n<li>The European Parliament President to forward the resolution on Victoire Ingabire to the Vice President of the European Commission and the High Representative of the Union for Foreign Affairs and Security policy, the Council, the Commission, the Member States, the African Union, the UN and the Government and Parliament of Rwanda.\u00a0<\/li>\r\n<\/ul>\r\n<p>The FVP calls on the European Parliament to use all its influence to ensure that all parties concerned, including the Rwandan government, comply with the provisions of this resolution<strong>.<\/strong>\u00a0<\/p>\r\n<p><strong>Brussels 12<sup>th<\/sup> September 2025<\/strong><\/p>\r\n<p><\/p>\r\n<\/div>\r\n<\/div>\r\n","protected":false},"excerpt":{"rendered":"<p>The FVP would like \u00a0to express its immense gratitude to all Members of the European Parliament (MEPs) from the various [&hellip;]<\/p>\n","protected":false},"author":1,"featured_media":167,"comment_status":"closed","ping_status":"open","sticky":false,"template":"","format":"standard","meta":{"_uag_custom_page_level_css":"","site-sidebar-layout":"default","site-content-layout":"","ast-site-content-layout":"default","site-content-style":"default","site-sidebar-style":"default","ast-global-header-display":"","ast-banner-title-visibility":"","ast-main-header-display":"","ast-hfb-above-header-display":"","ast-hfb-below-header-display":"","ast-hfb-mobile-header-display":"","site-post-title":"","ast-breadcrumbs-content":"","ast-featured-img":"","footer-sml-layout":"","ast-disable-related-posts":"","theme-transparent-header-meta":"default","adv-header-id-meta":"","stick-header-meta":"","header-above-stick-meta":"","header-main-stick-meta":"","header-below-stick-meta":"","astra-migrate-meta-layouts":"set","ast-page-background-enabled":"default","ast-page-background-meta":{"desktop":{"background-color":"var(--ast-global-color-5)","background-image":"","background-repeat":"repeat","background-position":"center center","background-size":"auto","background-attachment":"scroll","background-type":"","background-media":"","overlay-type":"","overlay-color":"","overlay-opacity":"","overlay-gradient":""},"tablet":{"background-color":"","background-image":"","background-repeat":"repeat","background-position":"center center","background-size":"auto","background-attachment":"scroll","background-type":"","background-media":"","overlay-type":"","overlay-color":"","overlay-opacity":"","overlay-gradient":""},"mobile":{"background-color":"","background-image":"","background-repeat":"repeat","background-position":"center center","background-size":"auto","background-attachment":"scroll","background-type":"","background-media":"","overlay-type":"","overlay-color":"","overlay-opacity":"","overlay-gradient":""}},"ast-content-background-meta":{"desktop":{"background-color":"var(--ast-global-color-4)","background-image":"","background-repeat":"repeat","background-position":"center center","background-size":"auto","background-attachment":"scroll","background-type":"","background-media":"","overlay-type":"","overlay-color":"","overlay-opacity":"","overlay-gradient":""},"tablet":{"background-color":"var(--ast-global-color-4)","background-image":"","background-repeat":"repeat","background-position":"center center","background-size":"auto","background-attachment":"scroll","background-type":"","background-media":"","overlay-type":"","overlay-color":"","overlay-opacity":"","overlay-gradient":""},"mobile":{"background-color":"var(--ast-global-color-4)","background-image":"","background-repeat":"repeat","background-position":"center center","background-size":"auto","background-attachment":"scroll","background-type":"","background-media":"","overlay-type":"","overlay-color":"","overlay-opacity":"","overlay-gradient":""}},"footnotes":""},"categories":[1],"tags":[],"class_list":["post-474","post","type-post","status-publish","format-standard","has-post-thumbnail","hentry","category-uncategorized"],"yoast_head":"<!-- This site is optimized with the Yoast SEO plugin v27.4 - https:\/\/yoast.com\/product\/yoast-seo-wordpress\/ -->\n<title>The Fondation Victoire pour la Paix (FVP) welcomes the European Parliament \u00a0resolution calling for an immediate and unconditional release of Ms Victoire Ingabire on Wednesday, 11 September 2025 |<\/title>\n<meta name=\"description\" content=\"The European Parliament calls for Victoire Ingabire\u2019s immediate release and urges Rwanda to uphold human rights and democratic freedoms.\" \/>\n<meta name=\"robots\" content=\"index, follow, max-snippet:-1, max-image-preview:large, max-video-preview:-1\" \/>\n<link rel=\"canonical\" href=\"http:\/\/www.fvplp.com\/victoire\/european-parliament-resolution-victoire-ingabire-2025\/\" \/>\n<meta property=\"og:locale\" content=\"fr_FR\" \/>\n<meta property=\"og:type\" content=\"article\" \/>\n<meta property=\"og:title\" content=\"The Fondation Victoire pour la Paix (FVP) welcomes the European Parliament \u00a0resolution calling for an immediate and unconditional release of Ms Victoire Ingabire on Wednesday, 11 September 2025 |\" \/>\n<meta property=\"og:description\" content=\"The European Parliament calls for Victoire Ingabire\u2019s immediate release and urges Rwanda to uphold human rights and democratic freedoms.\" \/>\n<meta property=\"og:url\" content=\"http:\/\/www.fvplp.com\/victoire\/european-parliament-resolution-victoire-ingabire-2025\/\" \/>\n<meta property=\"article:published_time\" content=\"2025-09-12T07:06:27+00:00\" \/>\n<meta property=\"article:modified_time\" content=\"2025-09-12T08:16:53+00:00\" \/>\n<meta property=\"og:image\" content=\"http:\/\/www.fvplp.com\/victoire\/wp-content\/uploads\/2025\/01\/Parlement.jpg\" \/>\n\t<meta property=\"og:image:width\" content=\"110\" \/>\n\t<meta property=\"og:image:height\" content=\"87\" \/>\n\t<meta property=\"og:image:type\" content=\"image\/jpeg\" \/>\n<meta name=\"author\" content=\"mugabo\" \/>\n<meta name=\"twitter:card\" content=\"summary_large_image\" \/>\n<meta name=\"twitter:label1\" content=\"\u00c9crit par\" \/>\n\t<meta name=\"twitter:data1\" content=\"mugabo\" \/>\n\t<meta name=\"twitter:label2\" content=\"Dur\u00e9e de lecture estim\u00e9e\" \/>\n\t<meta name=\"twitter:data2\" content=\"3 minutes\" \/>\n<script type=\"application\/ld+json\" class=\"yoast-schema-graph\">{\"@context\":\"https:\\\/\\\/schema.org\",\"@graph\":[{\"@type\":\"Article\",\"@id\":\"http:\\\/\\\/www.fvplp.com\\\/victoire\\\/european-parliament-resolution-victoire-ingabire-2025\\\/#article\",\"isPartOf\":{\"@id\":\"http:\\\/\\\/www.fvplp.com\\\/victoire\\\/european-parliament-resolution-victoire-ingabire-2025\\\/\"},\"author\":{\"name\":\"mugabo\",\"@id\":\"http:\\\/\\\/www.fvplp.com\\\/victoire\\\/#\\\/schema\\\/person\\\/648deca6b3b20cff967078a8cab9d343\"},\"headline\":\"The Fondation Victoire pour la Paix (FVP) welcomes the European Parliament \u00a0resolution calling for an immediate and unconditional release of Ms Victoire Ingabire on Wednesday, 11 September 2025\",\"datePublished\":\"2025-09-12T07:06:27+00:00\",\"dateModified\":\"2025-09-12T08:16:53+00:00\",\"mainEntityOfPage\":{\"@id\":\"http:\\\/\\\/www.fvplp.com\\\/victoire\\\/european-parliament-resolution-victoire-ingabire-2025\\\/\"},\"wordCount\":470,\"publisher\":{\"@id\":\"http:\\\/\\\/www.fvplp.com\\\/victoire\\\/#organization\"},\"image\":{\"@id\":\"http:\\\/\\\/www.fvplp.com\\\/victoire\\\/european-parliament-resolution-victoire-ingabire-2025\\\/#primaryimage\"},\"thumbnailUrl\":\"http:\\\/\\\/www.fvplp.com\\\/victoire\\\/wp-content\\\/uploads\\\/2025\\\/01\\\/Parlement.jpg\",\"articleSection\":[\"Uncategorized\"],\"inLanguage\":\"fr-FR\"},{\"@type\":\"WebPage\",\"@id\":\"http:\\\/\\\/www.fvplp.com\\\/victoire\\\/european-parliament-resolution-victoire-ingabire-2025\\\/\",\"url\":\"http:\\\/\\\/www.fvplp.com\\\/victoire\\\/european-parliament-resolution-victoire-ingabire-2025\\\/\",\"name\":\"The Fondation Victoire pour la Paix (FVP) welcomes the European Parliament \u00a0resolution calling for an immediate and unconditional release of Ms Victoire Ingabire on Wednesday, 11 September 2025 |\",\"isPartOf\":{\"@id\":\"http:\\\/\\\/www.fvplp.com\\\/victoire\\\/#website\"},\"primaryImageOfPage\":{\"@id\":\"http:\\\/\\\/www.fvplp.com\\\/victoire\\\/european-parliament-resolution-victoire-ingabire-2025\\\/#primaryimage\"},\"image\":{\"@id\":\"http:\\\/\\\/www.fvplp.com\\\/victoire\\\/european-parliament-resolution-victoire-ingabire-2025\\\/#primaryimage\"},\"thumbnailUrl\":\"http:\\\/\\\/www.fvplp.com\\\/victoire\\\/wp-content\\\/uploads\\\/2025\\\/01\\\/Parlement.jpg\",\"datePublished\":\"2025-09-12T07:06:27+00:00\",\"dateModified\":\"2025-09-12T08:16:53+00:00\",\"description\":\"The European Parliament calls for Victoire Ingabire\u2019s immediate release and urges Rwanda to uphold human rights and democratic freedoms.\",\"breadcrumb\":{\"@id\":\"http:\\\/\\\/www.fvplp.com\\\/victoire\\\/european-parliament-resolution-victoire-ingabire-2025\\\/#breadcrumb\"},\"inLanguage\":\"fr-FR\",\"potentialAction\":[{\"@type\":\"ReadAction\",\"target\":[\"http:\\\/\\\/www.fvplp.com\\\/victoire\\\/european-parliament-resolution-victoire-ingabire-2025\\\/\"]}]},{\"@type\":\"ImageObject\",\"inLanguage\":\"fr-FR\",\"@id\":\"http:\\\/\\\/www.fvplp.com\\\/victoire\\\/european-parliament-resolution-victoire-ingabire-2025\\\/#primaryimage\",\"url\":\"http:\\\/\\\/www.fvplp.com\\\/victoire\\\/wp-content\\\/uploads\\\/2025\\\/01\\\/Parlement.jpg\",\"contentUrl\":\"http:\\\/\\\/www.fvplp.com\\\/victoire\\\/wp-content\\\/uploads\\\/2025\\\/01\\\/Parlement.jpg\",\"width\":110,\"height\":87},{\"@type\":\"BreadcrumbList\",\"@id\":\"http:\\\/\\\/www.fvplp.com\\\/victoire\\\/european-parliament-resolution-victoire-ingabire-2025\\\/#breadcrumb\",\"itemListElement\":[{\"@type\":\"ListItem\",\"position\":1,\"name\":\"Accueil\",\"item\":\"http:\\\/\\\/www.fvplp.com\\\/victoire\\\/\"},{\"@type\":\"ListItem\",\"position\":2,\"name\":\"The Fondation Victoire pour la Paix (FVP) welcomes the European Parliament \u00a0resolution calling for an immediate and unconditional release of Ms Victoire Ingabire on Wednesday, 11 September 2025\"}]},{\"@type\":\"WebSite\",\"@id\":\"http:\\\/\\\/www.fvplp.com\\\/victoire\\\/#website\",\"url\":\"http:\\\/\\\/www.fvplp.com\\\/victoire\\\/\",\"name\":\"Fondation Victoire pour la Paix\",\"description\":\"Fondation Victoire Pour La Paix\",\"publisher\":{\"@id\":\"http:\\\/\\\/www.fvplp.com\\\/victoire\\\/#organization\"},\"alternateName\":\"Fondation Victoire pour la Paix\",\"potentialAction\":[{\"@type\":\"SearchAction\",\"target\":{\"@type\":\"EntryPoint\",\"urlTemplate\":\"http:\\\/\\\/www.fvplp.com\\\/victoire\\\/?s={search_term_string}\"},\"query-input\":{\"@type\":\"PropertyValueSpecification\",\"valueRequired\":true,\"valueName\":\"search_term_string\"}}],\"inLanguage\":\"fr-FR\"},{\"@type\":\"Organization\",\"@id\":\"http:\\\/\\\/www.fvplp.com\\\/victoire\\\/#organization\",\"name\":\"Fondation Victoire pour la Paix\",\"url\":\"http:\\\/\\\/www.fvplp.com\\\/victoire\\\/\",\"logo\":{\"@type\":\"ImageObject\",\"inLanguage\":\"fr-FR\",\"@id\":\"http:\\\/\\\/www.fvplp.com\\\/victoire\\\/#\\\/schema\\\/logo\\\/image\\\/\",\"url\":\"http:\\\/\\\/www.fvplp.com\\\/victoire\\\/wp-content\\\/uploads\\\/2025\\\/01\\\/cropped-cropped-new-logo.png\",\"contentUrl\":\"http:\\\/\\\/www.fvplp.com\\\/victoire\\\/wp-content\\\/uploads\\\/2025\\\/01\\\/cropped-cropped-new-logo.png\",\"width\":295,\"height\":125,\"caption\":\"Fondation Victoire pour la Paix\"},\"image\":{\"@id\":\"http:\\\/\\\/www.fvplp.com\\\/victoire\\\/#\\\/schema\\\/logo\\\/image\\\/\"}},{\"@type\":\"Person\",\"@id\":\"http:\\\/\\\/www.fvplp.com\\\/victoire\\\/#\\\/schema\\\/person\\\/648deca6b3b20cff967078a8cab9d343\",\"name\":\"mugabo\",\"image\":{\"@type\":\"ImageObject\",\"inLanguage\":\"fr-FR\",\"@id\":\"https:\\\/\\\/secure.gravatar.com\\\/avatar\\\/332f5e7209bda5c3e316f358bdfa8e5831f8a5a83a8e45b9d31218bc0ef4c5b4?s=96&d=mm&r=g\",\"url\":\"https:\\\/\\\/secure.gravatar.com\\\/avatar\\\/332f5e7209bda5c3e316f358bdfa8e5831f8a5a83a8e45b9d31218bc0ef4c5b4?s=96&d=mm&r=g\",\"contentUrl\":\"https:\\\/\\\/secure.gravatar.com\\\/avatar\\\/332f5e7209bda5c3e316f358bdfa8e5831f8a5a83a8e45b9d31218bc0ef4c5b4?s=96&d=mm&r=g\",\"caption\":\"mugabo\"},\"sameAs\":[\"http:\\\/\\\/www.fvplp.com\\\/victoire\"]}]}<\/script>\n<!-- \/ Yoast SEO plugin. -->","yoast_head_json":{"title":"The Fondation Victoire pour la Paix (FVP) welcomes the European Parliament \u00a0resolution calling for an immediate and unconditional release of Ms Victoire Ingabire on Wednesday, 11 September 2025 |","description":"The European Parliament calls for Victoire Ingabire\u2019s immediate release and urges Rwanda to uphold human rights and democratic freedoms.","robots":{"index":"index","follow":"follow","max-snippet":"max-snippet:-1","max-image-preview":"max-image-preview:large","max-video-preview":"max-video-preview:-1"},"canonical":"http:\/\/www.fvplp.com\/victoire\/european-parliament-resolution-victoire-ingabire-2025\/","og_locale":"fr_FR","og_type":"article","og_title":"The Fondation Victoire pour la Paix (FVP) welcomes the European Parliament \u00a0resolution calling for an immediate and unconditional release of Ms Victoire Ingabire on Wednesday, 11 September 2025 |","og_description":"The European Parliament calls for Victoire Ingabire\u2019s immediate release and urges Rwanda to uphold human rights and democratic freedoms.","og_url":"http:\/\/www.fvplp.com\/victoire\/european-parliament-resolution-victoire-ingabire-2025\/","article_published_time":"2025-09-12T07:06:27+00:00","article_modified_time":"2025-09-12T08:16:53+00:00","og_image":[{"width":110,"height":87,"url":"http:\/\/www.fvplp.com\/victoire\/wp-content\/uploads\/2025\/01\/Parlement.jpg","type":"image\/jpeg"}],"author":"mugabo","twitter_card":"summary_large_image","twitter_misc":{"\u00c9crit par":"mugabo","Dur\u00e9e de lecture estim\u00e9e":"3 minutes"},"schema":{"@context":"https:\/\/schema.org","@graph":[{"@type":"Article","@id":"http:\/\/www.fvplp.com\/victoire\/european-parliament-resolution-victoire-ingabire-2025\/#article","isPartOf":{"@id":"http:\/\/www.fvplp.com\/victoire\/european-parliament-resolution-victoire-ingabire-2025\/"},"author":{"name":"mugabo","@id":"http:\/\/www.fvplp.com\/victoire\/#\/schema\/person\/648deca6b3b20cff967078a8cab9d343"},"headline":"The Fondation Victoire pour la Paix (FVP) welcomes the European Parliament \u00a0resolution calling for an immediate and unconditional release of Ms Victoire Ingabire on Wednesday, 11 September 2025","datePublished":"2025-09-12T07:06:27+00:00","dateModified":"2025-09-12T08:16:53+00:00","mainEntityOfPage":{"@id":"http:\/\/www.fvplp.com\/victoire\/european-parliament-resolution-victoire-ingabire-2025\/"},"wordCount":470,"publisher":{"@id":"http:\/\/www.fvplp.com\/victoire\/#organization"},"image":{"@id":"http:\/\/www.fvplp.com\/victoire\/european-parliament-resolution-victoire-ingabire-2025\/#primaryimage"},"thumbnailUrl":"http:\/\/www.fvplp.com\/victoire\/wp-content\/uploads\/2025\/01\/Parlement.jpg","articleSection":["Uncategorized"],"inLanguage":"fr-FR"},{"@type":"WebPage","@id":"http:\/\/www.fvplp.com\/victoire\/european-parliament-resolution-victoire-ingabire-2025\/","url":"http:\/\/www.fvplp.com\/victoire\/european-parliament-resolution-victoire-ingabire-2025\/","name":"The Fondation Victoire pour la Paix (FVP) welcomes the European Parliament \u00a0resolution calling for an immediate and unconditional release of Ms Victoire Ingabire on Wednesday, 11 September 2025 |","isPartOf":{"@id":"http:\/\/www.fvplp.com\/victoire\/#website"},"primaryImageOfPage":{"@id":"http:\/\/www.fvplp.com\/victoire\/european-parliament-resolution-victoire-ingabire-2025\/#primaryimage"},"image":{"@id":"http:\/\/www.fvplp.com\/victoire\/european-parliament-resolution-victoire-ingabire-2025\/#primaryimage"},"thumbnailUrl":"http:\/\/www.fvplp.com\/victoire\/wp-content\/uploads\/2025\/01\/Parlement.jpg","datePublished":"2025-09-12T07:06:27+00:00","dateModified":"2025-09-12T08:16:53+00:00","description":"The European Parliament calls for Victoire Ingabire\u2019s immediate release and urges Rwanda to uphold human rights and democratic freedoms.","breadcrumb":{"@id":"http:\/\/www.fvplp.com\/victoire\/european-parliament-resolution-victoire-ingabire-2025\/#breadcrumb"},"inLanguage":"fr-FR","potentialAction":[{"@type":"ReadAction","target":["http:\/\/www.fvplp.com\/victoire\/european-parliament-resolution-victoire-ingabire-2025\/"]}]},{"@type":"ImageObject","inLanguage":"fr-FR","@id":"http:\/\/www.fvplp.com\/victoire\/european-parliament-resolution-victoire-ingabire-2025\/#primaryimage","url":"http:\/\/www.fvplp.com\/victoire\/wp-content\/uploads\/2025\/01\/Parlement.jpg","contentUrl":"http:\/\/www.fvplp.com\/victoire\/wp-content\/uploads\/2025\/01\/Parlement.jpg","width":110,"height":87},{"@type":"BreadcrumbList","@id":"http:\/\/www.fvplp.com\/victoire\/european-parliament-resolution-victoire-ingabire-2025\/#breadcrumb","itemListElement":[{"@type":"ListItem","position":1,"name":"Accueil","item":"http:\/\/www.fvplp.com\/victoire\/"},{"@type":"ListItem","position":2,"name":"The Fondation Victoire pour la Paix (FVP) welcomes the European Parliament \u00a0resolution calling for an immediate and unconditional release of Ms Victoire Ingabire on Wednesday, 11 September 2025"}]},{"@type":"WebSite","@id":"http:\/\/www.fvplp.com\/victoire\/#website","url":"http:\/\/www.fvplp.com\/victoire\/","name":"Fondation Victoire pour la Paix","description":"Fondation Victoire Pour La Paix","publisher":{"@id":"http:\/\/www.fvplp.com\/victoire\/#organization"},"alternateName":"Fondation Victoire pour la Paix","potentialAction":[{"@type":"SearchAction","target":{"@type":"EntryPoint","urlTemplate":"http:\/\/www.fvplp.com\/victoire\/?s={search_term_string}"},"query-input":{"@type":"PropertyValueSpecification","valueRequired":true,"valueName":"search_term_string"}}],"inLanguage":"fr-FR"},{"@type":"Organization","@id":"http:\/\/www.fvplp.com\/victoire\/#organization","name":"Fondation Victoire pour la Paix","url":"http:\/\/www.fvplp.com\/victoire\/","logo":{"@type":"ImageObject","inLanguage":"fr-FR","@id":"http:\/\/www.fvplp.com\/victoire\/#\/schema\/logo\/image\/","url":"http:\/\/www.fvplp.com\/victoire\/wp-content\/uploads\/2025\/01\/cropped-cropped-new-logo.png","contentUrl":"http:\/\/www.fvplp.com\/victoire\/wp-content\/uploads\/2025\/01\/cropped-cropped-new-logo.png","width":295,"height":125,"caption":"Fondation Victoire pour la Paix"},"image":{"@id":"http:\/\/www.fvplp.com\/victoire\/#\/schema\/logo\/image\/"}},{"@type":"Person","@id":"http:\/\/www.fvplp.com\/victoire\/#\/schema\/person\/648deca6b3b20cff967078a8cab9d343","name":"mugabo","image":{"@type":"ImageObject","inLanguage":"fr-FR","@id":"https:\/\/secure.gravatar.com\/avatar\/332f5e7209bda5c3e316f358bdfa8e5831f8a5a83a8e45b9d31218bc0ef4c5b4?s=96&d=mm&r=g","url":"https:\/\/secure.gravatar.com\/avatar\/332f5e7209bda5c3e316f358bdfa8e5831f8a5a83a8e45b9d31218bc0ef4c5b4?s=96&d=mm&r=g","contentUrl":"https:\/\/secure.gravatar.com\/avatar\/332f5e7209bda5c3e316f358bdfa8e5831f8a5a83a8e45b9d31218bc0ef4c5b4?s=96&d=mm&r=g","caption":"mugabo"},"sameAs":["http:\/\/www.fvplp.com\/victoire"]}]}},"uagb_featured_image_src":{"full":["http:\/\/www.fvplp.com\/victoire\/wp-content\/uploads\/2025\/01\/Parlement.jpg",110,87,false],"thumbnail":["http:\/\/www.fvplp.com\/victoire\/wp-content\/uploads\/2025\/01\/Parlement.jpg",110,87,false],"medium":["http:\/\/www.fvplp.com\/victoire\/wp-content\/uploads\/2025\/01\/Parlement.jpg",110,87,false],"medium_large":["http:\/\/www.fvplp.com\/victoire\/wp-content\/uploads\/2025\/01\/Parlement.jpg",110,87,false],"large":["http:\/\/www.fvplp.com\/victoire\/wp-content\/uploads\/2025\/01\/Parlement.jpg",110,87,false],"1536x1536":["http:\/\/www.fvplp.com\/victoire\/wp-content\/uploads\/2025\/01\/Parlement.jpg",110,87,false],"2048x2048":["http:\/\/www.fvplp.com\/victoire\/wp-content\/uploads\/2025\/01\/Parlement.jpg",110,87,false]},"uagb_author_info":{"display_name":"mugabo","author_link":"http:\/\/www.fvplp.com\/victoire\/author\/mugabo\/"},"uagb_comment_info":0,"uagb_excerpt":"The FVP would like \u00a0to express its immense gratitude to all Members of the European Parliament (MEPs) from the various [&hellip;]","_links":{"self":[{"href":"http:\/\/www.fvplp.com\/victoire\/wp-json\/wp\/v2\/posts\/474","targetHints":{"allow":["GET"]}}],"collection":[{"href":"http:\/\/www.fvplp.com\/victoire\/wp-json\/wp\/v2\/posts"}],"about":[{"href":"http:\/\/www.fvplp.com\/victoire\/wp-json\/wp\/v2\/types\/post"}],"author":[{"embeddable":true,"href":"http:\/\/www.fvplp.com\/victoire\/wp-json\/wp\/v2\/users\/1"}],"replies":[{"embeddable":true,"href":"http:\/\/www.fvplp.com\/victoire\/wp-json\/wp\/v2\/comments?post=474"}],"version-history":[{"count":7,"href":"http:\/\/www.fvplp.com\/victoire\/wp-json\/wp\/v2\/posts\/474\/revisions"}],"predecessor-version":[{"id":483,"href":"http:\/\/www.fvplp.com\/victoire\/wp-json\/wp\/v2\/posts\/474\/revisions\/483"}],"wp:featuredmedia":[{"embeddable":true,"href":"http:\/\/www.fvplp.com\/victoire\/wp-json\/wp\/v2\/media\/167"}],"wp:attachment":[{"href":"http:\/\/www.fvplp.com\/victoire\/wp-json\/wp\/v2\/media?parent=474"}],"wp:term":[{"taxonomy":"category","embeddable":true,"href":"http:\/\/www.fvplp.com\/victoire\/wp-json\/wp\/v2\/categories?post=474"},{"taxonomy":"post_tag","embeddable":true,"href":"http:\/\/www.fvplp.com\/victoire\/wp-json\/wp\/v2\/tags?post=474"}],"curies":[{"name":"wp","href":"https:\/\/api.w.org\/{rel}","templated":true}]}}