{"id":470,"date":"2025-09-12T06:57:34","date_gmt":"2025-09-12T06:57:34","guid":{"rendered":"https:\/\/www.fvplp.com\/victoire\/?p=470"},"modified":"2025-09-12T07:12:04","modified_gmt":"2025-09-12T07:12:04","slug":"resolution-parlement-europeen-victoire-ingabire-2025","status":"publish","type":"post","link":"http:\/\/www.fvplp.com\/victoire\/resolution-parlement-europeen-victoire-ingabire-2025\/","title":{"rendered":"La Fondation Victoire pour la Paix (FVP) salue la r\u00e9solution du Parlement europ\u00e9en demandant la lib\u00e9ration imm\u00e9diate et inconditionnelle de Victoire Ingabire Umuhoza, adopt\u00e9e le 11 septembre 2025"},"content":{"rendered":"\n<div class=\"wp-block-media-text is-stacked-on-mobile is-vertically-aligned-top\" style=\"grid-template-columns:30% auto\"><figure class=\"wp-block-media-text__media\"><img loading=\"lazy\" decoding=\"async\" width=\"110\" height=\"87\" src=\"http:\/\/www.fvplp.com\/victoire\/wp-content\/uploads\/2025\/01\/Parlement.jpg\" alt=\"\" class=\"wp-image-167 size-full\"\/><\/figure><div class=\"wp-block-media-text__content\">\n<p><p>Le FVP exprime sa gratitude aux d\u00e9put\u00e9s europ\u00e9ens qui ont vot\u00e9 la r\u00e9solution <a href=\"https:\/\/www.europarl.europa.eu\/doceo\/document\/RC-10-2025-0392_FR.html\" target=\"_blank\" rel=\"noopener\">2025\/2861 (RSP),<\/a> notamment ceux des groupes politiques du Parlement europ\u00e9en qui ont propos\u00e9 l&rsquo;inscription de la motion de r\u00e9solution sur le cas de Victoire Ingabire \u00e0 l&rsquo;ordre du jour du d\u00e9bat sur les violations des droits de l&rsquo;homme, de la d\u00e9mocratie et de l&rsquo;\u00c9tat de droit (article 150) lors de la session pl\u00e9ni\u00e8re du Parlement europ\u00e9en du 10 septembre 2025. Nous avons \u00e9t\u00e9 tr\u00e8s touch\u00e9s par la d\u00e9cision d&rsquo;inviter les enfants de Mme Ingabire \u00e0 assister au d\u00e9bat. Aucun t\u00e9moignage n&rsquo;aurait pu mieux illustrer la dimension humaine de cette r\u00e9solution et offrir un espoir plus grand \u00e0 la famille de Victoire Ingabire que de montrer que le Parlement europ\u00e9en se soucie de son sort et est pr\u00eat \u00e0 agir pour que la r\u00e9solution devienne r\u00e9alit\u00e9.<br>&nbsp;<\/p>\n<p>La FVP note avec une grande satisfaction que la r\u00e9solution des d\u00e9put\u00e9s europ\u00e9ens condamne non seulement l&rsquo;arrestation de Victoire Ingabire Umuhoza le 19 juin 2025, mais qu&rsquo;elle mette \u00e9galement en avant les demandes cl\u00e9s ci-apr\u00e8s. Le parlement europ\u00e9en<br>&nbsp;<\/p>\n<ul>\n<li>demande la lib\u00e9ration imm\u00e9diate et inconditionnelle de Victoire Ingabire et des autres figures de l\u2019opposition jug\u00e9es pour avoir exerc\u00e9 pacifiquement leurs droits fondamentaux et l\u2019abandon des chefs d&rsquo;accusation motiv\u00e9s par des consid\u00e9rations politiques ;<br>&nbsp;<\/li>\n<li>demande au Rwanda d\u2018accr\u00e9diter l\u2019\u00e9quipe juridique choisie par Victoire Ingabire, &nbsp;d\u2019accepter la comp\u00e9tence de la Cour africaine des droits de l&rsquo;homme et des peuples, de se conformer pleinement \u00e0 son ordonnance de r\u00e9paration de&nbsp;2019 et de respecter les m\u00e9canismes internationaux en mati\u00e8re de droits de l&rsquo;homme&nbsp;;<br>&nbsp;<\/li>\n<li>prie instamment les autorit\u00e9s rwandaises de mettre fin aux actes de harc\u00e8lement, aux arrestations arbitraires et \u00e0 la d\u00e9tention de membres de l\u2019opposition, de journalistes et d\u2019acteurs de la soci\u00e9t\u00e9 civile, de garantir la libert\u00e9 de la presse et des m\u00e9dias et de proposer un espace de d\u00e9bat politique et de participation d\u00e9mocratique, notamment en garantissant des \u00e9lections libres et r\u00e9guli\u00e8res ;<br>&nbsp;<\/li>\n<li>demande aux d\u00e9l\u00e9gations de l\u2019Union europ\u00e9enne et des \u00c9tats membres \u00e0 Kigali de rendre visite aux personnes d\u00e9tenues de fa\u00e7on arbitraire et de suivre les proc\u00e9dures judiciaires;<br>&nbsp;<\/li>\n<li>demande \u00e0 l\u2019Union europ\u00e9enne et aux \u00c9tats membres d\u2019aborder la question de la r\u00e9pression de l\u2019opposition politique et du respect des droits de l\u2019homme lors du dialogue politique au plus haut niveau avec le gouvernement rwandais et de faire en sorte que la coop\u00e9ration avec le Rwanda soit coh\u00e9rente avec la promotion des droits de l\u2019homme et de la d\u00e9mocratie, et notamment les normes en mati\u00e8re de proc\u00e8s \u00e9quitable ;<br>&nbsp;<\/li>\n<li>demande \u00e0 la Commission de revoir l\u2019aide financi\u00e8re et les autres formes d\u2019aide, comme le programme \u00ab Justice et responsabilit\u00e9 \u00bb, actuellement apport\u00e9es aux institutions publiques rwandaises impliqu\u00e9es dans des d\u00e9tentions arbitraires, des actes de torture ou des proc\u00e8s in\u00e9quitables ;<br>&nbsp;<\/li>\n<li>charge sa Pr\u00e9sidente de transmettre la r\u00e9solution \u00e0 la vice-pr\u00e9sidente de la Commission et haute repr\u00e9sentante de l\u2019Union pour les affaires \u00e9trang\u00e8res et la politique de s\u00e9curit\u00e9, au Conseil, \u00e0 la Commission, aux \u00c9tats membres, \u00e0 l\u2019Union africaine, \u00e0 l\u2019Organisation des Nations unies ainsi qu\u2019au gouvernement et au Parlement du Rwanda.<br>&nbsp;<\/li>\n<\/ul>\n<p>La FVP invite le Parlement europ\u00e9en \u00e0 user de toute son influence pour veiller \u00e0 ce que toutes les parties concern\u00e9es, y compris le gouvernement rwandais, se conforment aux dispositions de cette r\u00e9solution.<br>&nbsp;<\/p>\n<p><strong>Bruxelles, 12 Septembre 2025<\/strong><\/p><\/p>\n<\/div><\/div>\n","protected":false},"excerpt":{"rendered":"<p>Le FVP exprime sa gratitude aux d\u00e9put\u00e9s europ\u00e9ens qui ont vot\u00e9 la r\u00e9solution 2025\/2861 (RSP), notamment ceux des groupes politiques [&hellip;]<\/p>\n","protected":false},"author":1,"featured_media":167,"comment_status":"closed","ping_status":"open","sticky":false,"template":"","format":"standard","meta":{"_uag_custom_page_level_css":"","site-sidebar-layout":"default","site-content-layout":"","ast-site-content-layout":"default","site-content-style":"default","site-sidebar-style":"default","ast-global-header-display":"","ast-banner-title-visibility":"","ast-main-header-display":"","ast-hfb-above-header-display":"","ast-hfb-below-header-display":"","ast-hfb-mobile-header-display":"","site-post-title":"","ast-breadcrumbs-content":"","ast-featured-img":"","footer-sml-layout":"","ast-disable-related-posts":"","theme-transparent-header-meta":"default","adv-header-id-meta":"","stick-header-meta":"","header-above-stick-meta":"","header-main-stick-meta":"","header-below-stick-meta":"","astra-migrate-meta-layouts":"set","ast-page-background-enabled":"default","ast-page-background-meta":{"desktop":{"background-color":"var(--ast-global-color-5)","background-image":"","background-repeat":"repeat","background-position":"center center","background-size":"auto","background-attachment":"scroll","background-type":"","background-media":"","overlay-type":"","overlay-color":"","overlay-opacity":"","overlay-gradient":""},"tablet":{"background-color":"","background-image":"","background-repeat":"repeat","background-position":"center center","background-size":"auto","background-attachment":"scroll","background-type":"","background-media":"","overlay-type":"","overlay-color":"","overlay-opacity":"","overlay-gradient":""},"mobile":{"background-color":"","background-image":"","background-repeat":"repeat","background-position":"center center","background-size":"auto","background-attachment":"scroll","background-type":"","background-media":"","overlay-type":"","overlay-color":"","overlay-opacity":"","overlay-gradient":""}},"ast-content-background-meta":{"desktop":{"background-color":"var(--ast-global-color-4)","background-image":"","background-repeat":"repeat","background-position":"center center","background-size":"auto","background-attachment":"scroll","background-type":"","background-media":"","overlay-type":"","overlay-color":"","overlay-opacity":"","overlay-gradient":""},"tablet":{"background-color":"var(--ast-global-color-4)","background-image":"","background-repeat":"repeat","background-position":"center center","background-size":"auto","background-attachment":"scroll","background-type":"","background-media":"","overlay-type":"","overlay-color":"","overlay-opacity":"","overlay-gradient":""},"mobile":{"background-color":"var(--ast-global-color-4)","background-image":"","background-repeat":"repeat","background-position":"center center","background-size":"auto","background-attachment":"scroll","background-type":"","background-media":"","overlay-type":"","overlay-color":"","overlay-opacity":"","overlay-gradient":""}},"footnotes":""},"categories":[1],"tags":[],"class_list":["post-470","post","type-post","status-publish","format-standard","has-post-thumbnail","hentry","category-uncategorized"],"yoast_head":"<!-- This site is optimized with the Yoast SEO plugin v27.4 - https:\/\/yoast.com\/product\/yoast-seo-wordpress\/ -->\n<title>La Fondation Victoire pour la Paix (FVP) salue la r\u00e9solution du Parlement europ\u00e9en demandant la lib\u00e9ration imm\u00e9diate et inconditionnelle de Victoire Ingabire Umuhoza, adopt\u00e9e le 11 septembre 2025 |<\/title>\n<meta name=\"description\" content=\"Le Parlement europ\u00e9en adopte une r\u00e9solution en faveur de Victoire Ingabire, demandant sa lib\u00e9ration imm\u00e9diate et la fin de la r\u00e9pression au\" \/>\n<meta name=\"robots\" content=\"index, follow, max-snippet:-1, max-image-preview:large, max-video-preview:-1\" \/>\n<link rel=\"canonical\" href=\"http:\/\/www.fvplp.com\/victoire\/resolution-parlement-europeen-victoire-ingabire-2025\/\" \/>\n<meta property=\"og:locale\" content=\"fr_FR\" \/>\n<meta property=\"og:type\" content=\"article\" \/>\n<meta property=\"og:title\" content=\"La Fondation Victoire pour la Paix (FVP) salue la r\u00e9solution du Parlement europ\u00e9en demandant la lib\u00e9ration imm\u00e9diate et inconditionnelle de Victoire Ingabire Umuhoza, adopt\u00e9e le 11 septembre 2025 |\" \/>\n<meta property=\"og:description\" content=\"Le Parlement europ\u00e9en adopte une r\u00e9solution en faveur de Victoire Ingabire, demandant sa lib\u00e9ration imm\u00e9diate et la fin de la r\u00e9pression au\" \/>\n<meta property=\"og:url\" content=\"http:\/\/www.fvplp.com\/victoire\/resolution-parlement-europeen-victoire-ingabire-2025\/\" \/>\n<meta property=\"article:published_time\" content=\"2025-09-12T06:57:34+00:00\" \/>\n<meta property=\"article:modified_time\" content=\"2025-09-12T07:12:04+00:00\" \/>\n<meta property=\"og:image\" content=\"https:\/\/www.fvplp.com\/victoire\/wp-content\/uploads\/2025\/01\/Parlement.jpg\" \/>\n\t<meta property=\"og:image:width\" content=\"110\" \/>\n\t<meta property=\"og:image:height\" content=\"87\" \/>\n\t<meta property=\"og:image:type\" content=\"image\/jpeg\" \/>\n<meta name=\"author\" content=\"mugabo\" \/>\n<meta name=\"twitter:card\" content=\"summary_large_image\" \/>\n<meta name=\"twitter:label1\" content=\"\u00c9crit par\" \/>\n\t<meta name=\"twitter:data1\" content=\"mugabo\" \/>\n\t<meta name=\"twitter:label2\" content=\"Dur\u00e9e de lecture estim\u00e9e\" \/>\n\t<meta name=\"twitter:data2\" content=\"3 minutes\" \/>\n<script type=\"application\/ld+json\" class=\"yoast-schema-graph\">{\"@context\":\"https:\\\/\\\/schema.org\",\"@graph\":[{\"@type\":\"Article\",\"@id\":\"http:\\\/\\\/www.fvplp.com\\\/victoire\\\/resolution-parlement-europeen-victoire-ingabire-2025\\\/#article\",\"isPartOf\":{\"@id\":\"http:\\\/\\\/www.fvplp.com\\\/victoire\\\/resolution-parlement-europeen-victoire-ingabire-2025\\\/\"},\"author\":{\"name\":\"mugabo\",\"@id\":\"http:\\\/\\\/www.fvplp.com\\\/victoire\\\/#\\\/schema\\\/person\\\/648deca6b3b20cff967078a8cab9d343\"},\"headline\":\"La Fondation Victoire pour la Paix (FVP) salue la r\u00e9solution du Parlement europ\u00e9en demandant la lib\u00e9ration imm\u00e9diate et inconditionnelle de Victoire Ingabire Umuhoza, adopt\u00e9e le 11 septembre 2025\",\"datePublished\":\"2025-09-12T06:57:34+00:00\",\"dateModified\":\"2025-09-12T07:12:04+00:00\",\"mainEntityOfPage\":{\"@id\":\"http:\\\/\\\/www.fvplp.com\\\/victoire\\\/resolution-parlement-europeen-victoire-ingabire-2025\\\/\"},\"wordCount\":654,\"publisher\":{\"@id\":\"http:\\\/\\\/www.fvplp.com\\\/victoire\\\/#organization\"},\"image\":{\"@id\":\"http:\\\/\\\/www.fvplp.com\\\/victoire\\\/resolution-parlement-europeen-victoire-ingabire-2025\\\/#primaryimage\"},\"thumbnailUrl\":\"http:\\\/\\\/www.fvplp.com\\\/victoire\\\/wp-content\\\/uploads\\\/2025\\\/01\\\/Parlement.jpg\",\"articleSection\":[\"Uncategorized\"],\"inLanguage\":\"fr-FR\"},{\"@type\":\"WebPage\",\"@id\":\"http:\\\/\\\/www.fvplp.com\\\/victoire\\\/resolution-parlement-europeen-victoire-ingabire-2025\\\/\",\"url\":\"http:\\\/\\\/www.fvplp.com\\\/victoire\\\/resolution-parlement-europeen-victoire-ingabire-2025\\\/\",\"name\":\"La Fondation Victoire pour la Paix (FVP) salue la r\u00e9solution du Parlement europ\u00e9en demandant la lib\u00e9ration imm\u00e9diate et inconditionnelle de Victoire Ingabire Umuhoza, adopt\u00e9e le 11 septembre 2025 |\",\"isPartOf\":{\"@id\":\"http:\\\/\\\/www.fvplp.com\\\/victoire\\\/#website\"},\"primaryImageOfPage\":{\"@id\":\"http:\\\/\\\/www.fvplp.com\\\/victoire\\\/resolution-parlement-europeen-victoire-ingabire-2025\\\/#primaryimage\"},\"image\":{\"@id\":\"http:\\\/\\\/www.fvplp.com\\\/victoire\\\/resolution-parlement-europeen-victoire-ingabire-2025\\\/#primaryimage\"},\"thumbnailUrl\":\"http:\\\/\\\/www.fvplp.com\\\/victoire\\\/wp-content\\\/uploads\\\/2025\\\/01\\\/Parlement.jpg\",\"datePublished\":\"2025-09-12T06:57:34+00:00\",\"dateModified\":\"2025-09-12T07:12:04+00:00\",\"description\":\"Le Parlement europ\u00e9en adopte une r\u00e9solution en faveur de Victoire Ingabire, demandant sa lib\u00e9ration imm\u00e9diate et la fin de la r\u00e9pression au\",\"breadcrumb\":{\"@id\":\"http:\\\/\\\/www.fvplp.com\\\/victoire\\\/resolution-parlement-europeen-victoire-ingabire-2025\\\/#breadcrumb\"},\"inLanguage\":\"fr-FR\",\"potentialAction\":[{\"@type\":\"ReadAction\",\"target\":[\"http:\\\/\\\/www.fvplp.com\\\/victoire\\\/resolution-parlement-europeen-victoire-ingabire-2025\\\/\"]}]},{\"@type\":\"ImageObject\",\"inLanguage\":\"fr-FR\",\"@id\":\"http:\\\/\\\/www.fvplp.com\\\/victoire\\\/resolution-parlement-europeen-victoire-ingabire-2025\\\/#primaryimage\",\"url\":\"http:\\\/\\\/www.fvplp.com\\\/victoire\\\/wp-content\\\/uploads\\\/2025\\\/01\\\/Parlement.jpg\",\"contentUrl\":\"http:\\\/\\\/www.fvplp.com\\\/victoire\\\/wp-content\\\/uploads\\\/2025\\\/01\\\/Parlement.jpg\",\"width\":110,\"height\":87},{\"@type\":\"BreadcrumbList\",\"@id\":\"http:\\\/\\\/www.fvplp.com\\\/victoire\\\/resolution-parlement-europeen-victoire-ingabire-2025\\\/#breadcrumb\",\"itemListElement\":[{\"@type\":\"ListItem\",\"position\":1,\"name\":\"Accueil\",\"item\":\"http:\\\/\\\/www.fvplp.com\\\/victoire\\\/\"},{\"@type\":\"ListItem\",\"position\":2,\"name\":\"La Fondation Victoire pour la Paix (FVP) salue la r\u00e9solution du Parlement europ\u00e9en demandant la lib\u00e9ration imm\u00e9diate et inconditionnelle de Victoire Ingabire Umuhoza, adopt\u00e9e le 11 septembre 2025\"}]},{\"@type\":\"WebSite\",\"@id\":\"http:\\\/\\\/www.fvplp.com\\\/victoire\\\/#website\",\"url\":\"http:\\\/\\\/www.fvplp.com\\\/victoire\\\/\",\"name\":\"Fondation Victoire pour la Paix\",\"description\":\"Fondation Victoire Pour La Paix\",\"publisher\":{\"@id\":\"http:\\\/\\\/www.fvplp.com\\\/victoire\\\/#organization\"},\"alternateName\":\"Fondation Victoire pour la Paix\",\"potentialAction\":[{\"@type\":\"SearchAction\",\"target\":{\"@type\":\"EntryPoint\",\"urlTemplate\":\"http:\\\/\\\/www.fvplp.com\\\/victoire\\\/?s={search_term_string}\"},\"query-input\":{\"@type\":\"PropertyValueSpecification\",\"valueRequired\":true,\"valueName\":\"search_term_string\"}}],\"inLanguage\":\"fr-FR\"},{\"@type\":\"Organization\",\"@id\":\"http:\\\/\\\/www.fvplp.com\\\/victoire\\\/#organization\",\"name\":\"Fondation Victoire pour la Paix\",\"url\":\"http:\\\/\\\/www.fvplp.com\\\/victoire\\\/\",\"logo\":{\"@type\":\"ImageObject\",\"inLanguage\":\"fr-FR\",\"@id\":\"http:\\\/\\\/www.fvplp.com\\\/victoire\\\/#\\\/schema\\\/logo\\\/image\\\/\",\"url\":\"http:\\\/\\\/www.fvplp.com\\\/victoire\\\/wp-content\\\/uploads\\\/2025\\\/01\\\/cropped-cropped-new-logo.png\",\"contentUrl\":\"http:\\\/\\\/www.fvplp.com\\\/victoire\\\/wp-content\\\/uploads\\\/2025\\\/01\\\/cropped-cropped-new-logo.png\",\"width\":295,\"height\":125,\"caption\":\"Fondation Victoire pour la Paix\"},\"image\":{\"@id\":\"http:\\\/\\\/www.fvplp.com\\\/victoire\\\/#\\\/schema\\\/logo\\\/image\\\/\"}},{\"@type\":\"Person\",\"@id\":\"http:\\\/\\\/www.fvplp.com\\\/victoire\\\/#\\\/schema\\\/person\\\/648deca6b3b20cff967078a8cab9d343\",\"name\":\"mugabo\",\"image\":{\"@type\":\"ImageObject\",\"inLanguage\":\"fr-FR\",\"@id\":\"https:\\\/\\\/secure.gravatar.com\\\/avatar\\\/332f5e7209bda5c3e316f358bdfa8e5831f8a5a83a8e45b9d31218bc0ef4c5b4?s=96&d=mm&r=g\",\"url\":\"https:\\\/\\\/secure.gravatar.com\\\/avatar\\\/332f5e7209bda5c3e316f358bdfa8e5831f8a5a83a8e45b9d31218bc0ef4c5b4?s=96&d=mm&r=g\",\"contentUrl\":\"https:\\\/\\\/secure.gravatar.com\\\/avatar\\\/332f5e7209bda5c3e316f358bdfa8e5831f8a5a83a8e45b9d31218bc0ef4c5b4?s=96&d=mm&r=g\",\"caption\":\"mugabo\"},\"sameAs\":[\"http:\\\/\\\/www.fvplp.com\\\/victoire\"]}]}<\/script>\n<!-- \/ Yoast SEO plugin. -->","yoast_head_json":{"title":"La Fondation Victoire pour la Paix (FVP) salue la r\u00e9solution du Parlement europ\u00e9en demandant la lib\u00e9ration imm\u00e9diate et inconditionnelle de Victoire Ingabire Umuhoza, adopt\u00e9e le 11 septembre 2025 |","description":"Le Parlement europ\u00e9en adopte une r\u00e9solution en faveur de Victoire Ingabire, demandant sa lib\u00e9ration imm\u00e9diate et la fin de la r\u00e9pression au","robots":{"index":"index","follow":"follow","max-snippet":"max-snippet:-1","max-image-preview":"max-image-preview:large","max-video-preview":"max-video-preview:-1"},"canonical":"http:\/\/www.fvplp.com\/victoire\/resolution-parlement-europeen-victoire-ingabire-2025\/","og_locale":"fr_FR","og_type":"article","og_title":"La Fondation Victoire pour la Paix (FVP) salue la r\u00e9solution du Parlement europ\u00e9en demandant la lib\u00e9ration imm\u00e9diate et inconditionnelle de Victoire Ingabire Umuhoza, adopt\u00e9e le 11 septembre 2025 |","og_description":"Le Parlement europ\u00e9en adopte une r\u00e9solution en faveur de Victoire Ingabire, demandant sa lib\u00e9ration imm\u00e9diate et la fin de la r\u00e9pression au","og_url":"http:\/\/www.fvplp.com\/victoire\/resolution-parlement-europeen-victoire-ingabire-2025\/","article_published_time":"2025-09-12T06:57:34+00:00","article_modified_time":"2025-09-12T07:12:04+00:00","og_image":[{"width":110,"height":87,"url":"https:\/\/www.fvplp.com\/victoire\/wp-content\/uploads\/2025\/01\/Parlement.jpg","type":"image\/jpeg"}],"author":"mugabo","twitter_card":"summary_large_image","twitter_misc":{"\u00c9crit par":"mugabo","Dur\u00e9e de lecture estim\u00e9e":"3 minutes"},"schema":{"@context":"https:\/\/schema.org","@graph":[{"@type":"Article","@id":"http:\/\/www.fvplp.com\/victoire\/resolution-parlement-europeen-victoire-ingabire-2025\/#article","isPartOf":{"@id":"http:\/\/www.fvplp.com\/victoire\/resolution-parlement-europeen-victoire-ingabire-2025\/"},"author":{"name":"mugabo","@id":"http:\/\/www.fvplp.com\/victoire\/#\/schema\/person\/648deca6b3b20cff967078a8cab9d343"},"headline":"La Fondation Victoire pour la Paix (FVP) salue la r\u00e9solution du Parlement europ\u00e9en demandant la lib\u00e9ration imm\u00e9diate et inconditionnelle de Victoire Ingabire Umuhoza, adopt\u00e9e le 11 septembre 2025","datePublished":"2025-09-12T06:57:34+00:00","dateModified":"2025-09-12T07:12:04+00:00","mainEntityOfPage":{"@id":"http:\/\/www.fvplp.com\/victoire\/resolution-parlement-europeen-victoire-ingabire-2025\/"},"wordCount":654,"publisher":{"@id":"http:\/\/www.fvplp.com\/victoire\/#organization"},"image":{"@id":"http:\/\/www.fvplp.com\/victoire\/resolution-parlement-europeen-victoire-ingabire-2025\/#primaryimage"},"thumbnailUrl":"http:\/\/www.fvplp.com\/victoire\/wp-content\/uploads\/2025\/01\/Parlement.jpg","articleSection":["Uncategorized"],"inLanguage":"fr-FR"},{"@type":"WebPage","@id":"http:\/\/www.fvplp.com\/victoire\/resolution-parlement-europeen-victoire-ingabire-2025\/","url":"http:\/\/www.fvplp.com\/victoire\/resolution-parlement-europeen-victoire-ingabire-2025\/","name":"La Fondation Victoire pour la Paix (FVP) salue la r\u00e9solution du Parlement europ\u00e9en demandant la lib\u00e9ration imm\u00e9diate et inconditionnelle de Victoire Ingabire Umuhoza, adopt\u00e9e le 11 septembre 2025 |","isPartOf":{"@id":"http:\/\/www.fvplp.com\/victoire\/#website"},"primaryImageOfPage":{"@id":"http:\/\/www.fvplp.com\/victoire\/resolution-parlement-europeen-victoire-ingabire-2025\/#primaryimage"},"image":{"@id":"http:\/\/www.fvplp.com\/victoire\/resolution-parlement-europeen-victoire-ingabire-2025\/#primaryimage"},"thumbnailUrl":"http:\/\/www.fvplp.com\/victoire\/wp-content\/uploads\/2025\/01\/Parlement.jpg","datePublished":"2025-09-12T06:57:34+00:00","dateModified":"2025-09-12T07:12:04+00:00","description":"Le Parlement europ\u00e9en adopte une r\u00e9solution en faveur de Victoire Ingabire, demandant sa lib\u00e9ration imm\u00e9diate et la fin de la r\u00e9pression au","breadcrumb":{"@id":"http:\/\/www.fvplp.com\/victoire\/resolution-parlement-europeen-victoire-ingabire-2025\/#breadcrumb"},"inLanguage":"fr-FR","potentialAction":[{"@type":"ReadAction","target":["http:\/\/www.fvplp.com\/victoire\/resolution-parlement-europeen-victoire-ingabire-2025\/"]}]},{"@type":"ImageObject","inLanguage":"fr-FR","@id":"http:\/\/www.fvplp.com\/victoire\/resolution-parlement-europeen-victoire-ingabire-2025\/#primaryimage","url":"http:\/\/www.fvplp.com\/victoire\/wp-content\/uploads\/2025\/01\/Parlement.jpg","contentUrl":"http:\/\/www.fvplp.com\/victoire\/wp-content\/uploads\/2025\/01\/Parlement.jpg","width":110,"height":87},{"@type":"BreadcrumbList","@id":"http:\/\/www.fvplp.com\/victoire\/resolution-parlement-europeen-victoire-ingabire-2025\/#breadcrumb","itemListElement":[{"@type":"ListItem","position":1,"name":"Accueil","item":"http:\/\/www.fvplp.com\/victoire\/"},{"@type":"ListItem","position":2,"name":"La Fondation Victoire pour la Paix (FVP) salue la r\u00e9solution du Parlement europ\u00e9en demandant la lib\u00e9ration imm\u00e9diate et inconditionnelle de Victoire Ingabire Umuhoza, adopt\u00e9e le 11 septembre 2025"}]},{"@type":"WebSite","@id":"http:\/\/www.fvplp.com\/victoire\/#website","url":"http:\/\/www.fvplp.com\/victoire\/","name":"Fondation Victoire pour la Paix","description":"Fondation Victoire Pour La Paix","publisher":{"@id":"http:\/\/www.fvplp.com\/victoire\/#organization"},"alternateName":"Fondation Victoire pour la Paix","potentialAction":[{"@type":"SearchAction","target":{"@type":"EntryPoint","urlTemplate":"http:\/\/www.fvplp.com\/victoire\/?s={search_term_string}"},"query-input":{"@type":"PropertyValueSpecification","valueRequired":true,"valueName":"search_term_string"}}],"inLanguage":"fr-FR"},{"@type":"Organization","@id":"http:\/\/www.fvplp.com\/victoire\/#organization","name":"Fondation Victoire pour la Paix","url":"http:\/\/www.fvplp.com\/victoire\/","logo":{"@type":"ImageObject","inLanguage":"fr-FR","@id":"http:\/\/www.fvplp.com\/victoire\/#\/schema\/logo\/image\/","url":"http:\/\/www.fvplp.com\/victoire\/wp-content\/uploads\/2025\/01\/cropped-cropped-new-logo.png","contentUrl":"http:\/\/www.fvplp.com\/victoire\/wp-content\/uploads\/2025\/01\/cropped-cropped-new-logo.png","width":295,"height":125,"caption":"Fondation Victoire pour la Paix"},"image":{"@id":"http:\/\/www.fvplp.com\/victoire\/#\/schema\/logo\/image\/"}},{"@type":"Person","@id":"http:\/\/www.fvplp.com\/victoire\/#\/schema\/person\/648deca6b3b20cff967078a8cab9d343","name":"mugabo","image":{"@type":"ImageObject","inLanguage":"fr-FR","@id":"https:\/\/secure.gravatar.com\/avatar\/332f5e7209bda5c3e316f358bdfa8e5831f8a5a83a8e45b9d31218bc0ef4c5b4?s=96&d=mm&r=g","url":"https:\/\/secure.gravatar.com\/avatar\/332f5e7209bda5c3e316f358bdfa8e5831f8a5a83a8e45b9d31218bc0ef4c5b4?s=96&d=mm&r=g","contentUrl":"https:\/\/secure.gravatar.com\/avatar\/332f5e7209bda5c3e316f358bdfa8e5831f8a5a83a8e45b9d31218bc0ef4c5b4?s=96&d=mm&r=g","caption":"mugabo"},"sameAs":["http:\/\/www.fvplp.com\/victoire"]}]}},"uagb_featured_image_src":{"full":["http:\/\/www.fvplp.com\/victoire\/wp-content\/uploads\/2025\/01\/Parlement.jpg",110,87,false],"thumbnail":["http:\/\/www.fvplp.com\/victoire\/wp-content\/uploads\/2025\/01\/Parlement.jpg",110,87,false],"medium":["http:\/\/www.fvplp.com\/victoire\/wp-content\/uploads\/2025\/01\/Parlement.jpg",110,87,false],"medium_large":["http:\/\/www.fvplp.com\/victoire\/wp-content\/uploads\/2025\/01\/Parlement.jpg",110,87,false],"large":["http:\/\/www.fvplp.com\/victoire\/wp-content\/uploads\/2025\/01\/Parlement.jpg",110,87,false],"1536x1536":["http:\/\/www.fvplp.com\/victoire\/wp-content\/uploads\/2025\/01\/Parlement.jpg",110,87,false],"2048x2048":["http:\/\/www.fvplp.com\/victoire\/wp-content\/uploads\/2025\/01\/Parlement.jpg",110,87,false]},"uagb_author_info":{"display_name":"mugabo","author_link":"http:\/\/www.fvplp.com\/victoire\/author\/mugabo\/"},"uagb_comment_info":0,"uagb_excerpt":"Le FVP exprime sa gratitude aux d\u00e9put\u00e9s europ\u00e9ens qui ont vot\u00e9 la r\u00e9solution 2025\/2861 (RSP), notamment ceux des groupes politiques [&hellip;]","_links":{"self":[{"href":"http:\/\/www.fvplp.com\/victoire\/wp-json\/wp\/v2\/posts\/470","targetHints":{"allow":["GET"]}}],"collection":[{"href":"http:\/\/www.fvplp.com\/victoire\/wp-json\/wp\/v2\/posts"}],"about":[{"href":"http:\/\/www.fvplp.com\/victoire\/wp-json\/wp\/v2\/types\/post"}],"author":[{"embeddable":true,"href":"http:\/\/www.fvplp.com\/victoire\/wp-json\/wp\/v2\/users\/1"}],"replies":[{"embeddable":true,"href":"http:\/\/www.fvplp.com\/victoire\/wp-json\/wp\/v2\/comments?post=470"}],"version-history":[{"count":3,"href":"http:\/\/www.fvplp.com\/victoire\/wp-json\/wp\/v2\/posts\/470\/revisions"}],"predecessor-version":[{"id":482,"href":"http:\/\/www.fvplp.com\/victoire\/wp-json\/wp\/v2\/posts\/470\/revisions\/482"}],"wp:featuredmedia":[{"embeddable":true,"href":"http:\/\/www.fvplp.com\/victoire\/wp-json\/wp\/v2\/media\/167"}],"wp:attachment":[{"href":"http:\/\/www.fvplp.com\/victoire\/wp-json\/wp\/v2\/media?parent=470"}],"wp:term":[{"taxonomy":"category","embeddable":true,"href":"http:\/\/www.fvplp.com\/victoire\/wp-json\/wp\/v2\/categories?post=470"},{"taxonomy":"post_tag","embeddable":true,"href":"http:\/\/www.fvplp.com\/victoire\/wp-json\/wp\/v2\/tags?post=470"}],"curies":[{"name":"wp","href":"https:\/\/api.w.org\/{rel}","templated":true}]}}