{"id":455,"date":"2025-09-09T08:29:46","date_gmt":"2025-09-09T08:29:46","guid":{"rendered":"https:\/\/www.fvplp.com\/victoire\/?p=455"},"modified":"2025-09-09T08:38:52","modified_gmt":"2025-09-09T08:38:52","slug":"fvp-statement-victoire-ingabire-rwanda-09-09-2025","status":"publish","type":"post","link":"http:\/\/www.fvplp.com\/victoire\/fvp-statement-victoire-ingabire-rwanda-09-09-2025\/","title":{"rendered":"The Fondation Victoire pour la Paix (FVP) is gravely concerned by the decision to incarcerate Victoire Ingabire in conditions that pose a direct threat to her physical safety."},"content":{"rendered":"\r\n<div class=\"wp-block-media-text is-stacked-on-mobile is-vertically-aligned-top\" style=\"grid-template-columns: 30% auto;\">\r\n<figure class=\"wp-block-media-text__media\"><img loading=\"lazy\" decoding=\"async\" width=\"512\" height=\"1024\" class=\"wp-image-441 size-full\" src=\"http:\/\/www.fvplp.com\/victoire\/wp-content\/uploads\/2025\/09\/PHOTO-2025-09-09-07-52-13-512x1024.jpg\" alt=\"\" srcset=\"http:\/\/www.fvplp.com\/victoire\/wp-content\/uploads\/2025\/09\/PHOTO-2025-09-09-07-52-13-512x1024.jpg 512w, http:\/\/www.fvplp.com\/victoire\/wp-content\/uploads\/2025\/09\/PHOTO-2025-09-09-07-52-13-150x300.jpg 150w, http:\/\/www.fvplp.com\/victoire\/wp-content\/uploads\/2025\/09\/PHOTO-2025-09-09-07-52-13-768x1536.jpg 768w, http:\/\/www.fvplp.com\/victoire\/wp-content\/uploads\/2025\/09\/PHOTO-2025-09-09-07-52-13.jpg 799w\" sizes=\"auto, (max-width: 512px) 100vw, 512px\" \/><\/figure>\r\n<div class=\"wp-block-media-text__content\">\r\n<p>The Rwanda authorities and judiciary are openly violating the rights of Victoire Ingabire Umuhoza, Rwandan human rights activist and political opponent who was unlawfully re-arrested 19 June 2025.<br \/>\u00a0<br \/>The FVP reminds these authorities that the international community is watching the growing list of procedural and legal irregularities in the handling of Victoire Ingabire\u2019s case. These violations, which reinforce the sham nature of the proceedings against her, include:<\/p>\r\n<ul>\r\n<li>Victoire Ingabire\u2019s continued detention despite the failure of the Prosecution to submit an indictment within the timeframe ordered by the court;<br \/>\u00a0<\/li>\r\n<li>The prohibition on Victoire Ingabire speaking with her family since her arrest on 19 June 2025, in violation of the <em>UN Minimum Standards for the Treatment of Prisoners<\/em> (Nelson Mandela Rules), which allow limits on family contact for a limited period and only as strictly required for the maintenance of security and order;<br \/>\u00a0<\/li>\r\n<li>The prohibition on Victoire Ingabire speaking with her international legal team, in further breach of the Nelson Mandela Rules;<br \/>\u00a0<\/li>\r\n<li>The refusal of the Rwandan Bar Association to allow Victoire Ingabire\u2019s Kenyan lawyer to represent her in court, in violation of its own governing framework, and the\u00a0 Protocol of the East African Common Market<br \/>\u00a0<\/li>\r\n<li>The assignment of the same Judges who ordered the Prosecution to investigate Victoire Ingabire, to now adjudicate the case against her; and<br \/>\u00a0<\/li>\r\n<li>The decision to incarcerate Victoire Ingabire in a solitary confinement with a female inmate who has been convicted of murder. Detaining pre-trial accused together with convicted defendants is irregular, and dangerous given Victoire\u2019s status as a political figure, who has previously received death threats.<br \/>\u00a0<\/li>\r\n<\/ul>\r\n<p>FVP is gravely concerned by this decision to place Victoire Ingabire in conditions that pose such a direct threat to her physical safety.\u00a0 <strong>FVP states publicly that the Rwandan government will be held directly accountable should she come to any harm as a result of this decision.<\/strong><br \/>\u00a0<br \/>The persistent violations of Victoire Ingabire\u2019s basic human rights, and rights as an accused, further highlight the absence of the rule of law in Rwanda, and further damages the country&rsquo;s reputation on the global stage. The case against Victoire Ingabire is yet another example of the Rwandan judiciary being weaponised against President Kagame\u2019s political opponents.<br \/>\u00a0<br \/>FVP calls on the international community to continue to denounce the breaches by the Rwandan judiciary, and continue to closely monitor these proceedings.<br \/>\u00a0<br \/><strong>Brussels 9<sup>th<\/sup> September 2025<\/strong><\/p>\r\n<\/div>\r\n<\/div>\r\n","protected":false},"excerpt":{"rendered":"<p>The Rwanda authorities and judiciary are openly violating the rights of Victoire Ingabire Umuhoza, Rwandan human rights activist and political [&hellip;]<\/p>\n","protected":false},"author":1,"featured_media":441,"comment_status":"closed","ping_status":"open","sticky":false,"template":"","format":"standard","meta":{"_uag_custom_page_level_css":"","site-sidebar-layout":"default","site-content-layout":"","ast-site-content-layout":"default","site-content-style":"default","site-sidebar-style":"default","ast-global-header-display":"","ast-banner-title-visibility":"","ast-main-header-display":"","ast-hfb-above-header-display":"","ast-hfb-below-header-display":"","ast-hfb-mobile-header-display":"","site-post-title":"","ast-breadcrumbs-content":"","ast-featured-img":"","footer-sml-layout":"","ast-disable-related-posts":"","theme-transparent-header-meta":"default","adv-header-id-meta":"","stick-header-meta":"","header-above-stick-meta":"","header-main-stick-meta":"","header-below-stick-meta":"","astra-migrate-meta-layouts":"set","ast-page-background-enabled":"default","ast-page-background-meta":{"desktop":{"background-color":"var(--ast-global-color-5)","background-image":"","background-repeat":"repeat","background-position":"center center","background-size":"auto","background-attachment":"scroll","background-type":"","background-media":"","overlay-type":"","overlay-color":"","overlay-opacity":"","overlay-gradient":""},"tablet":{"background-color":"","background-image":"","background-repeat":"repeat","background-position":"center center","background-size":"auto","background-attachment":"scroll","background-type":"","background-media":"","overlay-type":"","overlay-color":"","overlay-opacity":"","overlay-gradient":""},"mobile":{"background-color":"","background-image":"","background-repeat":"repeat","background-position":"center center","background-size":"auto","background-attachment":"scroll","background-type":"","background-media":"","overlay-type":"","overlay-color":"","overlay-opacity":"","overlay-gradient":""}},"ast-content-background-meta":{"desktop":{"background-color":"var(--ast-global-color-4)","background-image":"","background-repeat":"repeat","background-position":"center center","background-size":"auto","background-attachment":"scroll","background-type":"","background-media":"","overlay-type":"","overlay-color":"","overlay-opacity":"","overlay-gradient":""},"tablet":{"background-color":"var(--ast-global-color-4)","background-image":"","background-repeat":"repeat","background-position":"center center","background-size":"auto","background-attachment":"scroll","background-type":"","background-media":"","overlay-type":"","overlay-color":"","overlay-opacity":"","overlay-gradient":""},"mobile":{"background-color":"var(--ast-global-color-4)","background-image":"","background-repeat":"repeat","background-position":"center center","background-size":"auto","background-attachment":"scroll","background-type":"","background-media":"","overlay-type":"","overlay-color":"","overlay-opacity":"","overlay-gradient":""}},"footnotes":""},"categories":[1],"tags":[],"class_list":["post-455","post","type-post","status-publish","format-standard","has-post-thumbnail","hentry","category-uncategorized"],"yoast_head":"<!-- This site is optimized with the Yoast SEO plugin v27.4 - https:\/\/yoast.com\/product\/yoast-seo-wordpress\/ -->\n<title>The Fondation Victoire pour la Paix (FVP) is gravely concerned by the decision to incarcerate Victoire Ingabire in conditions that pose a direct threat to her physical safety. |<\/title>\n<meta name=\"description\" content=\"FVP denounces Rwanda\u2019s unlawful detention of Victoire Ingabire and urges the international community to hold the government accountable.\" \/>\n<meta name=\"robots\" content=\"index, follow, max-snippet:-1, max-image-preview:large, max-video-preview:-1\" \/>\n<link rel=\"canonical\" href=\"http:\/\/www.fvplp.com\/victoire\/fvp-statement-victoire-ingabire-rwanda-09-09-2025\/\" \/>\n<meta property=\"og:locale\" content=\"fr_FR\" \/>\n<meta property=\"og:type\" content=\"article\" \/>\n<meta property=\"og:title\" content=\"The Fondation Victoire pour la Paix (FVP) is gravely concerned by the decision to incarcerate Victoire Ingabire in conditions that pose a direct threat to her physical safety. |\" \/>\n<meta property=\"og:description\" content=\"FVP denounces Rwanda\u2019s unlawful detention of Victoire Ingabire and urges the international community to hold the government accountable.\" \/>\n<meta property=\"og:url\" content=\"http:\/\/www.fvplp.com\/victoire\/fvp-statement-victoire-ingabire-rwanda-09-09-2025\/\" \/>\n<meta property=\"article:published_time\" content=\"2025-09-09T08:29:46+00:00\" \/>\n<meta property=\"article:modified_time\" content=\"2025-09-09T08:38:52+00:00\" \/>\n<meta property=\"og:image\" content=\"http:\/\/www.fvplp.com\/victoire\/wp-content\/uploads\/2025\/09\/PHOTO-2025-09-09-07-52-13.jpg\" \/>\n\t<meta property=\"og:image:width\" content=\"799\" \/>\n\t<meta property=\"og:image:height\" content=\"1599\" \/>\n\t<meta property=\"og:image:type\" content=\"image\/jpeg\" \/>\n<meta name=\"author\" content=\"mugabo\" \/>\n<meta name=\"twitter:card\" content=\"summary_large_image\" \/>\n<meta name=\"twitter:label1\" content=\"\u00c9crit par\" \/>\n\t<meta name=\"twitter:data1\" content=\"mugabo\" \/>\n\t<meta name=\"twitter:label2\" content=\"Dur\u00e9e de lecture estim\u00e9e\" \/>\n\t<meta name=\"twitter:data2\" content=\"3 minutes\" \/>\n<script type=\"application\/ld+json\" class=\"yoast-schema-graph\">{\"@context\":\"https:\\\/\\\/schema.org\",\"@graph\":[{\"@type\":\"Article\",\"@id\":\"http:\\\/\\\/www.fvplp.com\\\/victoire\\\/fvp-statement-victoire-ingabire-rwanda-09-09-2025\\\/#article\",\"isPartOf\":{\"@id\":\"http:\\\/\\\/www.fvplp.com\\\/victoire\\\/fvp-statement-victoire-ingabire-rwanda-09-09-2025\\\/\"},\"author\":{\"name\":\"mugabo\",\"@id\":\"http:\\\/\\\/www.fvplp.com\\\/victoire\\\/#\\\/schema\\\/person\\\/648deca6b3b20cff967078a8cab9d343\"},\"headline\":\"The Fondation Victoire pour la Paix (FVP) is gravely concerned by the decision to incarcerate Victoire Ingabire in conditions that pose a direct threat to her physical safety.\",\"datePublished\":\"2025-09-09T08:29:46+00:00\",\"dateModified\":\"2025-09-09T08:38:52+00:00\",\"mainEntityOfPage\":{\"@id\":\"http:\\\/\\\/www.fvplp.com\\\/victoire\\\/fvp-statement-victoire-ingabire-rwanda-09-09-2025\\\/\"},\"wordCount\":418,\"publisher\":{\"@id\":\"http:\\\/\\\/www.fvplp.com\\\/victoire\\\/#organization\"},\"image\":{\"@id\":\"http:\\\/\\\/www.fvplp.com\\\/victoire\\\/fvp-statement-victoire-ingabire-rwanda-09-09-2025\\\/#primaryimage\"},\"thumbnailUrl\":\"http:\\\/\\\/www.fvplp.com\\\/victoire\\\/wp-content\\\/uploads\\\/2025\\\/09\\\/PHOTO-2025-09-09-07-52-13.jpg\",\"articleSection\":[\"Uncategorized\"],\"inLanguage\":\"fr-FR\"},{\"@type\":\"WebPage\",\"@id\":\"http:\\\/\\\/www.fvplp.com\\\/victoire\\\/fvp-statement-victoire-ingabire-rwanda-09-09-2025\\\/\",\"url\":\"http:\\\/\\\/www.fvplp.com\\\/victoire\\\/fvp-statement-victoire-ingabire-rwanda-09-09-2025\\\/\",\"name\":\"The Fondation Victoire pour la Paix (FVP) is gravely concerned by the decision to incarcerate Victoire Ingabire in conditions that pose a direct threat to her physical safety. |\",\"isPartOf\":{\"@id\":\"http:\\\/\\\/www.fvplp.com\\\/victoire\\\/#website\"},\"primaryImageOfPage\":{\"@id\":\"http:\\\/\\\/www.fvplp.com\\\/victoire\\\/fvp-statement-victoire-ingabire-rwanda-09-09-2025\\\/#primaryimage\"},\"image\":{\"@id\":\"http:\\\/\\\/www.fvplp.com\\\/victoire\\\/fvp-statement-victoire-ingabire-rwanda-09-09-2025\\\/#primaryimage\"},\"thumbnailUrl\":\"http:\\\/\\\/www.fvplp.com\\\/victoire\\\/wp-content\\\/uploads\\\/2025\\\/09\\\/PHOTO-2025-09-09-07-52-13.jpg\",\"datePublished\":\"2025-09-09T08:29:46+00:00\",\"dateModified\":\"2025-09-09T08:38:52+00:00\",\"description\":\"FVP denounces Rwanda\u2019s unlawful detention of Victoire Ingabire and urges the international community to hold the government accountable.\",\"breadcrumb\":{\"@id\":\"http:\\\/\\\/www.fvplp.com\\\/victoire\\\/fvp-statement-victoire-ingabire-rwanda-09-09-2025\\\/#breadcrumb\"},\"inLanguage\":\"fr-FR\",\"potentialAction\":[{\"@type\":\"ReadAction\",\"target\":[\"http:\\\/\\\/www.fvplp.com\\\/victoire\\\/fvp-statement-victoire-ingabire-rwanda-09-09-2025\\\/\"]}]},{\"@type\":\"ImageObject\",\"inLanguage\":\"fr-FR\",\"@id\":\"http:\\\/\\\/www.fvplp.com\\\/victoire\\\/fvp-statement-victoire-ingabire-rwanda-09-09-2025\\\/#primaryimage\",\"url\":\"http:\\\/\\\/www.fvplp.com\\\/victoire\\\/wp-content\\\/uploads\\\/2025\\\/09\\\/PHOTO-2025-09-09-07-52-13.jpg\",\"contentUrl\":\"http:\\\/\\\/www.fvplp.com\\\/victoire\\\/wp-content\\\/uploads\\\/2025\\\/09\\\/PHOTO-2025-09-09-07-52-13.jpg\",\"width\":799,\"height\":1599},{\"@type\":\"BreadcrumbList\",\"@id\":\"http:\\\/\\\/www.fvplp.com\\\/victoire\\\/fvp-statement-victoire-ingabire-rwanda-09-09-2025\\\/#breadcrumb\",\"itemListElement\":[{\"@type\":\"ListItem\",\"position\":1,\"name\":\"Accueil\",\"item\":\"http:\\\/\\\/www.fvplp.com\\\/victoire\\\/\"},{\"@type\":\"ListItem\",\"position\":2,\"name\":\"The Fondation Victoire pour la Paix (FVP) is gravely concerned by the decision to incarcerate Victoire Ingabire in conditions that pose a direct threat to her physical safety.\"}]},{\"@type\":\"WebSite\",\"@id\":\"http:\\\/\\\/www.fvplp.com\\\/victoire\\\/#website\",\"url\":\"http:\\\/\\\/www.fvplp.com\\\/victoire\\\/\",\"name\":\"Fondation Victoire pour la Paix\",\"description\":\"Fondation Victoire Pour La Paix\",\"publisher\":{\"@id\":\"http:\\\/\\\/www.fvplp.com\\\/victoire\\\/#organization\"},\"alternateName\":\"Fondation Victoire pour la Paix\",\"potentialAction\":[{\"@type\":\"SearchAction\",\"target\":{\"@type\":\"EntryPoint\",\"urlTemplate\":\"http:\\\/\\\/www.fvplp.com\\\/victoire\\\/?s={search_term_string}\"},\"query-input\":{\"@type\":\"PropertyValueSpecification\",\"valueRequired\":true,\"valueName\":\"search_term_string\"}}],\"inLanguage\":\"fr-FR\"},{\"@type\":\"Organization\",\"@id\":\"http:\\\/\\\/www.fvplp.com\\\/victoire\\\/#organization\",\"name\":\"Fondation Victoire pour la Paix\",\"url\":\"http:\\\/\\\/www.fvplp.com\\\/victoire\\\/\",\"logo\":{\"@type\":\"ImageObject\",\"inLanguage\":\"fr-FR\",\"@id\":\"http:\\\/\\\/www.fvplp.com\\\/victoire\\\/#\\\/schema\\\/logo\\\/image\\\/\",\"url\":\"http:\\\/\\\/www.fvplp.com\\\/victoire\\\/wp-content\\\/uploads\\\/2025\\\/01\\\/cropped-cropped-new-logo.png\",\"contentUrl\":\"http:\\\/\\\/www.fvplp.com\\\/victoire\\\/wp-content\\\/uploads\\\/2025\\\/01\\\/cropped-cropped-new-logo.png\",\"width\":295,\"height\":125,\"caption\":\"Fondation Victoire pour la Paix\"},\"image\":{\"@id\":\"http:\\\/\\\/www.fvplp.com\\\/victoire\\\/#\\\/schema\\\/logo\\\/image\\\/\"}},{\"@type\":\"Person\",\"@id\":\"http:\\\/\\\/www.fvplp.com\\\/victoire\\\/#\\\/schema\\\/person\\\/648deca6b3b20cff967078a8cab9d343\",\"name\":\"mugabo\",\"image\":{\"@type\":\"ImageObject\",\"inLanguage\":\"fr-FR\",\"@id\":\"https:\\\/\\\/secure.gravatar.com\\\/avatar\\\/332f5e7209bda5c3e316f358bdfa8e5831f8a5a83a8e45b9d31218bc0ef4c5b4?s=96&d=mm&r=g\",\"url\":\"https:\\\/\\\/secure.gravatar.com\\\/avatar\\\/332f5e7209bda5c3e316f358bdfa8e5831f8a5a83a8e45b9d31218bc0ef4c5b4?s=96&d=mm&r=g\",\"contentUrl\":\"https:\\\/\\\/secure.gravatar.com\\\/avatar\\\/332f5e7209bda5c3e316f358bdfa8e5831f8a5a83a8e45b9d31218bc0ef4c5b4?s=96&d=mm&r=g\",\"caption\":\"mugabo\"},\"sameAs\":[\"http:\\\/\\\/www.fvplp.com\\\/victoire\"]}]}<\/script>\n<!-- \/ Yoast SEO plugin. -->","yoast_head_json":{"title":"The Fondation Victoire pour la Paix (FVP) is gravely concerned by the decision to incarcerate Victoire Ingabire in conditions that pose a direct threat to her physical safety. |","description":"FVP denounces Rwanda\u2019s unlawful detention of Victoire Ingabire and urges the international community to hold the government accountable.","robots":{"index":"index","follow":"follow","max-snippet":"max-snippet:-1","max-image-preview":"max-image-preview:large","max-video-preview":"max-video-preview:-1"},"canonical":"http:\/\/www.fvplp.com\/victoire\/fvp-statement-victoire-ingabire-rwanda-09-09-2025\/","og_locale":"fr_FR","og_type":"article","og_title":"The Fondation Victoire pour la Paix (FVP) is gravely concerned by the decision to incarcerate Victoire Ingabire in conditions that pose a direct threat to her physical safety. |","og_description":"FVP denounces Rwanda\u2019s unlawful detention of Victoire Ingabire and urges the international community to hold the government accountable.","og_url":"http:\/\/www.fvplp.com\/victoire\/fvp-statement-victoire-ingabire-rwanda-09-09-2025\/","article_published_time":"2025-09-09T08:29:46+00:00","article_modified_time":"2025-09-09T08:38:52+00:00","og_image":[{"width":799,"height":1599,"url":"http:\/\/www.fvplp.com\/victoire\/wp-content\/uploads\/2025\/09\/PHOTO-2025-09-09-07-52-13.jpg","type":"image\/jpeg"}],"author":"mugabo","twitter_card":"summary_large_image","twitter_misc":{"\u00c9crit par":"mugabo","Dur\u00e9e de lecture estim\u00e9e":"3 minutes"},"schema":{"@context":"https:\/\/schema.org","@graph":[{"@type":"Article","@id":"http:\/\/www.fvplp.com\/victoire\/fvp-statement-victoire-ingabire-rwanda-09-09-2025\/#article","isPartOf":{"@id":"http:\/\/www.fvplp.com\/victoire\/fvp-statement-victoire-ingabire-rwanda-09-09-2025\/"},"author":{"name":"mugabo","@id":"http:\/\/www.fvplp.com\/victoire\/#\/schema\/person\/648deca6b3b20cff967078a8cab9d343"},"headline":"The Fondation Victoire pour la Paix (FVP) is gravely concerned by the decision to incarcerate Victoire Ingabire in conditions that pose a direct threat to her physical safety.","datePublished":"2025-09-09T08:29:46+00:00","dateModified":"2025-09-09T08:38:52+00:00","mainEntityOfPage":{"@id":"http:\/\/www.fvplp.com\/victoire\/fvp-statement-victoire-ingabire-rwanda-09-09-2025\/"},"wordCount":418,"publisher":{"@id":"http:\/\/www.fvplp.com\/victoire\/#organization"},"image":{"@id":"http:\/\/www.fvplp.com\/victoire\/fvp-statement-victoire-ingabire-rwanda-09-09-2025\/#primaryimage"},"thumbnailUrl":"http:\/\/www.fvplp.com\/victoire\/wp-content\/uploads\/2025\/09\/PHOTO-2025-09-09-07-52-13.jpg","articleSection":["Uncategorized"],"inLanguage":"fr-FR"},{"@type":"WebPage","@id":"http:\/\/www.fvplp.com\/victoire\/fvp-statement-victoire-ingabire-rwanda-09-09-2025\/","url":"http:\/\/www.fvplp.com\/victoire\/fvp-statement-victoire-ingabire-rwanda-09-09-2025\/","name":"The Fondation Victoire pour la Paix (FVP) is gravely concerned by the decision to incarcerate Victoire Ingabire in conditions that pose a direct threat to her physical safety. |","isPartOf":{"@id":"http:\/\/www.fvplp.com\/victoire\/#website"},"primaryImageOfPage":{"@id":"http:\/\/www.fvplp.com\/victoire\/fvp-statement-victoire-ingabire-rwanda-09-09-2025\/#primaryimage"},"image":{"@id":"http:\/\/www.fvplp.com\/victoire\/fvp-statement-victoire-ingabire-rwanda-09-09-2025\/#primaryimage"},"thumbnailUrl":"http:\/\/www.fvplp.com\/victoire\/wp-content\/uploads\/2025\/09\/PHOTO-2025-09-09-07-52-13.jpg","datePublished":"2025-09-09T08:29:46+00:00","dateModified":"2025-09-09T08:38:52+00:00","description":"FVP denounces Rwanda\u2019s unlawful detention of Victoire Ingabire and urges the international community to hold the government accountable.","breadcrumb":{"@id":"http:\/\/www.fvplp.com\/victoire\/fvp-statement-victoire-ingabire-rwanda-09-09-2025\/#breadcrumb"},"inLanguage":"fr-FR","potentialAction":[{"@type":"ReadAction","target":["http:\/\/www.fvplp.com\/victoire\/fvp-statement-victoire-ingabire-rwanda-09-09-2025\/"]}]},{"@type":"ImageObject","inLanguage":"fr-FR","@id":"http:\/\/www.fvplp.com\/victoire\/fvp-statement-victoire-ingabire-rwanda-09-09-2025\/#primaryimage","url":"http:\/\/www.fvplp.com\/victoire\/wp-content\/uploads\/2025\/09\/PHOTO-2025-09-09-07-52-13.jpg","contentUrl":"http:\/\/www.fvplp.com\/victoire\/wp-content\/uploads\/2025\/09\/PHOTO-2025-09-09-07-52-13.jpg","width":799,"height":1599},{"@type":"BreadcrumbList","@id":"http:\/\/www.fvplp.com\/victoire\/fvp-statement-victoire-ingabire-rwanda-09-09-2025\/#breadcrumb","itemListElement":[{"@type":"ListItem","position":1,"name":"Accueil","item":"http:\/\/www.fvplp.com\/victoire\/"},{"@type":"ListItem","position":2,"name":"The Fondation Victoire pour la Paix (FVP) is gravely concerned by the decision to incarcerate Victoire Ingabire in conditions that pose a direct threat to her physical safety."}]},{"@type":"WebSite","@id":"http:\/\/www.fvplp.com\/victoire\/#website","url":"http:\/\/www.fvplp.com\/victoire\/","name":"Fondation Victoire pour la Paix","description":"Fondation Victoire Pour La Paix","publisher":{"@id":"http:\/\/www.fvplp.com\/victoire\/#organization"},"alternateName":"Fondation Victoire pour la Paix","potentialAction":[{"@type":"SearchAction","target":{"@type":"EntryPoint","urlTemplate":"http:\/\/www.fvplp.com\/victoire\/?s={search_term_string}"},"query-input":{"@type":"PropertyValueSpecification","valueRequired":true,"valueName":"search_term_string"}}],"inLanguage":"fr-FR"},{"@type":"Organization","@id":"http:\/\/www.fvplp.com\/victoire\/#organization","name":"Fondation Victoire pour la Paix","url":"http:\/\/www.fvplp.com\/victoire\/","logo":{"@type":"ImageObject","inLanguage":"fr-FR","@id":"http:\/\/www.fvplp.com\/victoire\/#\/schema\/logo\/image\/","url":"http:\/\/www.fvplp.com\/victoire\/wp-content\/uploads\/2025\/01\/cropped-cropped-new-logo.png","contentUrl":"http:\/\/www.fvplp.com\/victoire\/wp-content\/uploads\/2025\/01\/cropped-cropped-new-logo.png","width":295,"height":125,"caption":"Fondation Victoire pour la Paix"},"image":{"@id":"http:\/\/www.fvplp.com\/victoire\/#\/schema\/logo\/image\/"}},{"@type":"Person","@id":"http:\/\/www.fvplp.com\/victoire\/#\/schema\/person\/648deca6b3b20cff967078a8cab9d343","name":"mugabo","image":{"@type":"ImageObject","inLanguage":"fr-FR","@id":"https:\/\/secure.gravatar.com\/avatar\/332f5e7209bda5c3e316f358bdfa8e5831f8a5a83a8e45b9d31218bc0ef4c5b4?s=96&d=mm&r=g","url":"https:\/\/secure.gravatar.com\/avatar\/332f5e7209bda5c3e316f358bdfa8e5831f8a5a83a8e45b9d31218bc0ef4c5b4?s=96&d=mm&r=g","contentUrl":"https:\/\/secure.gravatar.com\/avatar\/332f5e7209bda5c3e316f358bdfa8e5831f8a5a83a8e45b9d31218bc0ef4c5b4?s=96&d=mm&r=g","caption":"mugabo"},"sameAs":["http:\/\/www.fvplp.com\/victoire"]}]}},"uagb_featured_image_src":{"full":["http:\/\/www.fvplp.com\/victoire\/wp-content\/uploads\/2025\/09\/PHOTO-2025-09-09-07-52-13.jpg",799,1599,false],"thumbnail":["http:\/\/www.fvplp.com\/victoire\/wp-content\/uploads\/2025\/09\/PHOTO-2025-09-09-07-52-13-150x150.jpg",150,150,true],"medium":["http:\/\/www.fvplp.com\/victoire\/wp-content\/uploads\/2025\/09\/PHOTO-2025-09-09-07-52-13-150x300.jpg",150,300,true],"medium_large":["http:\/\/www.fvplp.com\/victoire\/wp-content\/uploads\/2025\/09\/PHOTO-2025-09-09-07-52-13-768x1537.jpg",768,1537,true],"large":["http:\/\/www.fvplp.com\/victoire\/wp-content\/uploads\/2025\/09\/PHOTO-2025-09-09-07-52-13-512x1024.jpg",512,1024,true],"1536x1536":["http:\/\/www.fvplp.com\/victoire\/wp-content\/uploads\/2025\/09\/PHOTO-2025-09-09-07-52-13-768x1536.jpg",768,1536,true],"2048x2048":["http:\/\/www.fvplp.com\/victoire\/wp-content\/uploads\/2025\/09\/PHOTO-2025-09-09-07-52-13.jpg",799,1599,false]},"uagb_author_info":{"display_name":"mugabo","author_link":"http:\/\/www.fvplp.com\/victoire\/author\/mugabo\/"},"uagb_comment_info":0,"uagb_excerpt":"The Rwanda authorities and judiciary are openly violating the rights of Victoire Ingabire Umuhoza, Rwandan human rights activist and political [&hellip;]","_links":{"self":[{"href":"http:\/\/www.fvplp.com\/victoire\/wp-json\/wp\/v2\/posts\/455","targetHints":{"allow":["GET"]}}],"collection":[{"href":"http:\/\/www.fvplp.com\/victoire\/wp-json\/wp\/v2\/posts"}],"about":[{"href":"http:\/\/www.fvplp.com\/victoire\/wp-json\/wp\/v2\/types\/post"}],"author":[{"embeddable":true,"href":"http:\/\/www.fvplp.com\/victoire\/wp-json\/wp\/v2\/users\/1"}],"replies":[{"embeddable":true,"href":"http:\/\/www.fvplp.com\/victoire\/wp-json\/wp\/v2\/comments?post=455"}],"version-history":[{"count":5,"href":"http:\/\/www.fvplp.com\/victoire\/wp-json\/wp\/v2\/posts\/455\/revisions"}],"predecessor-version":[{"id":460,"href":"http:\/\/www.fvplp.com\/victoire\/wp-json\/wp\/v2\/posts\/455\/revisions\/460"}],"wp:featuredmedia":[{"embeddable":true,"href":"http:\/\/www.fvplp.com\/victoire\/wp-json\/wp\/v2\/media\/441"}],"wp:attachment":[{"href":"http:\/\/www.fvplp.com\/victoire\/wp-json\/wp\/v2\/media?parent=455"}],"wp:term":[{"taxonomy":"category","embeddable":true,"href":"http:\/\/www.fvplp.com\/victoire\/wp-json\/wp\/v2\/categories?post=455"},{"taxonomy":"post_tag","embeddable":true,"href":"http:\/\/www.fvplp.com\/victoire\/wp-json\/wp\/v2\/tags?post=455"}],"curies":[{"name":"wp","href":"https:\/\/api.w.org\/{rel}","templated":true}]}}