{"id":440,"date":"2025-09-09T07:47:11","date_gmt":"2025-09-09T07:47:11","guid":{"rendered":"https:\/\/www.fvplp.com\/victoire\/?p=440"},"modified":"2025-09-09T08:17:53","modified_gmt":"2025-09-09T08:17:53","slug":"communique-fvp-victoire-ingabire-08-09-2025","status":"publish","type":"post","link":"http:\/\/www.fvplp.com\/victoire\/communique-fvp-victoire-ingabire-08-09-2025\/","title":{"rendered":"La Fondation Victoire pour la Paix (FVP) est profond\u00e9ment pr\u00e9occup\u00e9e par la d\u00e9cision d&rsquo;incarc\u00e9rer Mme Victoire Ingabire Umuhoza dans des conditions qui constituent une menace directe pour son int\u00e9grit\u00e9 physique."},"content":{"rendered":"\r\n<div class=\"wp-block-media-text is-stacked-on-mobile is-vertically-aligned-top\" style=\"grid-template-columns: 37% auto;\">\r\n<figure class=\"wp-block-media-text__media\"><img loading=\"lazy\" decoding=\"async\" width=\"512\" height=\"1024\" class=\"wp-image-441 size-full\" src=\"https:\/\/www.fvplp.com\/victoire\/wp-content\/uploads\/2025\/09\/PHOTO-2025-09-09-07-52-13-512x1024.jpg\" alt=\"\" srcset=\"http:\/\/www.fvplp.com\/victoire\/wp-content\/uploads\/2025\/09\/PHOTO-2025-09-09-07-52-13-512x1024.jpg 512w, http:\/\/www.fvplp.com\/victoire\/wp-content\/uploads\/2025\/09\/PHOTO-2025-09-09-07-52-13-150x300.jpg 150w, http:\/\/www.fvplp.com\/victoire\/wp-content\/uploads\/2025\/09\/PHOTO-2025-09-09-07-52-13-768x1536.jpg 768w, http:\/\/www.fvplp.com\/victoire\/wp-content\/uploads\/2025\/09\/PHOTO-2025-09-09-07-52-13.jpg 799w\" sizes=\"auto, (max-width: 512px) 100vw, 512px\" \/><\/figure>\r\n<div class=\"wp-block-media-text__content\">\r\n<p>Les autorit\u00e9s et le pouvoir judiciaire rwandais violent ouvertement les droits de Mme Victoire Ingabire Umuhoza, militante des droits humains et opposante politique rwandaise, arr\u00eat\u00e9e ill\u00e9galement le 19 juin 2025.<br \/>\u00a0<br \/>La FVP rappelle \u00e0 ces autorit\u00e9s que la communaut\u00e9 internationale observe la liste croissante d&rsquo;irr\u00e9gularit\u00e9s proc\u00e9durales et juridiques dans le traitement de cette affaire. Ces violations, qui renforcent le caract\u00e8re fictif de la proc\u00e9dure engag\u00e9e contre elle, comprennent :<\/p>\r\n<ul>\r\n<li>le maintien en d\u00e9tention de Mme Ingabire, malgr\u00e9 l&rsquo;incapacit\u00e9 du minist\u00e8re public \u00e0 pr\u00e9senter un acte d&rsquo;accusation dans les d\u00e9lais impartis par le tribunal;<\/li>\r\n<\/ul>\r\n<ul>\r\n<li>l&rsquo;interdiction faite \u00e0 Mme Ingabire de parler \u00e0 sa famille depuis son arrestation le 19 juin 2025, en violation des R\u00e8gles minima des Nations unies pour le traitement des d\u00e9tenus (R\u00e8gles Nelson Mandela), qui autorisent des restrictions des contacts avec la famille pendant une p\u00e9riode limit\u00e9e et uniquement dans la mesure strictement n\u00e9cessaire au maintien de la s\u00e9curit\u00e9 et de l&rsquo;ordre;<\/li>\r\n<\/ul>\r\n<ul>\r\n<li>l&rsquo;interdiction faite \u00e0 Mme Ingabire de s&rsquo;entretenir avec son \u00e9quipe juridique internationale, ce qui constitue une violation suppl\u00e9mentaire des r\u00e8gles Nelson Mandela;<\/li>\r\n<\/ul>\r\n<ul>\r\n<li>Le refus du barreau rwandais d&rsquo;autoriser l&rsquo;avocat kenyan de Mme Ingabire \u00e0 la repr\u00e9senter devant le tribunal, ce qui constitue une violation de son propre cadre r\u00e9glementaire et du Protocole du March\u00e9 commun de l&rsquo;Afrique de l&rsquo;Est;<\/li>\r\n<\/ul>\r\n<ul>\r\n<li>la d\u00e9signation des m\u00eames juges qui ont ordonn\u00e9 au minist\u00e8re public d&rsquo;enqu\u00eater sur Mme Ingabire pour statuer sur son proc\u00e8s;<\/li>\r\n<\/ul>\r\n<ul>\r\n<li>la d\u00e9cision d&rsquo;incarc\u00e9rer Mme Ingabire en isolement cellulaire avec une d\u00e9tenue condamn\u00e9e pour meurtre. Le fait de d\u00e9tenir des pr\u00e9venus en attente de jugement avec des condamn\u00e9s est irr\u00e9gulier et dangereux, compte tenu du statut de Mme Ingabire, personnalit\u00e9 politique ayant d\u00e9j\u00e0 re\u00e7u des menaces de mort.<\/li>\r\n<\/ul>\r\n<p>La FVP est profond\u00e9ment pr\u00e9occup\u00e9e par cette d\u00e9cision de placer Mme Ingabire dans des conditions qui constituent une menace directe pour sa s\u00e9curit\u00e9 physique. <strong>La FVP tient \u00e0 d\u00e9clarer publiquement que le gouvernement rwandais sera directement responsable de tout pr\u00e9judice subi par Mme Ingabire \u00e0 la suite de cette d\u00e9cision.<\/strong><br \/>\u00a0<br \/>Les violations persistantes des droits fondamentaux de Victoire Ingabire et de ses droits en tant qu&rsquo;accus\u00e9e soulignent encore davantage l&rsquo;absence d&rsquo;\u00c9tat de droit au Rwanda et ternissent davantage la r\u00e9putation du pays sur la sc\u00e8ne internationale. L&rsquo;affaire Mme Ingabire est un nouvel exemple de l&rsquo;utilisation du syst\u00e8me judiciaire rwandais comme arme contre les opposants politiques du pr\u00e9sident Kagame. La FVP appelle la communaut\u00e9 internationale \u00e0 continuer de d\u00e9noncer les violations commises par la justice rwandaise et \u00e0 suivre de pr\u00e8s cette proc\u00e9dure.<br \/>\u00a0<br \/><strong>Bruxelles, le 9 Septembre 2025<\/strong><\/p>\r\n<\/div>\r\n<\/div>\r\n","protected":false},"excerpt":{"rendered":"<p>Les autorit\u00e9s et le pouvoir judiciaire rwandais violent ouvertement les droits de Mme Victoire Ingabire Umuhoza, militante des droits humains [&hellip;]<\/p>\n","protected":false},"author":1,"featured_media":441,"comment_status":"closed","ping_status":"open","sticky":false,"template":"","format":"standard","meta":{"_uag_custom_page_level_css":"","site-sidebar-layout":"default","site-content-layout":"","ast-site-content-layout":"default","site-content-style":"default","site-sidebar-style":"default","ast-global-header-display":"","ast-banner-title-visibility":"","ast-main-header-display":"","ast-hfb-above-header-display":"","ast-hfb-below-header-display":"","ast-hfb-mobile-header-display":"","site-post-title":"","ast-breadcrumbs-content":"","ast-featured-img":"","footer-sml-layout":"","ast-disable-related-posts":"","theme-transparent-header-meta":"default","adv-header-id-meta":"","stick-header-meta":"","header-above-stick-meta":"","header-main-stick-meta":"","header-below-stick-meta":"","astra-migrate-meta-layouts":"set","ast-page-background-enabled":"default","ast-page-background-meta":{"desktop":{"background-color":"var(--ast-global-color-5)","background-image":"","background-repeat":"repeat","background-position":"center center","background-size":"auto","background-attachment":"scroll","background-type":"","background-media":"","overlay-type":"","overlay-color":"","overlay-opacity":"","overlay-gradient":""},"tablet":{"background-color":"","background-image":"","background-repeat":"repeat","background-position":"center center","background-size":"auto","background-attachment":"scroll","background-type":"","background-media":"","overlay-type":"","overlay-color":"","overlay-opacity":"","overlay-gradient":""},"mobile":{"background-color":"","background-image":"","background-repeat":"repeat","background-position":"center center","background-size":"auto","background-attachment":"scroll","background-type":"","background-media":"","overlay-type":"","overlay-color":"","overlay-opacity":"","overlay-gradient":""}},"ast-content-background-meta":{"desktop":{"background-color":"var(--ast-global-color-4)","background-image":"","background-repeat":"repeat","background-position":"center center","background-size":"auto","background-attachment":"scroll","background-type":"","background-media":"","overlay-type":"","overlay-color":"","overlay-opacity":"","overlay-gradient":""},"tablet":{"background-color":"var(--ast-global-color-4)","background-image":"","background-repeat":"repeat","background-position":"center center","background-size":"auto","background-attachment":"scroll","background-type":"","background-media":"","overlay-type":"","overlay-color":"","overlay-opacity":"","overlay-gradient":""},"mobile":{"background-color":"var(--ast-global-color-4)","background-image":"","background-repeat":"repeat","background-position":"center center","background-size":"auto","background-attachment":"scroll","background-type":"","background-media":"","overlay-type":"","overlay-color":"","overlay-opacity":"","overlay-gradient":""}},"footnotes":""},"categories":[1],"tags":[],"class_list":["post-440","post","type-post","status-publish","format-standard","has-post-thumbnail","hentry","category-uncategorized"],"yoast_head":"<!-- This site is optimized with the Yoast SEO plugin v27.4 - https:\/\/yoast.com\/product\/yoast-seo-wordpress\/ -->\n<title>La Fondation Victoire pour la Paix (FVP) est profond\u00e9ment pr\u00e9occup\u00e9e par la d\u00e9cision d&#039;incarc\u00e9rer Mme Victoire Ingabire Umuhoza dans des conditions qui constituent une menace directe pour son int\u00e9grit\u00e9 physique. |<\/title>\n<meta name=\"description\" content=\"La FVP d\u00e9nonce les violations des droits de Victoire Ingabire et alerte la communaut\u00e9 internationale sur sa d\u00e9tention au Rwanda.\" \/>\n<meta name=\"robots\" content=\"index, follow, max-snippet:-1, max-image-preview:large, max-video-preview:-1\" \/>\n<link rel=\"canonical\" href=\"http:\/\/www.fvplp.com\/victoire\/communique-fvp-victoire-ingabire-08-09-2025\/\" \/>\n<meta property=\"og:locale\" content=\"fr_FR\" \/>\n<meta property=\"og:type\" content=\"article\" \/>\n<meta property=\"og:title\" content=\"La Fondation Victoire pour la Paix (FVP) est profond\u00e9ment pr\u00e9occup\u00e9e par la d\u00e9cision d&#039;incarc\u00e9rer Mme Victoire Ingabire Umuhoza dans des conditions qui constituent une menace directe pour son int\u00e9grit\u00e9 physique. |\" \/>\n<meta property=\"og:description\" content=\"La FVP d\u00e9nonce les violations des droits de Victoire Ingabire et alerte la communaut\u00e9 internationale sur sa d\u00e9tention au Rwanda.\" \/>\n<meta property=\"og:url\" content=\"http:\/\/www.fvplp.com\/victoire\/communique-fvp-victoire-ingabire-08-09-2025\/\" \/>\n<meta property=\"article:published_time\" content=\"2025-09-09T07:47:11+00:00\" \/>\n<meta property=\"article:modified_time\" content=\"2025-09-09T08:17:53+00:00\" \/>\n<meta property=\"og:image\" content=\"http:\/\/www.fvplp.com\/victoire\/wp-content\/uploads\/2025\/09\/PHOTO-2025-09-09-07-52-13.jpg\" \/>\n\t<meta property=\"og:image:width\" content=\"799\" \/>\n\t<meta property=\"og:image:height\" content=\"1599\" \/>\n\t<meta property=\"og:image:type\" content=\"image\/jpeg\" \/>\n<meta name=\"author\" content=\"mugabo\" \/>\n<meta name=\"twitter:card\" content=\"summary_large_image\" \/>\n<meta name=\"twitter:label1\" content=\"\u00c9crit par\" \/>\n\t<meta name=\"twitter:data1\" content=\"mugabo\" \/>\n\t<meta name=\"twitter:label2\" content=\"Dur\u00e9e de lecture estim\u00e9e\" \/>\n\t<meta name=\"twitter:data2\" content=\"3 minutes\" \/>\n<script type=\"application\/ld+json\" class=\"yoast-schema-graph\">{\"@context\":\"https:\\\/\\\/schema.org\",\"@graph\":[{\"@type\":\"Article\",\"@id\":\"http:\\\/\\\/www.fvplp.com\\\/victoire\\\/communique-fvp-victoire-ingabire-08-09-2025\\\/#article\",\"isPartOf\":{\"@id\":\"http:\\\/\\\/www.fvplp.com\\\/victoire\\\/communique-fvp-victoire-ingabire-08-09-2025\\\/\"},\"author\":{\"name\":\"mugabo\",\"@id\":\"http:\\\/\\\/www.fvplp.com\\\/victoire\\\/#\\\/schema\\\/person\\\/648deca6b3b20cff967078a8cab9d343\"},\"headline\":\"La Fondation Victoire pour la Paix (FVP) est profond\u00e9ment pr\u00e9occup\u00e9e par la d\u00e9cision d&rsquo;incarc\u00e9rer Mme Victoire Ingabire Umuhoza dans des conditions qui constituent une menace directe pour son int\u00e9grit\u00e9 physique.\",\"datePublished\":\"2025-09-09T07:47:11+00:00\",\"dateModified\":\"2025-09-09T08:17:53+00:00\",\"mainEntityOfPage\":{\"@id\":\"http:\\\/\\\/www.fvplp.com\\\/victoire\\\/communique-fvp-victoire-ingabire-08-09-2025\\\/\"},\"wordCount\":494,\"publisher\":{\"@id\":\"http:\\\/\\\/www.fvplp.com\\\/victoire\\\/#organization\"},\"image\":{\"@id\":\"http:\\\/\\\/www.fvplp.com\\\/victoire\\\/communique-fvp-victoire-ingabire-08-09-2025\\\/#primaryimage\"},\"thumbnailUrl\":\"http:\\\/\\\/www.fvplp.com\\\/victoire\\\/wp-content\\\/uploads\\\/2025\\\/09\\\/PHOTO-2025-09-09-07-52-13.jpg\",\"articleSection\":[\"Uncategorized\"],\"inLanguage\":\"fr-FR\"},{\"@type\":\"WebPage\",\"@id\":\"http:\\\/\\\/www.fvplp.com\\\/victoire\\\/communique-fvp-victoire-ingabire-08-09-2025\\\/\",\"url\":\"http:\\\/\\\/www.fvplp.com\\\/victoire\\\/communique-fvp-victoire-ingabire-08-09-2025\\\/\",\"name\":\"La Fondation Victoire pour la Paix (FVP) est profond\u00e9ment pr\u00e9occup\u00e9e par la d\u00e9cision d'incarc\u00e9rer Mme Victoire Ingabire Umuhoza dans des conditions qui constituent une menace directe pour son int\u00e9grit\u00e9 physique. |\",\"isPartOf\":{\"@id\":\"http:\\\/\\\/www.fvplp.com\\\/victoire\\\/#website\"},\"primaryImageOfPage\":{\"@id\":\"http:\\\/\\\/www.fvplp.com\\\/victoire\\\/communique-fvp-victoire-ingabire-08-09-2025\\\/#primaryimage\"},\"image\":{\"@id\":\"http:\\\/\\\/www.fvplp.com\\\/victoire\\\/communique-fvp-victoire-ingabire-08-09-2025\\\/#primaryimage\"},\"thumbnailUrl\":\"http:\\\/\\\/www.fvplp.com\\\/victoire\\\/wp-content\\\/uploads\\\/2025\\\/09\\\/PHOTO-2025-09-09-07-52-13.jpg\",\"datePublished\":\"2025-09-09T07:47:11+00:00\",\"dateModified\":\"2025-09-09T08:17:53+00:00\",\"description\":\"La FVP d\u00e9nonce les violations des droits de Victoire Ingabire et alerte la communaut\u00e9 internationale sur sa d\u00e9tention au Rwanda.\",\"breadcrumb\":{\"@id\":\"http:\\\/\\\/www.fvplp.com\\\/victoire\\\/communique-fvp-victoire-ingabire-08-09-2025\\\/#breadcrumb\"},\"inLanguage\":\"fr-FR\",\"potentialAction\":[{\"@type\":\"ReadAction\",\"target\":[\"http:\\\/\\\/www.fvplp.com\\\/victoire\\\/communique-fvp-victoire-ingabire-08-09-2025\\\/\"]}]},{\"@type\":\"ImageObject\",\"inLanguage\":\"fr-FR\",\"@id\":\"http:\\\/\\\/www.fvplp.com\\\/victoire\\\/communique-fvp-victoire-ingabire-08-09-2025\\\/#primaryimage\",\"url\":\"http:\\\/\\\/www.fvplp.com\\\/victoire\\\/wp-content\\\/uploads\\\/2025\\\/09\\\/PHOTO-2025-09-09-07-52-13.jpg\",\"contentUrl\":\"http:\\\/\\\/www.fvplp.com\\\/victoire\\\/wp-content\\\/uploads\\\/2025\\\/09\\\/PHOTO-2025-09-09-07-52-13.jpg\",\"width\":799,\"height\":1599},{\"@type\":\"BreadcrumbList\",\"@id\":\"http:\\\/\\\/www.fvplp.com\\\/victoire\\\/communique-fvp-victoire-ingabire-08-09-2025\\\/#breadcrumb\",\"itemListElement\":[{\"@type\":\"ListItem\",\"position\":1,\"name\":\"Accueil\",\"item\":\"http:\\\/\\\/www.fvplp.com\\\/victoire\\\/\"},{\"@type\":\"ListItem\",\"position\":2,\"name\":\"La Fondation Victoire pour la Paix (FVP) est profond\u00e9ment pr\u00e9occup\u00e9e par la d\u00e9cision d&rsquo;incarc\u00e9rer Mme Victoire Ingabire Umuhoza dans des conditions qui constituent une menace directe pour son int\u00e9grit\u00e9 physique.\"}]},{\"@type\":\"WebSite\",\"@id\":\"http:\\\/\\\/www.fvplp.com\\\/victoire\\\/#website\",\"url\":\"http:\\\/\\\/www.fvplp.com\\\/victoire\\\/\",\"name\":\"Fondation Victoire pour la Paix\",\"description\":\"Fondation Victoire Pour La Paix\",\"publisher\":{\"@id\":\"http:\\\/\\\/www.fvplp.com\\\/victoire\\\/#organization\"},\"alternateName\":\"Fondation Victoire pour la Paix\",\"potentialAction\":[{\"@type\":\"SearchAction\",\"target\":{\"@type\":\"EntryPoint\",\"urlTemplate\":\"http:\\\/\\\/www.fvplp.com\\\/victoire\\\/?s={search_term_string}\"},\"query-input\":{\"@type\":\"PropertyValueSpecification\",\"valueRequired\":true,\"valueName\":\"search_term_string\"}}],\"inLanguage\":\"fr-FR\"},{\"@type\":\"Organization\",\"@id\":\"http:\\\/\\\/www.fvplp.com\\\/victoire\\\/#organization\",\"name\":\"Fondation Victoire pour la Paix\",\"url\":\"http:\\\/\\\/www.fvplp.com\\\/victoire\\\/\",\"logo\":{\"@type\":\"ImageObject\",\"inLanguage\":\"fr-FR\",\"@id\":\"http:\\\/\\\/www.fvplp.com\\\/victoire\\\/#\\\/schema\\\/logo\\\/image\\\/\",\"url\":\"http:\\\/\\\/www.fvplp.com\\\/victoire\\\/wp-content\\\/uploads\\\/2025\\\/01\\\/cropped-cropped-new-logo.png\",\"contentUrl\":\"http:\\\/\\\/www.fvplp.com\\\/victoire\\\/wp-content\\\/uploads\\\/2025\\\/01\\\/cropped-cropped-new-logo.png\",\"width\":295,\"height\":125,\"caption\":\"Fondation Victoire pour la Paix\"},\"image\":{\"@id\":\"http:\\\/\\\/www.fvplp.com\\\/victoire\\\/#\\\/schema\\\/logo\\\/image\\\/\"}},{\"@type\":\"Person\",\"@id\":\"http:\\\/\\\/www.fvplp.com\\\/victoire\\\/#\\\/schema\\\/person\\\/648deca6b3b20cff967078a8cab9d343\",\"name\":\"mugabo\",\"image\":{\"@type\":\"ImageObject\",\"inLanguage\":\"fr-FR\",\"@id\":\"https:\\\/\\\/secure.gravatar.com\\\/avatar\\\/332f5e7209bda5c3e316f358bdfa8e5831f8a5a83a8e45b9d31218bc0ef4c5b4?s=96&d=mm&r=g\",\"url\":\"https:\\\/\\\/secure.gravatar.com\\\/avatar\\\/332f5e7209bda5c3e316f358bdfa8e5831f8a5a83a8e45b9d31218bc0ef4c5b4?s=96&d=mm&r=g\",\"contentUrl\":\"https:\\\/\\\/secure.gravatar.com\\\/avatar\\\/332f5e7209bda5c3e316f358bdfa8e5831f8a5a83a8e45b9d31218bc0ef4c5b4?s=96&d=mm&r=g\",\"caption\":\"mugabo\"},\"sameAs\":[\"http:\\\/\\\/www.fvplp.com\\\/victoire\"]}]}<\/script>\n<!-- \/ Yoast SEO plugin. -->","yoast_head_json":{"title":"La Fondation Victoire pour la Paix (FVP) est profond\u00e9ment pr\u00e9occup\u00e9e par la d\u00e9cision d'incarc\u00e9rer Mme Victoire Ingabire Umuhoza dans des conditions qui constituent une menace directe pour son int\u00e9grit\u00e9 physique. |","description":"La FVP d\u00e9nonce les violations des droits de Victoire Ingabire et alerte la communaut\u00e9 internationale sur sa d\u00e9tention au Rwanda.","robots":{"index":"index","follow":"follow","max-snippet":"max-snippet:-1","max-image-preview":"max-image-preview:large","max-video-preview":"max-video-preview:-1"},"canonical":"http:\/\/www.fvplp.com\/victoire\/communique-fvp-victoire-ingabire-08-09-2025\/","og_locale":"fr_FR","og_type":"article","og_title":"La Fondation Victoire pour la Paix (FVP) est profond\u00e9ment pr\u00e9occup\u00e9e par la d\u00e9cision d'incarc\u00e9rer Mme Victoire Ingabire Umuhoza dans des conditions qui constituent une menace directe pour son int\u00e9grit\u00e9 physique. |","og_description":"La FVP d\u00e9nonce les violations des droits de Victoire Ingabire et alerte la communaut\u00e9 internationale sur sa d\u00e9tention au Rwanda.","og_url":"http:\/\/www.fvplp.com\/victoire\/communique-fvp-victoire-ingabire-08-09-2025\/","article_published_time":"2025-09-09T07:47:11+00:00","article_modified_time":"2025-09-09T08:17:53+00:00","og_image":[{"width":799,"height":1599,"url":"http:\/\/www.fvplp.com\/victoire\/wp-content\/uploads\/2025\/09\/PHOTO-2025-09-09-07-52-13.jpg","type":"image\/jpeg"}],"author":"mugabo","twitter_card":"summary_large_image","twitter_misc":{"\u00c9crit par":"mugabo","Dur\u00e9e de lecture estim\u00e9e":"3 minutes"},"schema":{"@context":"https:\/\/schema.org","@graph":[{"@type":"Article","@id":"http:\/\/www.fvplp.com\/victoire\/communique-fvp-victoire-ingabire-08-09-2025\/#article","isPartOf":{"@id":"http:\/\/www.fvplp.com\/victoire\/communique-fvp-victoire-ingabire-08-09-2025\/"},"author":{"name":"mugabo","@id":"http:\/\/www.fvplp.com\/victoire\/#\/schema\/person\/648deca6b3b20cff967078a8cab9d343"},"headline":"La Fondation Victoire pour la Paix (FVP) est profond\u00e9ment pr\u00e9occup\u00e9e par la d\u00e9cision d&rsquo;incarc\u00e9rer Mme Victoire Ingabire Umuhoza dans des conditions qui constituent une menace directe pour son int\u00e9grit\u00e9 physique.","datePublished":"2025-09-09T07:47:11+00:00","dateModified":"2025-09-09T08:17:53+00:00","mainEntityOfPage":{"@id":"http:\/\/www.fvplp.com\/victoire\/communique-fvp-victoire-ingabire-08-09-2025\/"},"wordCount":494,"publisher":{"@id":"http:\/\/www.fvplp.com\/victoire\/#organization"},"image":{"@id":"http:\/\/www.fvplp.com\/victoire\/communique-fvp-victoire-ingabire-08-09-2025\/#primaryimage"},"thumbnailUrl":"http:\/\/www.fvplp.com\/victoire\/wp-content\/uploads\/2025\/09\/PHOTO-2025-09-09-07-52-13.jpg","articleSection":["Uncategorized"],"inLanguage":"fr-FR"},{"@type":"WebPage","@id":"http:\/\/www.fvplp.com\/victoire\/communique-fvp-victoire-ingabire-08-09-2025\/","url":"http:\/\/www.fvplp.com\/victoire\/communique-fvp-victoire-ingabire-08-09-2025\/","name":"La Fondation Victoire pour la Paix (FVP) est profond\u00e9ment pr\u00e9occup\u00e9e par la d\u00e9cision d'incarc\u00e9rer Mme Victoire Ingabire Umuhoza dans des conditions qui constituent une menace directe pour son int\u00e9grit\u00e9 physique. |","isPartOf":{"@id":"http:\/\/www.fvplp.com\/victoire\/#website"},"primaryImageOfPage":{"@id":"http:\/\/www.fvplp.com\/victoire\/communique-fvp-victoire-ingabire-08-09-2025\/#primaryimage"},"image":{"@id":"http:\/\/www.fvplp.com\/victoire\/communique-fvp-victoire-ingabire-08-09-2025\/#primaryimage"},"thumbnailUrl":"http:\/\/www.fvplp.com\/victoire\/wp-content\/uploads\/2025\/09\/PHOTO-2025-09-09-07-52-13.jpg","datePublished":"2025-09-09T07:47:11+00:00","dateModified":"2025-09-09T08:17:53+00:00","description":"La FVP d\u00e9nonce les violations des droits de Victoire Ingabire et alerte la communaut\u00e9 internationale sur sa d\u00e9tention au Rwanda.","breadcrumb":{"@id":"http:\/\/www.fvplp.com\/victoire\/communique-fvp-victoire-ingabire-08-09-2025\/#breadcrumb"},"inLanguage":"fr-FR","potentialAction":[{"@type":"ReadAction","target":["http:\/\/www.fvplp.com\/victoire\/communique-fvp-victoire-ingabire-08-09-2025\/"]}]},{"@type":"ImageObject","inLanguage":"fr-FR","@id":"http:\/\/www.fvplp.com\/victoire\/communique-fvp-victoire-ingabire-08-09-2025\/#primaryimage","url":"http:\/\/www.fvplp.com\/victoire\/wp-content\/uploads\/2025\/09\/PHOTO-2025-09-09-07-52-13.jpg","contentUrl":"http:\/\/www.fvplp.com\/victoire\/wp-content\/uploads\/2025\/09\/PHOTO-2025-09-09-07-52-13.jpg","width":799,"height":1599},{"@type":"BreadcrumbList","@id":"http:\/\/www.fvplp.com\/victoire\/communique-fvp-victoire-ingabire-08-09-2025\/#breadcrumb","itemListElement":[{"@type":"ListItem","position":1,"name":"Accueil","item":"http:\/\/www.fvplp.com\/victoire\/"},{"@type":"ListItem","position":2,"name":"La Fondation Victoire pour la Paix (FVP) est profond\u00e9ment pr\u00e9occup\u00e9e par la d\u00e9cision d&rsquo;incarc\u00e9rer Mme Victoire Ingabire Umuhoza dans des conditions qui constituent une menace directe pour son int\u00e9grit\u00e9 physique."}]},{"@type":"WebSite","@id":"http:\/\/www.fvplp.com\/victoire\/#website","url":"http:\/\/www.fvplp.com\/victoire\/","name":"Fondation Victoire pour la Paix","description":"Fondation Victoire Pour La Paix","publisher":{"@id":"http:\/\/www.fvplp.com\/victoire\/#organization"},"alternateName":"Fondation Victoire pour la Paix","potentialAction":[{"@type":"SearchAction","target":{"@type":"EntryPoint","urlTemplate":"http:\/\/www.fvplp.com\/victoire\/?s={search_term_string}"},"query-input":{"@type":"PropertyValueSpecification","valueRequired":true,"valueName":"search_term_string"}}],"inLanguage":"fr-FR"},{"@type":"Organization","@id":"http:\/\/www.fvplp.com\/victoire\/#organization","name":"Fondation Victoire pour la Paix","url":"http:\/\/www.fvplp.com\/victoire\/","logo":{"@type":"ImageObject","inLanguage":"fr-FR","@id":"http:\/\/www.fvplp.com\/victoire\/#\/schema\/logo\/image\/","url":"http:\/\/www.fvplp.com\/victoire\/wp-content\/uploads\/2025\/01\/cropped-cropped-new-logo.png","contentUrl":"http:\/\/www.fvplp.com\/victoire\/wp-content\/uploads\/2025\/01\/cropped-cropped-new-logo.png","width":295,"height":125,"caption":"Fondation Victoire pour la Paix"},"image":{"@id":"http:\/\/www.fvplp.com\/victoire\/#\/schema\/logo\/image\/"}},{"@type":"Person","@id":"http:\/\/www.fvplp.com\/victoire\/#\/schema\/person\/648deca6b3b20cff967078a8cab9d343","name":"mugabo","image":{"@type":"ImageObject","inLanguage":"fr-FR","@id":"https:\/\/secure.gravatar.com\/avatar\/332f5e7209bda5c3e316f358bdfa8e5831f8a5a83a8e45b9d31218bc0ef4c5b4?s=96&d=mm&r=g","url":"https:\/\/secure.gravatar.com\/avatar\/332f5e7209bda5c3e316f358bdfa8e5831f8a5a83a8e45b9d31218bc0ef4c5b4?s=96&d=mm&r=g","contentUrl":"https:\/\/secure.gravatar.com\/avatar\/332f5e7209bda5c3e316f358bdfa8e5831f8a5a83a8e45b9d31218bc0ef4c5b4?s=96&d=mm&r=g","caption":"mugabo"},"sameAs":["http:\/\/www.fvplp.com\/victoire"]}]}},"uagb_featured_image_src":{"full":["http:\/\/www.fvplp.com\/victoire\/wp-content\/uploads\/2025\/09\/PHOTO-2025-09-09-07-52-13.jpg",799,1599,false],"thumbnail":["http:\/\/www.fvplp.com\/victoire\/wp-content\/uploads\/2025\/09\/PHOTO-2025-09-09-07-52-13-150x150.jpg",150,150,true],"medium":["http:\/\/www.fvplp.com\/victoire\/wp-content\/uploads\/2025\/09\/PHOTO-2025-09-09-07-52-13-150x300.jpg",150,300,true],"medium_large":["http:\/\/www.fvplp.com\/victoire\/wp-content\/uploads\/2025\/09\/PHOTO-2025-09-09-07-52-13-768x1537.jpg",768,1537,true],"large":["http:\/\/www.fvplp.com\/victoire\/wp-content\/uploads\/2025\/09\/PHOTO-2025-09-09-07-52-13-512x1024.jpg",512,1024,true],"1536x1536":["http:\/\/www.fvplp.com\/victoire\/wp-content\/uploads\/2025\/09\/PHOTO-2025-09-09-07-52-13-768x1536.jpg",768,1536,true],"2048x2048":["http:\/\/www.fvplp.com\/victoire\/wp-content\/uploads\/2025\/09\/PHOTO-2025-09-09-07-52-13.jpg",799,1599,false]},"uagb_author_info":{"display_name":"mugabo","author_link":"http:\/\/www.fvplp.com\/victoire\/author\/mugabo\/"},"uagb_comment_info":0,"uagb_excerpt":"Les autorit\u00e9s et le pouvoir judiciaire rwandais violent ouvertement les droits de Mme Victoire Ingabire Umuhoza, militante des droits humains [&hellip;]","_links":{"self":[{"href":"http:\/\/www.fvplp.com\/victoire\/wp-json\/wp\/v2\/posts\/440","targetHints":{"allow":["GET"]}}],"collection":[{"href":"http:\/\/www.fvplp.com\/victoire\/wp-json\/wp\/v2\/posts"}],"about":[{"href":"http:\/\/www.fvplp.com\/victoire\/wp-json\/wp\/v2\/types\/post"}],"author":[{"embeddable":true,"href":"http:\/\/www.fvplp.com\/victoire\/wp-json\/wp\/v2\/users\/1"}],"replies":[{"embeddable":true,"href":"http:\/\/www.fvplp.com\/victoire\/wp-json\/wp\/v2\/comments?post=440"}],"version-history":[{"count":13,"href":"http:\/\/www.fvplp.com\/victoire\/wp-json\/wp\/v2\/posts\/440\/revisions"}],"predecessor-version":[{"id":454,"href":"http:\/\/www.fvplp.com\/victoire\/wp-json\/wp\/v2\/posts\/440\/revisions\/454"}],"wp:featuredmedia":[{"embeddable":true,"href":"http:\/\/www.fvplp.com\/victoire\/wp-json\/wp\/v2\/media\/441"}],"wp:attachment":[{"href":"http:\/\/www.fvplp.com\/victoire\/wp-json\/wp\/v2\/media?parent=440"}],"wp:term":[{"taxonomy":"category","embeddable":true,"href":"http:\/\/www.fvplp.com\/victoire\/wp-json\/wp\/v2\/categories?post=440"},{"taxonomy":"post_tag","embeddable":true,"href":"http:\/\/www.fvplp.com\/victoire\/wp-json\/wp\/v2\/tags?post=440"}],"curies":[{"name":"wp","href":"https:\/\/api.w.org\/{rel}","templated":true}]}}