{"id":431,"date":"2025-08-14T22:30:44","date_gmt":"2025-08-14T22:30:44","guid":{"rendered":"https:\/\/www.fvplp.com\/victoire\/?p=431"},"modified":"2025-08-14T22:38:28","modified_gmt":"2025-08-14T22:38:28","slug":"arrestation-de-victoire-ingabire-umuhoza","status":"publish","type":"post","link":"http:\/\/www.fvplp.com\/victoire\/arrestation-de-victoire-ingabire-umuhoza\/","title":{"rendered":"L&rsquo;arrestation de Victoire Ingabire Umuhoza a mis en lumi\u00e8re sa popularit\u00e9"},"content":{"rendered":"\r\n<div class=\"wp-block-media-text is-stacked-on-mobile is-vertically-aligned-top\">\r\n<figure class=\"wp-block-media-text__media\"><img loading=\"lazy\" decoding=\"async\" width=\"682\" height=\"1024\" class=\"wp-image-277 size-full\" src=\"http:\/\/www.fvplp.com\/victoire\/wp-content\/uploads\/2025\/07\/b539b6c2-6198-41de-9b32-d210a05e361c-682x1024.jpeg\" alt=\"Victoire Ingabire\" srcset=\"http:\/\/www.fvplp.com\/victoire\/wp-content\/uploads\/2025\/07\/b539b6c2-6198-41de-9b32-d210a05e361c-682x1024.jpeg 682w, http:\/\/www.fvplp.com\/victoire\/wp-content\/uploads\/2025\/07\/b539b6c2-6198-41de-9b32-d210a05e361c-200x300.jpeg 200w, http:\/\/www.fvplp.com\/victoire\/wp-content\/uploads\/2025\/07\/b539b6c2-6198-41de-9b32-d210a05e361c-768x1153.jpeg 768w, http:\/\/www.fvplp.com\/victoire\/wp-content\/uploads\/2025\/07\/b539b6c2-6198-41de-9b32-d210a05e361c-1023x1536.jpeg 1023w, http:\/\/www.fvplp.com\/victoire\/wp-content\/uploads\/2025\/07\/b539b6c2-6198-41de-9b32-d210a05e361c.jpeg 1066w\" sizes=\"auto, (max-width: 682px) 100vw, 682px\" \/><\/figure>\r\n<div class=\"wp-block-media-text__content\">\r\n<p>Victoire Ingabire Umuhoza, figure embl\u00e9matique de l\u2019opposition rwandaise, est connue pour son engagement pacifique en faveur de la d\u00e9mocratie et de la justice. Apr\u00e8s \u00eatre revenue d\u2019exil pour se pr\u00e9senter \u00e0 l\u2019\u00e9lection pr\u00e9sidentielle de 2010, elle a \u00e9t\u00e9 arr\u00eat\u00e9e et condamn\u00e9e \u00e0 une lourde peine de prison, dont elle a purg\u00e9 huit ans avant d\u2019\u00eatre lib\u00e9r\u00e9e gr\u00e2ce \u00e0 une gr\u00e2ce pr\u00e9sidentielle. Malgr\u00e9 les restrictions de ses droits civils et l\u2019interdiction de quitter le Rwanda, elle a continu\u00e9 de militer pour un dialogue national inclusif, renfor\u00e7ant ainsi sa popularit\u00e9 au Rwanda et \u00e0 l\u2019\u00e9tranger, notamment gr\u00e2ce \u00e0 ses prises de parole m\u00e9diatiques et \u00e0 la reconnaissance internationale de son action.<\/p>\r\n<p>Son arrestation le 19 juin 2025 a suscit\u00e9 une vague de condamnations de la part d\u2019organisations internationales et de manifestations dans plusieurs pays. De la Plateforme pour la d\u00e9mocratie africaine \u00e0 la Fondation Lantos, en passant par le World Liberty Congress et Human Rights Watch, toutes ont d\u00e9nonc\u00e9 une d\u00e9tention motiv\u00e9e par des raisons politiques et appel\u00e9 \u00e0 sa lib\u00e9ration imm\u00e9diate. Ces mobilisations d\u00e9fendent au-del\u00e0 de son cas personnel le principe universel de la libert\u00e9 d\u2019expression et le droit des peuples \u00e0 choisir leurs dirigeants. Les appels \u00e0 la communaut\u00e9 internationale se multiplient pour que le Rwanda respecte ses obligations et mette fin \u00e0 cette pers\u00e9cution.<\/p>\r\n<p><br \/><a href=\"https:\/\/blogs.mediapart.fr\/fondation-victoire-pour-la-paix\/blog\/120825\/larrestation-de-victoire-ingabire-umuhoza-mis-en-lumiere-sa-popularite\" target=\"_blank\" rel=\"noopener\"><strong>Lire l\u2019article complet ici :<\/strong><\/a> [<a href=\"https:\/\/blogs.mediapart.fr\/fondation-victoire-pour-la-paix\/blog\/120825\/larrestation-de-victoire-ingabire-umuhoza-mis-en-lumiere-sa-popularite\" target=\"_blank\" rel=\"noopener\">https:\/\/blogs.mediapart.fr\/fondation-victoire-pour-la-paix\/blog\/120825\/larrestation-de-victoire-ingabire-umuhoza-mis-en-lumiere-sa-popularite<\/a>]<\/p>\r\n<\/div>\r\n<\/div>\r\n","protected":false},"excerpt":{"rendered":"<p>Victoire Ingabire Umuhoza, figure embl\u00e9matique de l\u2019opposition rwandaise, est connue pour son engagement pacifique en faveur de la d\u00e9mocratie et [&hellip;]<\/p>\n","protected":false},"author":1,"featured_media":434,"comment_status":"closed","ping_status":"open","sticky":false,"template":"","format":"standard","meta":{"_uag_custom_page_level_css":"","site-sidebar-layout":"default","site-content-layout":"","ast-site-content-layout":"default","site-content-style":"default","site-sidebar-style":"default","ast-global-header-display":"","ast-banner-title-visibility":"","ast-main-header-display":"","ast-hfb-above-header-display":"","ast-hfb-below-header-display":"","ast-hfb-mobile-header-display":"","site-post-title":"","ast-breadcrumbs-content":"","ast-featured-img":"","footer-sml-layout":"","ast-disable-related-posts":"","theme-transparent-header-meta":"default","adv-header-id-meta":"","stick-header-meta":"","header-above-stick-meta":"","header-main-stick-meta":"","header-below-stick-meta":"","astra-migrate-meta-layouts":"set","ast-page-background-enabled":"default","ast-page-background-meta":{"desktop":{"background-color":"var(--ast-global-color-5)","background-image":"","background-repeat":"repeat","background-position":"center center","background-size":"auto","background-attachment":"scroll","background-type":"","background-media":"","overlay-type":"","overlay-color":"","overlay-opacity":"","overlay-gradient":""},"tablet":{"background-color":"","background-image":"","background-repeat":"repeat","background-position":"center center","background-size":"auto","background-attachment":"scroll","background-type":"","background-media":"","overlay-type":"","overlay-color":"","overlay-opacity":"","overlay-gradient":""},"mobile":{"background-color":"","background-image":"","background-repeat":"repeat","background-position":"center center","background-size":"auto","background-attachment":"scroll","background-type":"","background-media":"","overlay-type":"","overlay-color":"","overlay-opacity":"","overlay-gradient":""}},"ast-content-background-meta":{"desktop":{"background-color":"var(--ast-global-color-4)","background-image":"","background-repeat":"repeat","background-position":"center center","background-size":"auto","background-attachment":"scroll","background-type":"","background-media":"","overlay-type":"","overlay-color":"","overlay-opacity":"","overlay-gradient":""},"tablet":{"background-color":"var(--ast-global-color-4)","background-image":"","background-repeat":"repeat","background-position":"center center","background-size":"auto","background-attachment":"scroll","background-type":"","background-media":"","overlay-type":"","overlay-color":"","overlay-opacity":"","overlay-gradient":""},"mobile":{"background-color":"var(--ast-global-color-4)","background-image":"","background-repeat":"repeat","background-position":"center center","background-size":"auto","background-attachment":"scroll","background-type":"","background-media":"","overlay-type":"","overlay-color":"","overlay-opacity":"","overlay-gradient":""}},"footnotes":""},"categories":[1],"tags":[],"class_list":["post-431","post","type-post","status-publish","format-standard","has-post-thumbnail","hentry","category-uncategorized"],"yoast_head":"<!-- This site is optimized with the Yoast SEO plugin v27.4 - https:\/\/yoast.com\/product\/yoast-seo-wordpress\/ -->\n<title>L&#039;arrestation de Victoire Ingabire Umuhoza a mis en lumi\u00e8re sa popularit\u00e9 |<\/title>\n<meta name=\"description\" content=\"L\u2019arrestation de Victoire Ingabire relance le soutien international \u00e0 son combat pacifique pour la d\u00e9mocratie et la libert\u00e9 au Rwanda.\" \/>\n<meta name=\"robots\" content=\"index, follow, max-snippet:-1, max-image-preview:large, max-video-preview:-1\" \/>\n<link rel=\"canonical\" href=\"http:\/\/www.fvplp.com\/victoire\/arrestation-de-victoire-ingabire-umuhoza\/\" \/>\n<meta property=\"og:locale\" content=\"fr_FR\" \/>\n<meta property=\"og:type\" content=\"article\" \/>\n<meta property=\"og:title\" content=\"L&#039;arrestation de Victoire Ingabire Umuhoza a mis en lumi\u00e8re sa popularit\u00e9 |\" \/>\n<meta property=\"og:description\" content=\"L\u2019arrestation de Victoire Ingabire relance le soutien international \u00e0 son combat pacifique pour la d\u00e9mocratie et la libert\u00e9 au Rwanda.\" \/>\n<meta property=\"og:url\" content=\"http:\/\/www.fvplp.com\/victoire\/arrestation-de-victoire-ingabire-umuhoza\/\" \/>\n<meta property=\"article:published_time\" content=\"2025-08-14T22:30:44+00:00\" \/>\n<meta property=\"article:modified_time\" content=\"2025-08-14T22:38:28+00:00\" \/>\n<meta property=\"og:image\" content=\"http:\/\/www.fvplp.com\/victoire\/wp-content\/uploads\/2025\/08\/mediapart.jpg\" \/>\n\t<meta property=\"og:image:width\" content=\"501\" \/>\n\t<meta property=\"og:image:height\" content=\"115\" \/>\n\t<meta property=\"og:image:type\" content=\"image\/jpeg\" \/>\n<meta name=\"author\" content=\"mugabo\" \/>\n<meta name=\"twitter:card\" content=\"summary_large_image\" \/>\n<meta name=\"twitter:label1\" content=\"\u00c9crit par\" \/>\n\t<meta name=\"twitter:data1\" content=\"mugabo\" \/>\n\t<meta name=\"twitter:label2\" content=\"Dur\u00e9e de lecture estim\u00e9e\" \/>\n\t<meta name=\"twitter:data2\" content=\"2 minutes\" \/>\n<script type=\"application\/ld+json\" class=\"yoast-schema-graph\">{\"@context\":\"https:\\\/\\\/schema.org\",\"@graph\":[{\"@type\":\"Article\",\"@id\":\"http:\\\/\\\/www.fvplp.com\\\/victoire\\\/arrestation-de-victoire-ingabire-umuhoza\\\/#article\",\"isPartOf\":{\"@id\":\"http:\\\/\\\/www.fvplp.com\\\/victoire\\\/arrestation-de-victoire-ingabire-umuhoza\\\/\"},\"author\":{\"name\":\"mugabo\",\"@id\":\"http:\\\/\\\/www.fvplp.com\\\/victoire\\\/#\\\/schema\\\/person\\\/648deca6b3b20cff967078a8cab9d343\"},\"headline\":\"L&rsquo;arrestation de Victoire Ingabire Umuhoza a mis en lumi\u00e8re sa popularit\u00e9\",\"datePublished\":\"2025-08-14T22:30:44+00:00\",\"dateModified\":\"2025-08-14T22:38:28+00:00\",\"mainEntityOfPage\":{\"@id\":\"http:\\\/\\\/www.fvplp.com\\\/victoire\\\/arrestation-de-victoire-ingabire-umuhoza\\\/\"},\"wordCount\":257,\"publisher\":{\"@id\":\"http:\\\/\\\/www.fvplp.com\\\/victoire\\\/#organization\"},\"image\":{\"@id\":\"http:\\\/\\\/www.fvplp.com\\\/victoire\\\/arrestation-de-victoire-ingabire-umuhoza\\\/#primaryimage\"},\"thumbnailUrl\":\"http:\\\/\\\/www.fvplp.com\\\/victoire\\\/wp-content\\\/uploads\\\/2025\\\/08\\\/mediapart.jpg\",\"articleSection\":[\"Uncategorized\"],\"inLanguage\":\"fr-FR\"},{\"@type\":\"WebPage\",\"@id\":\"http:\\\/\\\/www.fvplp.com\\\/victoire\\\/arrestation-de-victoire-ingabire-umuhoza\\\/\",\"url\":\"http:\\\/\\\/www.fvplp.com\\\/victoire\\\/arrestation-de-victoire-ingabire-umuhoza\\\/\",\"name\":\"L'arrestation de Victoire Ingabire Umuhoza a mis en lumi\u00e8re sa popularit\u00e9 |\",\"isPartOf\":{\"@id\":\"http:\\\/\\\/www.fvplp.com\\\/victoire\\\/#website\"},\"primaryImageOfPage\":{\"@id\":\"http:\\\/\\\/www.fvplp.com\\\/victoire\\\/arrestation-de-victoire-ingabire-umuhoza\\\/#primaryimage\"},\"image\":{\"@id\":\"http:\\\/\\\/www.fvplp.com\\\/victoire\\\/arrestation-de-victoire-ingabire-umuhoza\\\/#primaryimage\"},\"thumbnailUrl\":\"http:\\\/\\\/www.fvplp.com\\\/victoire\\\/wp-content\\\/uploads\\\/2025\\\/08\\\/mediapart.jpg\",\"datePublished\":\"2025-08-14T22:30:44+00:00\",\"dateModified\":\"2025-08-14T22:38:28+00:00\",\"description\":\"L\u2019arrestation de Victoire Ingabire relance le soutien international \u00e0 son combat pacifique pour la d\u00e9mocratie et la libert\u00e9 au Rwanda.\",\"breadcrumb\":{\"@id\":\"http:\\\/\\\/www.fvplp.com\\\/victoire\\\/arrestation-de-victoire-ingabire-umuhoza\\\/#breadcrumb\"},\"inLanguage\":\"fr-FR\",\"potentialAction\":[{\"@type\":\"ReadAction\",\"target\":[\"http:\\\/\\\/www.fvplp.com\\\/victoire\\\/arrestation-de-victoire-ingabire-umuhoza\\\/\"]}]},{\"@type\":\"ImageObject\",\"inLanguage\":\"fr-FR\",\"@id\":\"http:\\\/\\\/www.fvplp.com\\\/victoire\\\/arrestation-de-victoire-ingabire-umuhoza\\\/#primaryimage\",\"url\":\"http:\\\/\\\/www.fvplp.com\\\/victoire\\\/wp-content\\\/uploads\\\/2025\\\/08\\\/mediapart.jpg\",\"contentUrl\":\"http:\\\/\\\/www.fvplp.com\\\/victoire\\\/wp-content\\\/uploads\\\/2025\\\/08\\\/mediapart.jpg\",\"width\":501,\"height\":115},{\"@type\":\"BreadcrumbList\",\"@id\":\"http:\\\/\\\/www.fvplp.com\\\/victoire\\\/arrestation-de-victoire-ingabire-umuhoza\\\/#breadcrumb\",\"itemListElement\":[{\"@type\":\"ListItem\",\"position\":1,\"name\":\"Accueil\",\"item\":\"http:\\\/\\\/www.fvplp.com\\\/victoire\\\/\"},{\"@type\":\"ListItem\",\"position\":2,\"name\":\"L&rsquo;arrestation de Victoire Ingabire Umuhoza a mis en lumi\u00e8re sa popularit\u00e9\"}]},{\"@type\":\"WebSite\",\"@id\":\"http:\\\/\\\/www.fvplp.com\\\/victoire\\\/#website\",\"url\":\"http:\\\/\\\/www.fvplp.com\\\/victoire\\\/\",\"name\":\"Fondation Victoire pour la Paix\",\"description\":\"Fondation Victoire Pour La Paix\",\"publisher\":{\"@id\":\"http:\\\/\\\/www.fvplp.com\\\/victoire\\\/#organization\"},\"alternateName\":\"Fondation Victoire pour la Paix\",\"potentialAction\":[{\"@type\":\"SearchAction\",\"target\":{\"@type\":\"EntryPoint\",\"urlTemplate\":\"http:\\\/\\\/www.fvplp.com\\\/victoire\\\/?s={search_term_string}\"},\"query-input\":{\"@type\":\"PropertyValueSpecification\",\"valueRequired\":true,\"valueName\":\"search_term_string\"}}],\"inLanguage\":\"fr-FR\"},{\"@type\":\"Organization\",\"@id\":\"http:\\\/\\\/www.fvplp.com\\\/victoire\\\/#organization\",\"name\":\"Fondation Victoire pour la Paix\",\"url\":\"http:\\\/\\\/www.fvplp.com\\\/victoire\\\/\",\"logo\":{\"@type\":\"ImageObject\",\"inLanguage\":\"fr-FR\",\"@id\":\"http:\\\/\\\/www.fvplp.com\\\/victoire\\\/#\\\/schema\\\/logo\\\/image\\\/\",\"url\":\"http:\\\/\\\/www.fvplp.com\\\/victoire\\\/wp-content\\\/uploads\\\/2025\\\/01\\\/cropped-cropped-new-logo.png\",\"contentUrl\":\"http:\\\/\\\/www.fvplp.com\\\/victoire\\\/wp-content\\\/uploads\\\/2025\\\/01\\\/cropped-cropped-new-logo.png\",\"width\":295,\"height\":125,\"caption\":\"Fondation Victoire pour la Paix\"},\"image\":{\"@id\":\"http:\\\/\\\/www.fvplp.com\\\/victoire\\\/#\\\/schema\\\/logo\\\/image\\\/\"}},{\"@type\":\"Person\",\"@id\":\"http:\\\/\\\/www.fvplp.com\\\/victoire\\\/#\\\/schema\\\/person\\\/648deca6b3b20cff967078a8cab9d343\",\"name\":\"mugabo\",\"image\":{\"@type\":\"ImageObject\",\"inLanguage\":\"fr-FR\",\"@id\":\"https:\\\/\\\/secure.gravatar.com\\\/avatar\\\/332f5e7209bda5c3e316f358bdfa8e5831f8a5a83a8e45b9d31218bc0ef4c5b4?s=96&d=mm&r=g\",\"url\":\"https:\\\/\\\/secure.gravatar.com\\\/avatar\\\/332f5e7209bda5c3e316f358bdfa8e5831f8a5a83a8e45b9d31218bc0ef4c5b4?s=96&d=mm&r=g\",\"contentUrl\":\"https:\\\/\\\/secure.gravatar.com\\\/avatar\\\/332f5e7209bda5c3e316f358bdfa8e5831f8a5a83a8e45b9d31218bc0ef4c5b4?s=96&d=mm&r=g\",\"caption\":\"mugabo\"},\"sameAs\":[\"http:\\\/\\\/www.fvplp.com\\\/victoire\"]}]}<\/script>\n<!-- \/ Yoast SEO plugin. -->","yoast_head_json":{"title":"L'arrestation de Victoire Ingabire Umuhoza a mis en lumi\u00e8re sa popularit\u00e9 |","description":"L\u2019arrestation de Victoire Ingabire relance le soutien international \u00e0 son combat pacifique pour la d\u00e9mocratie et la libert\u00e9 au Rwanda.","robots":{"index":"index","follow":"follow","max-snippet":"max-snippet:-1","max-image-preview":"max-image-preview:large","max-video-preview":"max-video-preview:-1"},"canonical":"http:\/\/www.fvplp.com\/victoire\/arrestation-de-victoire-ingabire-umuhoza\/","og_locale":"fr_FR","og_type":"article","og_title":"L'arrestation de Victoire Ingabire Umuhoza a mis en lumi\u00e8re sa popularit\u00e9 |","og_description":"L\u2019arrestation de Victoire Ingabire relance le soutien international \u00e0 son combat pacifique pour la d\u00e9mocratie et la libert\u00e9 au Rwanda.","og_url":"http:\/\/www.fvplp.com\/victoire\/arrestation-de-victoire-ingabire-umuhoza\/","article_published_time":"2025-08-14T22:30:44+00:00","article_modified_time":"2025-08-14T22:38:28+00:00","og_image":[{"width":501,"height":115,"url":"http:\/\/www.fvplp.com\/victoire\/wp-content\/uploads\/2025\/08\/mediapart.jpg","type":"image\/jpeg"}],"author":"mugabo","twitter_card":"summary_large_image","twitter_misc":{"\u00c9crit par":"mugabo","Dur\u00e9e de lecture estim\u00e9e":"2 minutes"},"schema":{"@context":"https:\/\/schema.org","@graph":[{"@type":"Article","@id":"http:\/\/www.fvplp.com\/victoire\/arrestation-de-victoire-ingabire-umuhoza\/#article","isPartOf":{"@id":"http:\/\/www.fvplp.com\/victoire\/arrestation-de-victoire-ingabire-umuhoza\/"},"author":{"name":"mugabo","@id":"http:\/\/www.fvplp.com\/victoire\/#\/schema\/person\/648deca6b3b20cff967078a8cab9d343"},"headline":"L&rsquo;arrestation de Victoire Ingabire Umuhoza a mis en lumi\u00e8re sa popularit\u00e9","datePublished":"2025-08-14T22:30:44+00:00","dateModified":"2025-08-14T22:38:28+00:00","mainEntityOfPage":{"@id":"http:\/\/www.fvplp.com\/victoire\/arrestation-de-victoire-ingabire-umuhoza\/"},"wordCount":257,"publisher":{"@id":"http:\/\/www.fvplp.com\/victoire\/#organization"},"image":{"@id":"http:\/\/www.fvplp.com\/victoire\/arrestation-de-victoire-ingabire-umuhoza\/#primaryimage"},"thumbnailUrl":"http:\/\/www.fvplp.com\/victoire\/wp-content\/uploads\/2025\/08\/mediapart.jpg","articleSection":["Uncategorized"],"inLanguage":"fr-FR"},{"@type":"WebPage","@id":"http:\/\/www.fvplp.com\/victoire\/arrestation-de-victoire-ingabire-umuhoza\/","url":"http:\/\/www.fvplp.com\/victoire\/arrestation-de-victoire-ingabire-umuhoza\/","name":"L'arrestation de Victoire Ingabire Umuhoza a mis en lumi\u00e8re sa popularit\u00e9 |","isPartOf":{"@id":"http:\/\/www.fvplp.com\/victoire\/#website"},"primaryImageOfPage":{"@id":"http:\/\/www.fvplp.com\/victoire\/arrestation-de-victoire-ingabire-umuhoza\/#primaryimage"},"image":{"@id":"http:\/\/www.fvplp.com\/victoire\/arrestation-de-victoire-ingabire-umuhoza\/#primaryimage"},"thumbnailUrl":"http:\/\/www.fvplp.com\/victoire\/wp-content\/uploads\/2025\/08\/mediapart.jpg","datePublished":"2025-08-14T22:30:44+00:00","dateModified":"2025-08-14T22:38:28+00:00","description":"L\u2019arrestation de Victoire Ingabire relance le soutien international \u00e0 son combat pacifique pour la d\u00e9mocratie et la libert\u00e9 au Rwanda.","breadcrumb":{"@id":"http:\/\/www.fvplp.com\/victoire\/arrestation-de-victoire-ingabire-umuhoza\/#breadcrumb"},"inLanguage":"fr-FR","potentialAction":[{"@type":"ReadAction","target":["http:\/\/www.fvplp.com\/victoire\/arrestation-de-victoire-ingabire-umuhoza\/"]}]},{"@type":"ImageObject","inLanguage":"fr-FR","@id":"http:\/\/www.fvplp.com\/victoire\/arrestation-de-victoire-ingabire-umuhoza\/#primaryimage","url":"http:\/\/www.fvplp.com\/victoire\/wp-content\/uploads\/2025\/08\/mediapart.jpg","contentUrl":"http:\/\/www.fvplp.com\/victoire\/wp-content\/uploads\/2025\/08\/mediapart.jpg","width":501,"height":115},{"@type":"BreadcrumbList","@id":"http:\/\/www.fvplp.com\/victoire\/arrestation-de-victoire-ingabire-umuhoza\/#breadcrumb","itemListElement":[{"@type":"ListItem","position":1,"name":"Accueil","item":"http:\/\/www.fvplp.com\/victoire\/"},{"@type":"ListItem","position":2,"name":"L&rsquo;arrestation de Victoire Ingabire Umuhoza a mis en lumi\u00e8re sa popularit\u00e9"}]},{"@type":"WebSite","@id":"http:\/\/www.fvplp.com\/victoire\/#website","url":"http:\/\/www.fvplp.com\/victoire\/","name":"Fondation Victoire pour la Paix","description":"Fondation Victoire Pour La Paix","publisher":{"@id":"http:\/\/www.fvplp.com\/victoire\/#organization"},"alternateName":"Fondation Victoire pour la Paix","potentialAction":[{"@type":"SearchAction","target":{"@type":"EntryPoint","urlTemplate":"http:\/\/www.fvplp.com\/victoire\/?s={search_term_string}"},"query-input":{"@type":"PropertyValueSpecification","valueRequired":true,"valueName":"search_term_string"}}],"inLanguage":"fr-FR"},{"@type":"Organization","@id":"http:\/\/www.fvplp.com\/victoire\/#organization","name":"Fondation Victoire pour la Paix","url":"http:\/\/www.fvplp.com\/victoire\/","logo":{"@type":"ImageObject","inLanguage":"fr-FR","@id":"http:\/\/www.fvplp.com\/victoire\/#\/schema\/logo\/image\/","url":"http:\/\/www.fvplp.com\/victoire\/wp-content\/uploads\/2025\/01\/cropped-cropped-new-logo.png","contentUrl":"http:\/\/www.fvplp.com\/victoire\/wp-content\/uploads\/2025\/01\/cropped-cropped-new-logo.png","width":295,"height":125,"caption":"Fondation Victoire pour la Paix"},"image":{"@id":"http:\/\/www.fvplp.com\/victoire\/#\/schema\/logo\/image\/"}},{"@type":"Person","@id":"http:\/\/www.fvplp.com\/victoire\/#\/schema\/person\/648deca6b3b20cff967078a8cab9d343","name":"mugabo","image":{"@type":"ImageObject","inLanguage":"fr-FR","@id":"https:\/\/secure.gravatar.com\/avatar\/332f5e7209bda5c3e316f358bdfa8e5831f8a5a83a8e45b9d31218bc0ef4c5b4?s=96&d=mm&r=g","url":"https:\/\/secure.gravatar.com\/avatar\/332f5e7209bda5c3e316f358bdfa8e5831f8a5a83a8e45b9d31218bc0ef4c5b4?s=96&d=mm&r=g","contentUrl":"https:\/\/secure.gravatar.com\/avatar\/332f5e7209bda5c3e316f358bdfa8e5831f8a5a83a8e45b9d31218bc0ef4c5b4?s=96&d=mm&r=g","caption":"mugabo"},"sameAs":["http:\/\/www.fvplp.com\/victoire"]}]}},"uagb_featured_image_src":{"full":["http:\/\/www.fvplp.com\/victoire\/wp-content\/uploads\/2025\/08\/mediapart.jpg",501,115,false],"thumbnail":["http:\/\/www.fvplp.com\/victoire\/wp-content\/uploads\/2025\/08\/mediapart-150x115.jpg",150,115,true],"medium":["http:\/\/www.fvplp.com\/victoire\/wp-content\/uploads\/2025\/08\/mediapart-300x69.jpg",300,69,true],"medium_large":["http:\/\/www.fvplp.com\/victoire\/wp-content\/uploads\/2025\/08\/mediapart.jpg",501,115,false],"large":["http:\/\/www.fvplp.com\/victoire\/wp-content\/uploads\/2025\/08\/mediapart.jpg",501,115,false],"1536x1536":["http:\/\/www.fvplp.com\/victoire\/wp-content\/uploads\/2025\/08\/mediapart.jpg",501,115,false],"2048x2048":["http:\/\/www.fvplp.com\/victoire\/wp-content\/uploads\/2025\/08\/mediapart.jpg",501,115,false]},"uagb_author_info":{"display_name":"mugabo","author_link":"http:\/\/www.fvplp.com\/victoire\/author\/mugabo\/"},"uagb_comment_info":0,"uagb_excerpt":"Victoire Ingabire Umuhoza, figure embl\u00e9matique de l\u2019opposition rwandaise, est connue pour son engagement pacifique en faveur de la d\u00e9mocratie et [&hellip;]","_links":{"self":[{"href":"http:\/\/www.fvplp.com\/victoire\/wp-json\/wp\/v2\/posts\/431","targetHints":{"allow":["GET"]}}],"collection":[{"href":"http:\/\/www.fvplp.com\/victoire\/wp-json\/wp\/v2\/posts"}],"about":[{"href":"http:\/\/www.fvplp.com\/victoire\/wp-json\/wp\/v2\/types\/post"}],"author":[{"embeddable":true,"href":"http:\/\/www.fvplp.com\/victoire\/wp-json\/wp\/v2\/users\/1"}],"replies":[{"embeddable":true,"href":"http:\/\/www.fvplp.com\/victoire\/wp-json\/wp\/v2\/comments?post=431"}],"version-history":[{"count":5,"href":"http:\/\/www.fvplp.com\/victoire\/wp-json\/wp\/v2\/posts\/431\/revisions"}],"predecessor-version":[{"id":438,"href":"http:\/\/www.fvplp.com\/victoire\/wp-json\/wp\/v2\/posts\/431\/revisions\/438"}],"wp:featuredmedia":[{"embeddable":true,"href":"http:\/\/www.fvplp.com\/victoire\/wp-json\/wp\/v2\/media\/434"}],"wp:attachment":[{"href":"http:\/\/www.fvplp.com\/victoire\/wp-json\/wp\/v2\/media?parent=431"}],"wp:term":[{"taxonomy":"category","embeddable":true,"href":"http:\/\/www.fvplp.com\/victoire\/wp-json\/wp\/v2\/categories?post=431"},{"taxonomy":"post_tag","embeddable":true,"href":"http:\/\/www.fvplp.com\/victoire\/wp-json\/wp\/v2\/tags?post=431"}],"curies":[{"name":"wp","href":"https:\/\/api.w.org\/{rel}","templated":true}]}}