{"id":409,"date":"2025-08-01T18:23:47","date_gmt":"2025-08-01T18:23:47","guid":{"rendered":"https:\/\/www.fvplp.com\/victoire\/?p=409"},"modified":"2025-08-07T09:10:11","modified_gmt":"2025-08-07T09:10:11","slug":"victoire-ingabire-persecution-rwanda-2025","status":"publish","type":"post","link":"http:\/\/www.fvplp.com\/victoire\/victoire-ingabire-persecution-rwanda-2025\/","title":{"rendered":"La Fondation Victoire pour la Paix avertit que Victoire Ingabire risque de ne pas b\u00e9n\u00e9ficier d&rsquo;un proc\u00e8s \u00e9quitable et r\u00e9it\u00e8re son appel \u00e0 d\u00e9noncer la pers\u00e9cution dont elle fait l&rsquo;objet"},"content":{"rendered":"\r\n<div class=\"wp-block-media-text is-stacked-on-mobile is-vertically-aligned-top\">\r\n<figure class=\"wp-block-media-text__media\"><img loading=\"lazy\" decoding=\"async\" width=\"428\" height=\"640\" class=\"wp-image-403 size-full\" src=\"http:\/\/www.fvplp.com\/victoire\/wp-content\/uploads\/2025\/08\/Ingabire-FVPLP.jpg\" alt=\"\" srcset=\"http:\/\/www.fvplp.com\/victoire\/wp-content\/uploads\/2025\/08\/Ingabire-FVPLP.jpg 428w, http:\/\/www.fvplp.com\/victoire\/wp-content\/uploads\/2025\/08\/Ingabire-FVPLP-201x300.jpg 201w\" sizes=\"auto, (max-width: 428px) 100vw, 428px\" \/><\/figure>\r\n<div class=\"wp-block-media-text__content\">\r\n<p>La Fondation Victoire pour la Paix d\u00e9nonce une nouvelle fois le traitement inhumain, voir la pers\u00e9cution, inflig\u00e9 \u00e0 Victoire Ingabire Umuhoza depuis sa nouvelle arrestation au Rwanda.<br \/><br \/>Depuis son arrestation, le 19 juin 2025, elle n&rsquo;a pas \u00e9t\u00e9 autoris\u00e9e \u00e0 communiquer avec sa famille aux Pays-Bas ni avec son \u00e9quipe juridique internationale. Son droit de choisir son propre avocat n&rsquo;est pas respect\u00e9, car le barreau du Rwanda a rejet\u00e9 la demande de son avocat kenyan de la repr\u00e9senter.<br \/><br \/>Il est important de noter que Victoire Ingabire a \u00e9t\u00e9 arr\u00eat\u00e9e et sera jug\u00e9e en violation de ses droits fondamentaux garantis par la Constitution rwandaise.<br \/><br \/>Tout d&rsquo;abord, elle a \u00e9t\u00e9 arr\u00eat\u00e9e et fait l&rsquo;objet d&rsquo;une enqu\u00eate par le Bureau d&rsquo;enqu\u00eate rwandais (RIB), \u00e0 la demande du tribunal qui jugeait un groupe de huit partisans politiques et un journaliste ind\u00e9pendant. Le tribunal avait d\u00e9j\u00e0 exprim\u00e9 ses soup\u00e7ons quant \u00e0 la complicit\u00e9 de Victoire Ingabire avec les accus\u00e9s, alors que le proc\u00e8s \u00e9tait en cours, et l&rsquo;avait convoqu\u00e9e pour r\u00e9pondre \u00e0 ses questions. Cela s&rsquo;est produit alors qu&rsquo;elle avait d\u00e9j\u00e0 \u00e9t\u00e9 interrog\u00e9e et qu&rsquo;elle avait fait l&rsquo;objet d&rsquo;une enqu\u00eate par le RIB en octobre et en novembre 2021, \u00e0 la suite de quoi le minist\u00e8re public avait conclu qu&rsquo;il n&rsquo;existait aucune preuve contre elle.<br \/><br \/>En ordonnant au RIB d&rsquo;enqu\u00eater sur Victoire Ingabire et en indiquant clairement qu&rsquo;elle s&rsquo;attendait \u00e0 ce qu&rsquo;elle soit inculp\u00e9e et poursuivie, la Cour a d\u00e9montr\u00e9 qu&rsquo;elle n&rsquo;\u00e9tait ni impartiale ni ind\u00e9pendante. Elle a bafou\u00e9 les principes essentiels de la s\u00e9paration des pouvoirs et de l&rsquo;ind\u00e9pendance du minist\u00e8re public.<br \/><br \/>Deuxi\u00e8mement, les infractions dont Victoire Ingabire est accus\u00e9e ont d\u00e9j\u00e0 fait l&rsquo;objet d&rsquo;un examen par le Groupe de travail des Nations unies sur la d\u00e9tention arbitraire, dans le cadre du proc\u00e8s des neuf accus\u00e9s d\u00e9j\u00e0 jug\u00e9s. L&rsquo;un des motifs pour lesquels le groupe de travail a conclu que leur d\u00e9tention \u00e9tait arbitraire est qu&rsquo;elle r\u00e9sultait de l&rsquo;exercice pacifique de leurs droits \u00e0 la libert\u00e9 d&rsquo;opinion, d&rsquo;expression et de r\u00e9union, ainsi que de leur droit de participer \u00e0 la conduite des affaires publiques. Ce groupe de travail des Nations Unies a \u00e9galement estim\u00e9 que leur maintien en d\u00e9tention \u00e9quivalait \u00e0 une violation de leurs droits fondamentaux par le Rwanda.<br \/><br \/>L&rsquo;avocat de Victoire Ingabire a d\u00e9pos\u00e9 un recours constitutionnel devant la Cour supr\u00eame, afin de contester son inculpation et sa d\u00e9tention. Cependant, alors que cette proc\u00e9dure est toujours en cours, le tribunal de premi\u00e8re instance de Kicukiro, \u00e0 Kigali, saisi de la question de sa mise en libert\u00e9 provisoire, a omis de reconna\u00eetre ou de prendre en consid\u00e9ration ce litige en cours et a d\u00e9cid\u00e9, le 15 juillet 2025, de maintenir Victoire Ingabire en d\u00e9tention. De plus, le tribunal a refus\u00e9 d&rsquo;examiner les arguments de la d\u00e9fense en faveur de sa lib\u00e9ration provisoire. Cette d\u00e9cision est juridiquement infond\u00e9e et a fait l&rsquo;objet d&rsquo;un appel.<br \/><br \/>Suite \u00e0 ce refus, la situation de Victoire Ingabire s&rsquo;est aggrav\u00e9e. Elle a \u00e9t\u00e9 transf\u00e9r\u00e9e \u00e0 la prison de Mageragere, o\u00f9 elle est d\u00e9sormais d\u00e9tenue \u00e0 l&rsquo;isolement, ce qui constitue une violation des normes internationales en mati\u00e8re de d\u00e9tention.<br \/><br \/>Dans ce contexte de graves violations des droits humains et de comportements anticonstitutionnels de la part du tribunal, la d\u00e9cision de maintenir Victoire Ingabire en d\u00e9tention dans l&rsquo;attente de son proc\u00e8s t\u00e9moigne d&rsquo;un m\u00e9pris choquant pour les normes juridiques et l&rsquo;ind\u00e9pendance judiciaire.<br \/><br \/>\u00c0 ce titre, la Fondation Victoire pour la Paix r\u00e9it\u00e8re son appel \u00e0 la communaut\u00e9 internationale pour qu&rsquo;elle d\u00e9nonce la pers\u00e9cution dont Victoire Ingabire est victime et demande des comptes aux autorit\u00e9s rwandaises pour le traitement qu&rsquo;elles lui infligent.<br \/><br \/>Bruxelles, le 1\u1d49\u02b3 ao\u00fbt 2025<\/p>\r\n<\/div>\r\n<\/div>\r\n","protected":false},"excerpt":{"rendered":"<p>La Fondation Victoire pour la Paix d\u00e9nonce une nouvelle fois le traitement inhumain, voir la pers\u00e9cution, inflig\u00e9 \u00e0 Victoire Ingabire [&hellip;]<\/p>\n","protected":false},"author":1,"featured_media":350,"comment_status":"closed","ping_status":"open","sticky":false,"template":"","format":"standard","meta":{"_uag_custom_page_level_css":"","site-sidebar-layout":"default","site-content-layout":"","ast-site-content-layout":"default","site-content-style":"default","site-sidebar-style":"default","ast-global-header-display":"","ast-banner-title-visibility":"","ast-main-header-display":"","ast-hfb-above-header-display":"","ast-hfb-below-header-display":"","ast-hfb-mobile-header-display":"","site-post-title":"","ast-breadcrumbs-content":"","ast-featured-img":"","footer-sml-layout":"","ast-disable-related-posts":"","theme-transparent-header-meta":"default","adv-header-id-meta":"","stick-header-meta":"","header-above-stick-meta":"","header-main-stick-meta":"","header-below-stick-meta":"","astra-migrate-meta-layouts":"set","ast-page-background-enabled":"default","ast-page-background-meta":{"desktop":{"background-color":"var(--ast-global-color-5)","background-image":"","background-repeat":"repeat","background-position":"center center","background-size":"auto","background-attachment":"scroll","background-type":"","background-media":"","overlay-type":"","overlay-color":"","overlay-opacity":"","overlay-gradient":""},"tablet":{"background-color":"","background-image":"","background-repeat":"repeat","background-position":"center center","background-size":"auto","background-attachment":"scroll","background-type":"","background-media":"","overlay-type":"","overlay-color":"","overlay-opacity":"","overlay-gradient":""},"mobile":{"background-color":"","background-image":"","background-repeat":"repeat","background-position":"center center","background-size":"auto","background-attachment":"scroll","background-type":"","background-media":"","overlay-type":"","overlay-color":"","overlay-opacity":"","overlay-gradient":""}},"ast-content-background-meta":{"desktop":{"background-color":"var(--ast-global-color-4)","background-image":"","background-repeat":"repeat","background-position":"center center","background-size":"auto","background-attachment":"scroll","background-type":"","background-media":"","overlay-type":"","overlay-color":"","overlay-opacity":"","overlay-gradient":""},"tablet":{"background-color":"var(--ast-global-color-4)","background-image":"","background-repeat":"repeat","background-position":"center center","background-size":"auto","background-attachment":"scroll","background-type":"","background-media":"","overlay-type":"","overlay-color":"","overlay-opacity":"","overlay-gradient":""},"mobile":{"background-color":"var(--ast-global-color-4)","background-image":"","background-repeat":"repeat","background-position":"center center","background-size":"auto","background-attachment":"scroll","background-type":"","background-media":"","overlay-type":"","overlay-color":"","overlay-opacity":"","overlay-gradient":""}},"footnotes":""},"categories":[1],"tags":[],"class_list":["post-409","post","type-post","status-publish","format-standard","has-post-thumbnail","hentry","category-uncategorized"],"yoast_head":"<!-- This site is optimized with the Yoast SEO plugin v27.4 - https:\/\/yoast.com\/product\/yoast-seo-wordpress\/ -->\n<title>La Fondation Victoire pour la Paix avertit que Victoire Ingabire risque de ne pas b\u00e9n\u00e9ficier d&#039;un proc\u00e8s \u00e9quitable et r\u00e9it\u00e8re son appel \u00e0 d\u00e9noncer la pers\u00e9cution dont elle fait l&#039;objet |<\/title>\n<meta name=\"description\" content=\"La Fondation Victoire pour la Paix d\u00e9nonce la pers\u00e9cution de Victoire Ingabire, d\u00e9tenue au Rwanda dans des conditions violant ses droits\" \/>\n<meta name=\"robots\" content=\"index, follow, max-snippet:-1, max-image-preview:large, max-video-preview:-1\" \/>\n<link rel=\"canonical\" href=\"http:\/\/www.fvplp.com\/victoire\/victoire-ingabire-persecution-rwanda-2025\/\" \/>\n<meta property=\"og:locale\" content=\"fr_FR\" \/>\n<meta property=\"og:type\" content=\"article\" \/>\n<meta property=\"og:title\" content=\"La Fondation Victoire pour la Paix avertit que Victoire Ingabire risque de ne pas b\u00e9n\u00e9ficier d&#039;un proc\u00e8s \u00e9quitable et r\u00e9it\u00e8re son appel \u00e0 d\u00e9noncer la pers\u00e9cution dont elle fait l&#039;objet |\" \/>\n<meta property=\"og:description\" content=\"La Fondation Victoire pour la Paix d\u00e9nonce la pers\u00e9cution de Victoire Ingabire, d\u00e9tenue au Rwanda dans des conditions violant ses droits\" \/>\n<meta property=\"og:url\" content=\"http:\/\/www.fvplp.com\/victoire\/victoire-ingabire-persecution-rwanda-2025\/\" \/>\n<meta property=\"article:published_time\" content=\"2025-08-01T18:23:47+00:00\" \/>\n<meta property=\"article:modified_time\" content=\"2025-08-07T09:10:11+00:00\" \/>\n<meta property=\"og:image\" content=\"http:\/\/www.fvplp.com\/victoire\/wp-content\/uploads\/2025\/07\/cropped-new-logo.png\" \/>\n\t<meta property=\"og:image:width\" content=\"295\" \/>\n\t<meta property=\"og:image:height\" content=\"125\" \/>\n\t<meta property=\"og:image:type\" content=\"image\/png\" \/>\n<meta name=\"author\" content=\"mugabo\" \/>\n<meta name=\"twitter:card\" content=\"summary_large_image\" \/>\n<meta name=\"twitter:label1\" content=\"\u00c9crit par\" \/>\n\t<meta name=\"twitter:data1\" content=\"mugabo\" \/>\n\t<meta name=\"twitter:label2\" content=\"Dur\u00e9e de lecture estim\u00e9e\" \/>\n\t<meta name=\"twitter:data2\" content=\"4 minutes\" \/>\n<script type=\"application\/ld+json\" class=\"yoast-schema-graph\">{\"@context\":\"https:\\\/\\\/schema.org\",\"@graph\":[{\"@type\":\"Article\",\"@id\":\"http:\\\/\\\/www.fvplp.com\\\/victoire\\\/victoire-ingabire-persecution-rwanda-2025\\\/#article\",\"isPartOf\":{\"@id\":\"http:\\\/\\\/www.fvplp.com\\\/victoire\\\/victoire-ingabire-persecution-rwanda-2025\\\/\"},\"author\":{\"name\":\"mugabo\",\"@id\":\"http:\\\/\\\/www.fvplp.com\\\/victoire\\\/#\\\/schema\\\/person\\\/648deca6b3b20cff967078a8cab9d343\"},\"headline\":\"La Fondation Victoire pour la Paix avertit que Victoire Ingabire risque de ne pas b\u00e9n\u00e9ficier d&rsquo;un proc\u00e8s \u00e9quitable et r\u00e9it\u00e8re son appel \u00e0 d\u00e9noncer la pers\u00e9cution dont elle fait l&rsquo;objet\",\"datePublished\":\"2025-08-01T18:23:47+00:00\",\"dateModified\":\"2025-08-07T09:10:11+00:00\",\"mainEntityOfPage\":{\"@id\":\"http:\\\/\\\/www.fvplp.com\\\/victoire\\\/victoire-ingabire-persecution-rwanda-2025\\\/\"},\"wordCount\":682,\"publisher\":{\"@id\":\"http:\\\/\\\/www.fvplp.com\\\/victoire\\\/#organization\"},\"image\":{\"@id\":\"http:\\\/\\\/www.fvplp.com\\\/victoire\\\/victoire-ingabire-persecution-rwanda-2025\\\/#primaryimage\"},\"thumbnailUrl\":\"http:\\\/\\\/www.fvplp.com\\\/victoire\\\/wp-content\\\/uploads\\\/2025\\\/07\\\/cropped-new-logo.png\",\"articleSection\":[\"Uncategorized\"],\"inLanguage\":\"fr-FR\"},{\"@type\":\"WebPage\",\"@id\":\"http:\\\/\\\/www.fvplp.com\\\/victoire\\\/victoire-ingabire-persecution-rwanda-2025\\\/\",\"url\":\"http:\\\/\\\/www.fvplp.com\\\/victoire\\\/victoire-ingabire-persecution-rwanda-2025\\\/\",\"name\":\"La Fondation Victoire pour la Paix avertit que Victoire Ingabire risque de ne pas b\u00e9n\u00e9ficier d'un proc\u00e8s \u00e9quitable et r\u00e9it\u00e8re son appel \u00e0 d\u00e9noncer la pers\u00e9cution dont elle fait l'objet |\",\"isPartOf\":{\"@id\":\"http:\\\/\\\/www.fvplp.com\\\/victoire\\\/#website\"},\"primaryImageOfPage\":{\"@id\":\"http:\\\/\\\/www.fvplp.com\\\/victoire\\\/victoire-ingabire-persecution-rwanda-2025\\\/#primaryimage\"},\"image\":{\"@id\":\"http:\\\/\\\/www.fvplp.com\\\/victoire\\\/victoire-ingabire-persecution-rwanda-2025\\\/#primaryimage\"},\"thumbnailUrl\":\"http:\\\/\\\/www.fvplp.com\\\/victoire\\\/wp-content\\\/uploads\\\/2025\\\/07\\\/cropped-new-logo.png\",\"datePublished\":\"2025-08-01T18:23:47+00:00\",\"dateModified\":\"2025-08-07T09:10:11+00:00\",\"description\":\"La Fondation Victoire pour la Paix d\u00e9nonce la pers\u00e9cution de Victoire Ingabire, d\u00e9tenue au Rwanda dans des conditions violant ses droits\",\"breadcrumb\":{\"@id\":\"http:\\\/\\\/www.fvplp.com\\\/victoire\\\/victoire-ingabire-persecution-rwanda-2025\\\/#breadcrumb\"},\"inLanguage\":\"fr-FR\",\"potentialAction\":[{\"@type\":\"ReadAction\",\"target\":[\"http:\\\/\\\/www.fvplp.com\\\/victoire\\\/victoire-ingabire-persecution-rwanda-2025\\\/\"]}]},{\"@type\":\"ImageObject\",\"inLanguage\":\"fr-FR\",\"@id\":\"http:\\\/\\\/www.fvplp.com\\\/victoire\\\/victoire-ingabire-persecution-rwanda-2025\\\/#primaryimage\",\"url\":\"http:\\\/\\\/www.fvplp.com\\\/victoire\\\/wp-content\\\/uploads\\\/2025\\\/07\\\/cropped-new-logo.png\",\"contentUrl\":\"http:\\\/\\\/www.fvplp.com\\\/victoire\\\/wp-content\\\/uploads\\\/2025\\\/07\\\/cropped-new-logo.png\",\"width\":295,\"height\":125},{\"@type\":\"BreadcrumbList\",\"@id\":\"http:\\\/\\\/www.fvplp.com\\\/victoire\\\/victoire-ingabire-persecution-rwanda-2025\\\/#breadcrumb\",\"itemListElement\":[{\"@type\":\"ListItem\",\"position\":1,\"name\":\"Accueil\",\"item\":\"http:\\\/\\\/www.fvplp.com\\\/victoire\\\/\"},{\"@type\":\"ListItem\",\"position\":2,\"name\":\"La Fondation Victoire pour la Paix avertit que Victoire Ingabire risque de ne pas b\u00e9n\u00e9ficier d&rsquo;un proc\u00e8s \u00e9quitable et r\u00e9it\u00e8re son appel \u00e0 d\u00e9noncer la pers\u00e9cution dont elle fait l&rsquo;objet\"}]},{\"@type\":\"WebSite\",\"@id\":\"http:\\\/\\\/www.fvplp.com\\\/victoire\\\/#website\",\"url\":\"http:\\\/\\\/www.fvplp.com\\\/victoire\\\/\",\"name\":\"Fondation Victoire pour la Paix\",\"description\":\"Fondation Victoire Pour La Paix\",\"publisher\":{\"@id\":\"http:\\\/\\\/www.fvplp.com\\\/victoire\\\/#organization\"},\"alternateName\":\"Fondation Victoire pour la Paix\",\"potentialAction\":[{\"@type\":\"SearchAction\",\"target\":{\"@type\":\"EntryPoint\",\"urlTemplate\":\"http:\\\/\\\/www.fvplp.com\\\/victoire\\\/?s={search_term_string}\"},\"query-input\":{\"@type\":\"PropertyValueSpecification\",\"valueRequired\":true,\"valueName\":\"search_term_string\"}}],\"inLanguage\":\"fr-FR\"},{\"@type\":\"Organization\",\"@id\":\"http:\\\/\\\/www.fvplp.com\\\/victoire\\\/#organization\",\"name\":\"Fondation Victoire pour la Paix\",\"url\":\"http:\\\/\\\/www.fvplp.com\\\/victoire\\\/\",\"logo\":{\"@type\":\"ImageObject\",\"inLanguage\":\"fr-FR\",\"@id\":\"http:\\\/\\\/www.fvplp.com\\\/victoire\\\/#\\\/schema\\\/logo\\\/image\\\/\",\"url\":\"http:\\\/\\\/www.fvplp.com\\\/victoire\\\/wp-content\\\/uploads\\\/2025\\\/01\\\/cropped-cropped-new-logo.png\",\"contentUrl\":\"http:\\\/\\\/www.fvplp.com\\\/victoire\\\/wp-content\\\/uploads\\\/2025\\\/01\\\/cropped-cropped-new-logo.png\",\"width\":295,\"height\":125,\"caption\":\"Fondation Victoire pour la Paix\"},\"image\":{\"@id\":\"http:\\\/\\\/www.fvplp.com\\\/victoire\\\/#\\\/schema\\\/logo\\\/image\\\/\"}},{\"@type\":\"Person\",\"@id\":\"http:\\\/\\\/www.fvplp.com\\\/victoire\\\/#\\\/schema\\\/person\\\/648deca6b3b20cff967078a8cab9d343\",\"name\":\"mugabo\",\"image\":{\"@type\":\"ImageObject\",\"inLanguage\":\"fr-FR\",\"@id\":\"https:\\\/\\\/secure.gravatar.com\\\/avatar\\\/332f5e7209bda5c3e316f358bdfa8e5831f8a5a83a8e45b9d31218bc0ef4c5b4?s=96&d=mm&r=g\",\"url\":\"https:\\\/\\\/secure.gravatar.com\\\/avatar\\\/332f5e7209bda5c3e316f358bdfa8e5831f8a5a83a8e45b9d31218bc0ef4c5b4?s=96&d=mm&r=g\",\"contentUrl\":\"https:\\\/\\\/secure.gravatar.com\\\/avatar\\\/332f5e7209bda5c3e316f358bdfa8e5831f8a5a83a8e45b9d31218bc0ef4c5b4?s=96&d=mm&r=g\",\"caption\":\"mugabo\"},\"sameAs\":[\"http:\\\/\\\/www.fvplp.com\\\/victoire\"]}]}<\/script>\n<!-- \/ Yoast SEO plugin. -->","yoast_head_json":{"title":"La Fondation Victoire pour la Paix avertit que Victoire Ingabire risque de ne pas b\u00e9n\u00e9ficier d'un proc\u00e8s \u00e9quitable et r\u00e9it\u00e8re son appel \u00e0 d\u00e9noncer la pers\u00e9cution dont elle fait l'objet |","description":"La Fondation Victoire pour la Paix d\u00e9nonce la pers\u00e9cution de Victoire Ingabire, d\u00e9tenue au Rwanda dans des conditions violant ses droits","robots":{"index":"index","follow":"follow","max-snippet":"max-snippet:-1","max-image-preview":"max-image-preview:large","max-video-preview":"max-video-preview:-1"},"canonical":"http:\/\/www.fvplp.com\/victoire\/victoire-ingabire-persecution-rwanda-2025\/","og_locale":"fr_FR","og_type":"article","og_title":"La Fondation Victoire pour la Paix avertit que Victoire Ingabire risque de ne pas b\u00e9n\u00e9ficier d'un proc\u00e8s \u00e9quitable et r\u00e9it\u00e8re son appel \u00e0 d\u00e9noncer la pers\u00e9cution dont elle fait l'objet |","og_description":"La Fondation Victoire pour la Paix d\u00e9nonce la pers\u00e9cution de Victoire Ingabire, d\u00e9tenue au Rwanda dans des conditions violant ses droits","og_url":"http:\/\/www.fvplp.com\/victoire\/victoire-ingabire-persecution-rwanda-2025\/","article_published_time":"2025-08-01T18:23:47+00:00","article_modified_time":"2025-08-07T09:10:11+00:00","og_image":[{"width":295,"height":125,"url":"http:\/\/www.fvplp.com\/victoire\/wp-content\/uploads\/2025\/07\/cropped-new-logo.png","type":"image\/png"}],"author":"mugabo","twitter_card":"summary_large_image","twitter_misc":{"\u00c9crit par":"mugabo","Dur\u00e9e de lecture estim\u00e9e":"4 minutes"},"schema":{"@context":"https:\/\/schema.org","@graph":[{"@type":"Article","@id":"http:\/\/www.fvplp.com\/victoire\/victoire-ingabire-persecution-rwanda-2025\/#article","isPartOf":{"@id":"http:\/\/www.fvplp.com\/victoire\/victoire-ingabire-persecution-rwanda-2025\/"},"author":{"name":"mugabo","@id":"http:\/\/www.fvplp.com\/victoire\/#\/schema\/person\/648deca6b3b20cff967078a8cab9d343"},"headline":"La Fondation Victoire pour la Paix avertit que Victoire Ingabire risque de ne pas b\u00e9n\u00e9ficier d&rsquo;un proc\u00e8s \u00e9quitable et r\u00e9it\u00e8re son appel \u00e0 d\u00e9noncer la pers\u00e9cution dont elle fait l&rsquo;objet","datePublished":"2025-08-01T18:23:47+00:00","dateModified":"2025-08-07T09:10:11+00:00","mainEntityOfPage":{"@id":"http:\/\/www.fvplp.com\/victoire\/victoire-ingabire-persecution-rwanda-2025\/"},"wordCount":682,"publisher":{"@id":"http:\/\/www.fvplp.com\/victoire\/#organization"},"image":{"@id":"http:\/\/www.fvplp.com\/victoire\/victoire-ingabire-persecution-rwanda-2025\/#primaryimage"},"thumbnailUrl":"http:\/\/www.fvplp.com\/victoire\/wp-content\/uploads\/2025\/07\/cropped-new-logo.png","articleSection":["Uncategorized"],"inLanguage":"fr-FR"},{"@type":"WebPage","@id":"http:\/\/www.fvplp.com\/victoire\/victoire-ingabire-persecution-rwanda-2025\/","url":"http:\/\/www.fvplp.com\/victoire\/victoire-ingabire-persecution-rwanda-2025\/","name":"La Fondation Victoire pour la Paix avertit que Victoire Ingabire risque de ne pas b\u00e9n\u00e9ficier d'un proc\u00e8s \u00e9quitable et r\u00e9it\u00e8re son appel \u00e0 d\u00e9noncer la pers\u00e9cution dont elle fait l'objet |","isPartOf":{"@id":"http:\/\/www.fvplp.com\/victoire\/#website"},"primaryImageOfPage":{"@id":"http:\/\/www.fvplp.com\/victoire\/victoire-ingabire-persecution-rwanda-2025\/#primaryimage"},"image":{"@id":"http:\/\/www.fvplp.com\/victoire\/victoire-ingabire-persecution-rwanda-2025\/#primaryimage"},"thumbnailUrl":"http:\/\/www.fvplp.com\/victoire\/wp-content\/uploads\/2025\/07\/cropped-new-logo.png","datePublished":"2025-08-01T18:23:47+00:00","dateModified":"2025-08-07T09:10:11+00:00","description":"La Fondation Victoire pour la Paix d\u00e9nonce la pers\u00e9cution de Victoire Ingabire, d\u00e9tenue au Rwanda dans des conditions violant ses droits","breadcrumb":{"@id":"http:\/\/www.fvplp.com\/victoire\/victoire-ingabire-persecution-rwanda-2025\/#breadcrumb"},"inLanguage":"fr-FR","potentialAction":[{"@type":"ReadAction","target":["http:\/\/www.fvplp.com\/victoire\/victoire-ingabire-persecution-rwanda-2025\/"]}]},{"@type":"ImageObject","inLanguage":"fr-FR","@id":"http:\/\/www.fvplp.com\/victoire\/victoire-ingabire-persecution-rwanda-2025\/#primaryimage","url":"http:\/\/www.fvplp.com\/victoire\/wp-content\/uploads\/2025\/07\/cropped-new-logo.png","contentUrl":"http:\/\/www.fvplp.com\/victoire\/wp-content\/uploads\/2025\/07\/cropped-new-logo.png","width":295,"height":125},{"@type":"BreadcrumbList","@id":"http:\/\/www.fvplp.com\/victoire\/victoire-ingabire-persecution-rwanda-2025\/#breadcrumb","itemListElement":[{"@type":"ListItem","position":1,"name":"Accueil","item":"http:\/\/www.fvplp.com\/victoire\/"},{"@type":"ListItem","position":2,"name":"La Fondation Victoire pour la Paix avertit que Victoire Ingabire risque de ne pas b\u00e9n\u00e9ficier d&rsquo;un proc\u00e8s \u00e9quitable et r\u00e9it\u00e8re son appel \u00e0 d\u00e9noncer la pers\u00e9cution dont elle fait l&rsquo;objet"}]},{"@type":"WebSite","@id":"http:\/\/www.fvplp.com\/victoire\/#website","url":"http:\/\/www.fvplp.com\/victoire\/","name":"Fondation Victoire pour la Paix","description":"Fondation Victoire Pour La Paix","publisher":{"@id":"http:\/\/www.fvplp.com\/victoire\/#organization"},"alternateName":"Fondation Victoire pour la Paix","potentialAction":[{"@type":"SearchAction","target":{"@type":"EntryPoint","urlTemplate":"http:\/\/www.fvplp.com\/victoire\/?s={search_term_string}"},"query-input":{"@type":"PropertyValueSpecification","valueRequired":true,"valueName":"search_term_string"}}],"inLanguage":"fr-FR"},{"@type":"Organization","@id":"http:\/\/www.fvplp.com\/victoire\/#organization","name":"Fondation Victoire pour la Paix","url":"http:\/\/www.fvplp.com\/victoire\/","logo":{"@type":"ImageObject","inLanguage":"fr-FR","@id":"http:\/\/www.fvplp.com\/victoire\/#\/schema\/logo\/image\/","url":"http:\/\/www.fvplp.com\/victoire\/wp-content\/uploads\/2025\/01\/cropped-cropped-new-logo.png","contentUrl":"http:\/\/www.fvplp.com\/victoire\/wp-content\/uploads\/2025\/01\/cropped-cropped-new-logo.png","width":295,"height":125,"caption":"Fondation Victoire pour la Paix"},"image":{"@id":"http:\/\/www.fvplp.com\/victoire\/#\/schema\/logo\/image\/"}},{"@type":"Person","@id":"http:\/\/www.fvplp.com\/victoire\/#\/schema\/person\/648deca6b3b20cff967078a8cab9d343","name":"mugabo","image":{"@type":"ImageObject","inLanguage":"fr-FR","@id":"https:\/\/secure.gravatar.com\/avatar\/332f5e7209bda5c3e316f358bdfa8e5831f8a5a83a8e45b9d31218bc0ef4c5b4?s=96&d=mm&r=g","url":"https:\/\/secure.gravatar.com\/avatar\/332f5e7209bda5c3e316f358bdfa8e5831f8a5a83a8e45b9d31218bc0ef4c5b4?s=96&d=mm&r=g","contentUrl":"https:\/\/secure.gravatar.com\/avatar\/332f5e7209bda5c3e316f358bdfa8e5831f8a5a83a8e45b9d31218bc0ef4c5b4?s=96&d=mm&r=g","caption":"mugabo"},"sameAs":["http:\/\/www.fvplp.com\/victoire"]}]}},"uagb_featured_image_src":{"full":["http:\/\/www.fvplp.com\/victoire\/wp-content\/uploads\/2025\/07\/cropped-new-logo.png",295,125,false],"thumbnail":["http:\/\/www.fvplp.com\/victoire\/wp-content\/uploads\/2025\/07\/cropped-new-logo-150x125.png",150,125,true],"medium":["http:\/\/www.fvplp.com\/victoire\/wp-content\/uploads\/2025\/07\/cropped-new-logo.png",295,125,false],"medium_large":["http:\/\/www.fvplp.com\/victoire\/wp-content\/uploads\/2025\/07\/cropped-new-logo.png",295,125,false],"large":["http:\/\/www.fvplp.com\/victoire\/wp-content\/uploads\/2025\/07\/cropped-new-logo.png",295,125,false],"1536x1536":["http:\/\/www.fvplp.com\/victoire\/wp-content\/uploads\/2025\/07\/cropped-new-logo.png",295,125,false],"2048x2048":["http:\/\/www.fvplp.com\/victoire\/wp-content\/uploads\/2025\/07\/cropped-new-logo.png",295,125,false]},"uagb_author_info":{"display_name":"mugabo","author_link":"http:\/\/www.fvplp.com\/victoire\/author\/mugabo\/"},"uagb_comment_info":0,"uagb_excerpt":"La Fondation Victoire pour la Paix d\u00e9nonce une nouvelle fois le traitement inhumain, voir la pers\u00e9cution, inflig\u00e9 \u00e0 Victoire Ingabire [&hellip;]","_links":{"self":[{"href":"http:\/\/www.fvplp.com\/victoire\/wp-json\/wp\/v2\/posts\/409","targetHints":{"allow":["GET"]}}],"collection":[{"href":"http:\/\/www.fvplp.com\/victoire\/wp-json\/wp\/v2\/posts"}],"about":[{"href":"http:\/\/www.fvplp.com\/victoire\/wp-json\/wp\/v2\/types\/post"}],"author":[{"embeddable":true,"href":"http:\/\/www.fvplp.com\/victoire\/wp-json\/wp\/v2\/users\/1"}],"replies":[{"embeddable":true,"href":"http:\/\/www.fvplp.com\/victoire\/wp-json\/wp\/v2\/comments?post=409"}],"version-history":[{"count":4,"href":"http:\/\/www.fvplp.com\/victoire\/wp-json\/wp\/v2\/posts\/409\/revisions"}],"predecessor-version":[{"id":420,"href":"http:\/\/www.fvplp.com\/victoire\/wp-json\/wp\/v2\/posts\/409\/revisions\/420"}],"wp:featuredmedia":[{"embeddable":true,"href":"http:\/\/www.fvplp.com\/victoire\/wp-json\/wp\/v2\/media\/350"}],"wp:attachment":[{"href":"http:\/\/www.fvplp.com\/victoire\/wp-json\/wp\/v2\/media?parent=409"}],"wp:term":[{"taxonomy":"category","embeddable":true,"href":"http:\/\/www.fvplp.com\/victoire\/wp-json\/wp\/v2\/categories?post=409"},{"taxonomy":"post_tag","embeddable":true,"href":"http:\/\/www.fvplp.com\/victoire\/wp-json\/wp\/v2\/tags?post=409"}],"curies":[{"name":"wp","href":"https:\/\/api.w.org\/{rel}","templated":true}]}}