{"id":331,"date":"2025-07-11T17:36:18","date_gmt":"2025-07-11T17:36:18","guid":{"rendered":"https:\/\/www.fvplp.com\/victoire\/?p=331"},"modified":"2025-08-07T09:32:57","modified_gmt":"2025-08-07T09:32:57","slug":"victoire-ingabire-political-arrest-rwanda-wlc-2025","status":"publish","type":"post","link":"http:\/\/www.fvplp.com\/victoire\/victoire-ingabire-political-arrest-rwanda-wlc-2025\/","title":{"rendered":"Statement by the World Liberty Congress on the Arrest and Persecution of Victoire Ingabire Umuhoza"},"content":{"rendered":"\r\n<div class=\"wp-block-media-text is-stacked-on-mobile is-vertically-aligned-top\" style=\"grid-template-columns: 40% auto;\">\r\n<figure class=\"wp-block-media-text__media\"><img loading=\"lazy\" decoding=\"async\" width=\"1024\" height=\"576\" class=\"wp-image-332 size-full\" src=\"https:\/\/www.fvplp.com\/victoire\/wp-content\/uploads\/2025\/07\/Stage-Tuesday-1024x576.jpg\" alt=\"\" srcset=\"http:\/\/www.fvplp.com\/victoire\/wp-content\/uploads\/2025\/07\/Stage-Tuesday-1024x576.jpg 1024w, http:\/\/www.fvplp.com\/victoire\/wp-content\/uploads\/2025\/07\/Stage-Tuesday-300x169.jpg 300w, http:\/\/www.fvplp.com\/victoire\/wp-content\/uploads\/2025\/07\/Stage-Tuesday-768x432.jpg 768w, http:\/\/www.fvplp.com\/victoire\/wp-content\/uploads\/2025\/07\/Stage-Tuesday-1536x864.jpg 1536w, http:\/\/www.fvplp.com\/victoire\/wp-content\/uploads\/2025\/07\/Stage-Tuesday.jpg 1920w\" sizes=\"auto, (max-width: 1024px) 100vw, 1024px\" \/><\/figure>\r\n<div class=\"wp-block-media-text__content\">\r\n<p>The World Liberty Congress (WLC) strongly denounces the renewed persecution of Rwandan opposition leader Victoire Ingabire Umuhoza, who was arrested following a politically motivated directive after appearing in court as a witness in a case involving peaceful civic actions like reading <em>Blueprint for Revolution<\/em> and attending online trainings. This arrest marks a continuation of the Rwandan government\u2019s long-standing repression against Ingabire, who previously spent eight years in prison for her political activism. The WLC calls for her immediate release, the end of politically motivated prosecutions, and adherence to international human rights obligations. This crackdown is seen not only as a personal attack on Ingabire but as a threat to democracy in Rwanda. <br \/>Here is the link to the article: <a href=\"https:\/\/worldlibertycongress.org\/statement-by-the-world-liberty-congress-on-the-arrest-and-persecution-of-victoire-ingabire-umuhoza\/\" target=\"_blank\" rel=\"noreferrer noopener\"><strong>The World Liberty Congress<\/strong>.<\/a><\/p>\r\n<\/div>\r\n<\/div>\r\n","protected":false},"excerpt":{"rendered":"<p>The World Liberty Congress (WLC) strongly denounces the renewed persecution of Rwandan opposition leader Victoire Ingabire Umuhoza, who was arrested [&hellip;]<\/p>\n","protected":false},"author":1,"featured_media":332,"comment_status":"closed","ping_status":"open","sticky":false,"template":"","format":"standard","meta":{"_uag_custom_page_level_css":"","site-sidebar-layout":"default","site-content-layout":"","ast-site-content-layout":"default","site-content-style":"default","site-sidebar-style":"default","ast-global-header-display":"","ast-banner-title-visibility":"","ast-main-header-display":"","ast-hfb-above-header-display":"","ast-hfb-below-header-display":"","ast-hfb-mobile-header-display":"","site-post-title":"","ast-breadcrumbs-content":"","ast-featured-img":"","footer-sml-layout":"","ast-disable-related-posts":"","theme-transparent-header-meta":"default","adv-header-id-meta":"","stick-header-meta":"","header-above-stick-meta":"","header-main-stick-meta":"","header-below-stick-meta":"","astra-migrate-meta-layouts":"set","ast-page-background-enabled":"default","ast-page-background-meta":{"desktop":{"background-color":"var(--ast-global-color-5)","background-image":"","background-repeat":"repeat","background-position":"center center","background-size":"auto","background-attachment":"scroll","background-type":"","background-media":"","overlay-type":"","overlay-color":"","overlay-opacity":"","overlay-gradient":""},"tablet":{"background-color":"","background-image":"","background-repeat":"repeat","background-position":"center center","background-size":"auto","background-attachment":"scroll","background-type":"","background-media":"","overlay-type":"","overlay-color":"","overlay-opacity":"","overlay-gradient":""},"mobile":{"background-color":"","background-image":"","background-repeat":"repeat","background-position":"center center","background-size":"auto","background-attachment":"scroll","background-type":"","background-media":"","overlay-type":"","overlay-color":"","overlay-opacity":"","overlay-gradient":""}},"ast-content-background-meta":{"desktop":{"background-color":"var(--ast-global-color-4)","background-image":"","background-repeat":"repeat","background-position":"center center","background-size":"auto","background-attachment":"scroll","background-type":"","background-media":"","overlay-type":"","overlay-color":"","overlay-opacity":"","overlay-gradient":""},"tablet":{"background-color":"var(--ast-global-color-4)","background-image":"","background-repeat":"repeat","background-position":"center center","background-size":"auto","background-attachment":"scroll","background-type":"","background-media":"","overlay-type":"","overlay-color":"","overlay-opacity":"","overlay-gradient":""},"mobile":{"background-color":"var(--ast-global-color-4)","background-image":"","background-repeat":"repeat","background-position":"center center","background-size":"auto","background-attachment":"scroll","background-type":"","background-media":"","overlay-type":"","overlay-color":"","overlay-opacity":"","overlay-gradient":""}},"footnotes":""},"categories":[1],"tags":[],"class_list":["post-331","post","type-post","status-publish","format-standard","has-post-thumbnail","hentry","category-uncategorized"],"yoast_head":"<!-- This site is optimized with the Yoast SEO plugin v27.4 - https:\/\/yoast.com\/product\/yoast-seo-wordpress\/ -->\n<title>Statement by the World Liberty Congress on the Arrest and Persecution of Victoire Ingabire Umuhoza |<\/title>\n<meta name=\"description\" content=\"The WLC condemns the political arrest of Victoire Ingabire in Rwanda and urges her release, warning of growing threats to democracy and human\" \/>\n<meta name=\"robots\" content=\"index, follow, max-snippet:-1, max-image-preview:large, max-video-preview:-1\" \/>\n<link rel=\"canonical\" href=\"http:\/\/www.fvplp.com\/victoire\/victoire-ingabire-political-arrest-rwanda-wlc-2025\/\" \/>\n<meta property=\"og:locale\" content=\"fr_FR\" \/>\n<meta property=\"og:type\" content=\"article\" \/>\n<meta property=\"og:title\" content=\"Statement by the World Liberty Congress on the Arrest and Persecution of Victoire Ingabire Umuhoza |\" \/>\n<meta property=\"og:description\" content=\"The WLC condemns the political arrest of Victoire Ingabire in Rwanda and urges her release, warning of growing threats to democracy and human\" \/>\n<meta property=\"og:url\" content=\"http:\/\/www.fvplp.com\/victoire\/victoire-ingabire-political-arrest-rwanda-wlc-2025\/\" \/>\n<meta property=\"article:published_time\" content=\"2025-07-11T17:36:18+00:00\" \/>\n<meta property=\"article:modified_time\" content=\"2025-08-07T09:32:57+00:00\" \/>\n<meta property=\"og:image\" content=\"https:\/\/www.fvplp.com\/victoire\/wp-content\/uploads\/2025\/07\/Stage-Tuesday.jpg\" \/>\n\t<meta property=\"og:image:width\" content=\"1920\" \/>\n\t<meta property=\"og:image:height\" content=\"1080\" \/>\n\t<meta property=\"og:image:type\" content=\"image\/jpeg\" \/>\n<meta name=\"author\" content=\"mugabo\" \/>\n<meta name=\"twitter:card\" content=\"summary_large_image\" \/>\n<meta name=\"twitter:label1\" content=\"\u00c9crit par\" \/>\n\t<meta name=\"twitter:data1\" content=\"mugabo\" \/>\n\t<meta name=\"twitter:label2\" content=\"Dur\u00e9e de lecture estim\u00e9e\" \/>\n\t<meta name=\"twitter:data2\" content=\"1 minute\" \/>\n<script type=\"application\/ld+json\" class=\"yoast-schema-graph\">{\"@context\":\"https:\\\/\\\/schema.org\",\"@graph\":[{\"@type\":\"Article\",\"@id\":\"http:\\\/\\\/www.fvplp.com\\\/victoire\\\/victoire-ingabire-political-arrest-rwanda-wlc-2025\\\/#article\",\"isPartOf\":{\"@id\":\"http:\\\/\\\/www.fvplp.com\\\/victoire\\\/victoire-ingabire-political-arrest-rwanda-wlc-2025\\\/\"},\"author\":{\"name\":\"mugabo\",\"@id\":\"http:\\\/\\\/www.fvplp.com\\\/victoire\\\/#\\\/schema\\\/person\\\/648deca6b3b20cff967078a8cab9d343\"},\"headline\":\"Statement by the World Liberty Congress on the Arrest and Persecution of Victoire Ingabire Umuhoza\",\"datePublished\":\"2025-07-11T17:36:18+00:00\",\"dateModified\":\"2025-08-07T09:32:57+00:00\",\"mainEntityOfPage\":{\"@id\":\"http:\\\/\\\/www.fvplp.com\\\/victoire\\\/victoire-ingabire-political-arrest-rwanda-wlc-2025\\\/\"},\"wordCount\":139,\"publisher\":{\"@id\":\"http:\\\/\\\/www.fvplp.com\\\/victoire\\\/#organization\"},\"image\":{\"@id\":\"http:\\\/\\\/www.fvplp.com\\\/victoire\\\/victoire-ingabire-political-arrest-rwanda-wlc-2025\\\/#primaryimage\"},\"thumbnailUrl\":\"http:\\\/\\\/www.fvplp.com\\\/victoire\\\/wp-content\\\/uploads\\\/2025\\\/07\\\/Stage-Tuesday.jpg\",\"articleSection\":[\"Uncategorized\"],\"inLanguage\":\"fr-FR\"},{\"@type\":\"WebPage\",\"@id\":\"http:\\\/\\\/www.fvplp.com\\\/victoire\\\/victoire-ingabire-political-arrest-rwanda-wlc-2025\\\/\",\"url\":\"http:\\\/\\\/www.fvplp.com\\\/victoire\\\/victoire-ingabire-political-arrest-rwanda-wlc-2025\\\/\",\"name\":\"Statement by the World Liberty Congress on the Arrest and Persecution of Victoire Ingabire Umuhoza |\",\"isPartOf\":{\"@id\":\"http:\\\/\\\/www.fvplp.com\\\/victoire\\\/#website\"},\"primaryImageOfPage\":{\"@id\":\"http:\\\/\\\/www.fvplp.com\\\/victoire\\\/victoire-ingabire-political-arrest-rwanda-wlc-2025\\\/#primaryimage\"},\"image\":{\"@id\":\"http:\\\/\\\/www.fvplp.com\\\/victoire\\\/victoire-ingabire-political-arrest-rwanda-wlc-2025\\\/#primaryimage\"},\"thumbnailUrl\":\"http:\\\/\\\/www.fvplp.com\\\/victoire\\\/wp-content\\\/uploads\\\/2025\\\/07\\\/Stage-Tuesday.jpg\",\"datePublished\":\"2025-07-11T17:36:18+00:00\",\"dateModified\":\"2025-08-07T09:32:57+00:00\",\"description\":\"The WLC condemns the political arrest of Victoire Ingabire in Rwanda and urges her release, warning of growing threats to democracy and human\",\"breadcrumb\":{\"@id\":\"http:\\\/\\\/www.fvplp.com\\\/victoire\\\/victoire-ingabire-political-arrest-rwanda-wlc-2025\\\/#breadcrumb\"},\"inLanguage\":\"fr-FR\",\"potentialAction\":[{\"@type\":\"ReadAction\",\"target\":[\"http:\\\/\\\/www.fvplp.com\\\/victoire\\\/victoire-ingabire-political-arrest-rwanda-wlc-2025\\\/\"]}]},{\"@type\":\"ImageObject\",\"inLanguage\":\"fr-FR\",\"@id\":\"http:\\\/\\\/www.fvplp.com\\\/victoire\\\/victoire-ingabire-political-arrest-rwanda-wlc-2025\\\/#primaryimage\",\"url\":\"http:\\\/\\\/www.fvplp.com\\\/victoire\\\/wp-content\\\/uploads\\\/2025\\\/07\\\/Stage-Tuesday.jpg\",\"contentUrl\":\"http:\\\/\\\/www.fvplp.com\\\/victoire\\\/wp-content\\\/uploads\\\/2025\\\/07\\\/Stage-Tuesday.jpg\",\"width\":1920,\"height\":1080},{\"@type\":\"BreadcrumbList\",\"@id\":\"http:\\\/\\\/www.fvplp.com\\\/victoire\\\/victoire-ingabire-political-arrest-rwanda-wlc-2025\\\/#breadcrumb\",\"itemListElement\":[{\"@type\":\"ListItem\",\"position\":1,\"name\":\"Accueil\",\"item\":\"http:\\\/\\\/www.fvplp.com\\\/victoire\\\/\"},{\"@type\":\"ListItem\",\"position\":2,\"name\":\"Statement by the World Liberty Congress on the Arrest and Persecution of Victoire Ingabire Umuhoza\"}]},{\"@type\":\"WebSite\",\"@id\":\"http:\\\/\\\/www.fvplp.com\\\/victoire\\\/#website\",\"url\":\"http:\\\/\\\/www.fvplp.com\\\/victoire\\\/\",\"name\":\"Fondation Victoire pour la Paix\",\"description\":\"Fondation Victoire Pour La Paix\",\"publisher\":{\"@id\":\"http:\\\/\\\/www.fvplp.com\\\/victoire\\\/#organization\"},\"alternateName\":\"Fondation Victoire pour la Paix\",\"potentialAction\":[{\"@type\":\"SearchAction\",\"target\":{\"@type\":\"EntryPoint\",\"urlTemplate\":\"http:\\\/\\\/www.fvplp.com\\\/victoire\\\/?s={search_term_string}\"},\"query-input\":{\"@type\":\"PropertyValueSpecification\",\"valueRequired\":true,\"valueName\":\"search_term_string\"}}],\"inLanguage\":\"fr-FR\"},{\"@type\":\"Organization\",\"@id\":\"http:\\\/\\\/www.fvplp.com\\\/victoire\\\/#organization\",\"name\":\"Fondation Victoire pour la Paix\",\"url\":\"http:\\\/\\\/www.fvplp.com\\\/victoire\\\/\",\"logo\":{\"@type\":\"ImageObject\",\"inLanguage\":\"fr-FR\",\"@id\":\"http:\\\/\\\/www.fvplp.com\\\/victoire\\\/#\\\/schema\\\/logo\\\/image\\\/\",\"url\":\"http:\\\/\\\/www.fvplp.com\\\/victoire\\\/wp-content\\\/uploads\\\/2025\\\/01\\\/cropped-cropped-new-logo.png\",\"contentUrl\":\"http:\\\/\\\/www.fvplp.com\\\/victoire\\\/wp-content\\\/uploads\\\/2025\\\/01\\\/cropped-cropped-new-logo.png\",\"width\":295,\"height\":125,\"caption\":\"Fondation Victoire pour la Paix\"},\"image\":{\"@id\":\"http:\\\/\\\/www.fvplp.com\\\/victoire\\\/#\\\/schema\\\/logo\\\/image\\\/\"}},{\"@type\":\"Person\",\"@id\":\"http:\\\/\\\/www.fvplp.com\\\/victoire\\\/#\\\/schema\\\/person\\\/648deca6b3b20cff967078a8cab9d343\",\"name\":\"mugabo\",\"image\":{\"@type\":\"ImageObject\",\"inLanguage\":\"fr-FR\",\"@id\":\"https:\\\/\\\/secure.gravatar.com\\\/avatar\\\/332f5e7209bda5c3e316f358bdfa8e5831f8a5a83a8e45b9d31218bc0ef4c5b4?s=96&d=mm&r=g\",\"url\":\"https:\\\/\\\/secure.gravatar.com\\\/avatar\\\/332f5e7209bda5c3e316f358bdfa8e5831f8a5a83a8e45b9d31218bc0ef4c5b4?s=96&d=mm&r=g\",\"contentUrl\":\"https:\\\/\\\/secure.gravatar.com\\\/avatar\\\/332f5e7209bda5c3e316f358bdfa8e5831f8a5a83a8e45b9d31218bc0ef4c5b4?s=96&d=mm&r=g\",\"caption\":\"mugabo\"},\"sameAs\":[\"http:\\\/\\\/www.fvplp.com\\\/victoire\"]}]}<\/script>\n<!-- \/ Yoast SEO plugin. -->","yoast_head_json":{"title":"Statement by the World Liberty Congress on the Arrest and Persecution of Victoire Ingabire Umuhoza |","description":"The WLC condemns the political arrest of Victoire Ingabire in Rwanda and urges her release, warning of growing threats to democracy and human","robots":{"index":"index","follow":"follow","max-snippet":"max-snippet:-1","max-image-preview":"max-image-preview:large","max-video-preview":"max-video-preview:-1"},"canonical":"http:\/\/www.fvplp.com\/victoire\/victoire-ingabire-political-arrest-rwanda-wlc-2025\/","og_locale":"fr_FR","og_type":"article","og_title":"Statement by the World Liberty Congress on the Arrest and Persecution of Victoire Ingabire Umuhoza |","og_description":"The WLC condemns the political arrest of Victoire Ingabire in Rwanda and urges her release, warning of growing threats to democracy and human","og_url":"http:\/\/www.fvplp.com\/victoire\/victoire-ingabire-political-arrest-rwanda-wlc-2025\/","article_published_time":"2025-07-11T17:36:18+00:00","article_modified_time":"2025-08-07T09:32:57+00:00","og_image":[{"width":1920,"height":1080,"url":"https:\/\/www.fvplp.com\/victoire\/wp-content\/uploads\/2025\/07\/Stage-Tuesday.jpg","type":"image\/jpeg"}],"author":"mugabo","twitter_card":"summary_large_image","twitter_misc":{"\u00c9crit par":"mugabo","Dur\u00e9e de lecture estim\u00e9e":"1 minute"},"schema":{"@context":"https:\/\/schema.org","@graph":[{"@type":"Article","@id":"http:\/\/www.fvplp.com\/victoire\/victoire-ingabire-political-arrest-rwanda-wlc-2025\/#article","isPartOf":{"@id":"http:\/\/www.fvplp.com\/victoire\/victoire-ingabire-political-arrest-rwanda-wlc-2025\/"},"author":{"name":"mugabo","@id":"http:\/\/www.fvplp.com\/victoire\/#\/schema\/person\/648deca6b3b20cff967078a8cab9d343"},"headline":"Statement by the World Liberty Congress on the Arrest and Persecution of Victoire Ingabire Umuhoza","datePublished":"2025-07-11T17:36:18+00:00","dateModified":"2025-08-07T09:32:57+00:00","mainEntityOfPage":{"@id":"http:\/\/www.fvplp.com\/victoire\/victoire-ingabire-political-arrest-rwanda-wlc-2025\/"},"wordCount":139,"publisher":{"@id":"http:\/\/www.fvplp.com\/victoire\/#organization"},"image":{"@id":"http:\/\/www.fvplp.com\/victoire\/victoire-ingabire-political-arrest-rwanda-wlc-2025\/#primaryimage"},"thumbnailUrl":"http:\/\/www.fvplp.com\/victoire\/wp-content\/uploads\/2025\/07\/Stage-Tuesday.jpg","articleSection":["Uncategorized"],"inLanguage":"fr-FR"},{"@type":"WebPage","@id":"http:\/\/www.fvplp.com\/victoire\/victoire-ingabire-political-arrest-rwanda-wlc-2025\/","url":"http:\/\/www.fvplp.com\/victoire\/victoire-ingabire-political-arrest-rwanda-wlc-2025\/","name":"Statement by the World Liberty Congress on the Arrest and Persecution of Victoire Ingabire Umuhoza |","isPartOf":{"@id":"http:\/\/www.fvplp.com\/victoire\/#website"},"primaryImageOfPage":{"@id":"http:\/\/www.fvplp.com\/victoire\/victoire-ingabire-political-arrest-rwanda-wlc-2025\/#primaryimage"},"image":{"@id":"http:\/\/www.fvplp.com\/victoire\/victoire-ingabire-political-arrest-rwanda-wlc-2025\/#primaryimage"},"thumbnailUrl":"http:\/\/www.fvplp.com\/victoire\/wp-content\/uploads\/2025\/07\/Stage-Tuesday.jpg","datePublished":"2025-07-11T17:36:18+00:00","dateModified":"2025-08-07T09:32:57+00:00","description":"The WLC condemns the political arrest of Victoire Ingabire in Rwanda and urges her release, warning of growing threats to democracy and human","breadcrumb":{"@id":"http:\/\/www.fvplp.com\/victoire\/victoire-ingabire-political-arrest-rwanda-wlc-2025\/#breadcrumb"},"inLanguage":"fr-FR","potentialAction":[{"@type":"ReadAction","target":["http:\/\/www.fvplp.com\/victoire\/victoire-ingabire-political-arrest-rwanda-wlc-2025\/"]}]},{"@type":"ImageObject","inLanguage":"fr-FR","@id":"http:\/\/www.fvplp.com\/victoire\/victoire-ingabire-political-arrest-rwanda-wlc-2025\/#primaryimage","url":"http:\/\/www.fvplp.com\/victoire\/wp-content\/uploads\/2025\/07\/Stage-Tuesday.jpg","contentUrl":"http:\/\/www.fvplp.com\/victoire\/wp-content\/uploads\/2025\/07\/Stage-Tuesday.jpg","width":1920,"height":1080},{"@type":"BreadcrumbList","@id":"http:\/\/www.fvplp.com\/victoire\/victoire-ingabire-political-arrest-rwanda-wlc-2025\/#breadcrumb","itemListElement":[{"@type":"ListItem","position":1,"name":"Accueil","item":"http:\/\/www.fvplp.com\/victoire\/"},{"@type":"ListItem","position":2,"name":"Statement by the World Liberty Congress on the Arrest and Persecution of Victoire Ingabire Umuhoza"}]},{"@type":"WebSite","@id":"http:\/\/www.fvplp.com\/victoire\/#website","url":"http:\/\/www.fvplp.com\/victoire\/","name":"Fondation Victoire pour la Paix","description":"Fondation Victoire Pour La Paix","publisher":{"@id":"http:\/\/www.fvplp.com\/victoire\/#organization"},"alternateName":"Fondation Victoire pour la Paix","potentialAction":[{"@type":"SearchAction","target":{"@type":"EntryPoint","urlTemplate":"http:\/\/www.fvplp.com\/victoire\/?s={search_term_string}"},"query-input":{"@type":"PropertyValueSpecification","valueRequired":true,"valueName":"search_term_string"}}],"inLanguage":"fr-FR"},{"@type":"Organization","@id":"http:\/\/www.fvplp.com\/victoire\/#organization","name":"Fondation Victoire pour la Paix","url":"http:\/\/www.fvplp.com\/victoire\/","logo":{"@type":"ImageObject","inLanguage":"fr-FR","@id":"http:\/\/www.fvplp.com\/victoire\/#\/schema\/logo\/image\/","url":"http:\/\/www.fvplp.com\/victoire\/wp-content\/uploads\/2025\/01\/cropped-cropped-new-logo.png","contentUrl":"http:\/\/www.fvplp.com\/victoire\/wp-content\/uploads\/2025\/01\/cropped-cropped-new-logo.png","width":295,"height":125,"caption":"Fondation Victoire pour la Paix"},"image":{"@id":"http:\/\/www.fvplp.com\/victoire\/#\/schema\/logo\/image\/"}},{"@type":"Person","@id":"http:\/\/www.fvplp.com\/victoire\/#\/schema\/person\/648deca6b3b20cff967078a8cab9d343","name":"mugabo","image":{"@type":"ImageObject","inLanguage":"fr-FR","@id":"https:\/\/secure.gravatar.com\/avatar\/332f5e7209bda5c3e316f358bdfa8e5831f8a5a83a8e45b9d31218bc0ef4c5b4?s=96&d=mm&r=g","url":"https:\/\/secure.gravatar.com\/avatar\/332f5e7209bda5c3e316f358bdfa8e5831f8a5a83a8e45b9d31218bc0ef4c5b4?s=96&d=mm&r=g","contentUrl":"https:\/\/secure.gravatar.com\/avatar\/332f5e7209bda5c3e316f358bdfa8e5831f8a5a83a8e45b9d31218bc0ef4c5b4?s=96&d=mm&r=g","caption":"mugabo"},"sameAs":["http:\/\/www.fvplp.com\/victoire"]}]}},"uagb_featured_image_src":{"full":["http:\/\/www.fvplp.com\/victoire\/wp-content\/uploads\/2025\/07\/Stage-Tuesday.jpg",1920,1080,false],"thumbnail":["http:\/\/www.fvplp.com\/victoire\/wp-content\/uploads\/2025\/07\/Stage-Tuesday-150x150.jpg",150,150,true],"medium":["http:\/\/www.fvplp.com\/victoire\/wp-content\/uploads\/2025\/07\/Stage-Tuesday-300x169.jpg",300,169,true],"medium_large":["http:\/\/www.fvplp.com\/victoire\/wp-content\/uploads\/2025\/07\/Stage-Tuesday-768x432.jpg",768,432,true],"large":["http:\/\/www.fvplp.com\/victoire\/wp-content\/uploads\/2025\/07\/Stage-Tuesday-1024x576.jpg",1024,576,true],"1536x1536":["http:\/\/www.fvplp.com\/victoire\/wp-content\/uploads\/2025\/07\/Stage-Tuesday-1536x864.jpg",1536,864,true],"2048x2048":["http:\/\/www.fvplp.com\/victoire\/wp-content\/uploads\/2025\/07\/Stage-Tuesday.jpg",1920,1080,false]},"uagb_author_info":{"display_name":"mugabo","author_link":"http:\/\/www.fvplp.com\/victoire\/author\/mugabo\/"},"uagb_comment_info":0,"uagb_excerpt":"The World Liberty Congress (WLC) strongly denounces the renewed persecution of Rwandan opposition leader Victoire Ingabire Umuhoza, who was arrested [&hellip;]","_links":{"self":[{"href":"http:\/\/www.fvplp.com\/victoire\/wp-json\/wp\/v2\/posts\/331","targetHints":{"allow":["GET"]}}],"collection":[{"href":"http:\/\/www.fvplp.com\/victoire\/wp-json\/wp\/v2\/posts"}],"about":[{"href":"http:\/\/www.fvplp.com\/victoire\/wp-json\/wp\/v2\/types\/post"}],"author":[{"embeddable":true,"href":"http:\/\/www.fvplp.com\/victoire\/wp-json\/wp\/v2\/users\/1"}],"replies":[{"embeddable":true,"href":"http:\/\/www.fvplp.com\/victoire\/wp-json\/wp\/v2\/comments?post=331"}],"version-history":[{"count":2,"href":"http:\/\/www.fvplp.com\/victoire\/wp-json\/wp\/v2\/posts\/331\/revisions"}],"predecessor-version":[{"id":422,"href":"http:\/\/www.fvplp.com\/victoire\/wp-json\/wp\/v2\/posts\/331\/revisions\/422"}],"wp:featuredmedia":[{"embeddable":true,"href":"http:\/\/www.fvplp.com\/victoire\/wp-json\/wp\/v2\/media\/332"}],"wp:attachment":[{"href":"http:\/\/www.fvplp.com\/victoire\/wp-json\/wp\/v2\/media?parent=331"}],"wp:term":[{"taxonomy":"category","embeddable":true,"href":"http:\/\/www.fvplp.com\/victoire\/wp-json\/wp\/v2\/categories?post=331"},{"taxonomy":"post_tag","embeddable":true,"href":"http:\/\/www.fvplp.com\/victoire\/wp-json\/wp\/v2\/tags?post=331"}],"curies":[{"name":"wp","href":"https:\/\/api.w.org\/{rel}","templated":true}]}}