{"id":309,"date":"2025-07-11T09:02:31","date_gmt":"2025-07-11T09:02:31","guid":{"rendered":"https:\/\/www.fvplp.com\/victoire\/?p=309"},"modified":"2025-08-07T09:52:36","modified_gmt":"2025-08-07T09:52:36","slug":"human-rights-watch-rwanda","status":"publish","type":"post","link":"http:\/\/www.fvplp.com\/victoire\/human-rights-watch-rwanda\/","title":{"rendered":"Human Rights Watch \u2013 Rwanda : Arrestation d\u2019une dirigeante de l\u2019opposition"},"content":{"rendered":"\r\n<div class=\"wp-block-media-text is-stacked-on-mobile is-vertically-aligned-top\">\r\n<figure class=\"wp-block-media-text__media\"><img loading=\"lazy\" decoding=\"async\" width=\"565\" height=\"530\" class=\"wp-image-310 size-full\" src=\"https:\/\/www.fvplp.com\/victoire\/wp-content\/uploads\/2025\/07\/Victoire-Ingabire-2.jpg\" alt=\"\" srcset=\"http:\/\/www.fvplp.com\/victoire\/wp-content\/uploads\/2025\/07\/Victoire-Ingabire-2.jpg 565w, http:\/\/www.fvplp.com\/victoire\/wp-content\/uploads\/2025\/07\/Victoire-Ingabire-2-300x281.jpg 300w\" sizes=\"auto, (max-width: 565px) 100vw, 565px\" \/><\/figure>\r\n<div class=\"wp-block-media-text__content\">\r\n<p>Victoire Ingabire, figure de l\u2019opposition rwandaise et pr\u00e9sidente du parti non reconnu Dalfa-Umurinzi, a \u00e9t\u00e9 arr\u00eat\u00e9e le 19 juin 2025 \u00e0 Kigali, dans le cadre d\u2019un proc\u00e8s visant plusieurs membres de son mouvement. D\u00e9j\u00e0 emprisonn\u00e9e de 2010 \u00e0 2018 pour des motifs largement consid\u00e9r\u00e9s comme politiques, Ingabire rejoint en d\u00e9tention sept de ses coll\u00e8gues, d\u00e9tenus depuis plus de trois ans sans jugement. Les accusations port\u00e9es contre elle incluent la formation d\u2019un groupe criminel et l\u2019incitation au d\u00e9sordre public, s\u2019appuyant notamment sur leur participation \u00e0 une formation sur la r\u00e9sistance non violente. Human Rights Watch d\u00e9nonce une instrumentalisation de la justice pour r\u00e9primer la dissidence politique au Rwanda.<br \/>Ce nouvel \u00e9pisode illustre la fermeture persistante de l\u2019espace politique rwandais, \u00e9troitement contr\u00f4l\u00e9 par le Front patriotique rwandais (FPR) du pr\u00e9sident Paul Kagame. La r\u00e9pression vise non seulement les partis d\u2019opposition mais aussi les journalistes, la soci\u00e9t\u00e9 civile et toute voix critique. Les autorit\u00e9s criminalisent des actes tels que la participation \u00e0 des formations pacifiques ou la possession de livres sur la d\u00e9sob\u00e9issance civile. Dans un contexte de surveillance internationale accrue, notamment en raison du r\u00f4le du Rwanda dans le conflit en RD Congo, cette arrestation souligne le manque de pluralisme d\u00e9mocratique et les risques auxquels s\u2019exposent les opposants.<br \/>\ud83d\udd17 Lire l\u2019article complet : <a href=\"https:\/\/www.hrw.org\/fr\/news\/2025\/06\/24\/rwanda-arrestation-dune-dirigeante-de-lopposition\" target=\"_blank\" rel=\"noreferrer noopener\">Human Rights Watch \u2013 Rwanda : Arrestation d\u2019une dirigeante de l\u2019opposition<\/a><\/p>\r\n<\/div>\r\n<\/div>\r\n","protected":false},"excerpt":{"rendered":"<p>Victoire Ingabire, figure de l\u2019opposition rwandaise et pr\u00e9sidente du parti non reconnu Dalfa-Umurinzi, a \u00e9t\u00e9 arr\u00eat\u00e9e le 19 juin 2025 [&hellip;]<\/p>\n","protected":false},"author":1,"featured_media":310,"comment_status":"closed","ping_status":"open","sticky":false,"template":"","format":"standard","meta":{"_uag_custom_page_level_css":"","site-sidebar-layout":"default","site-content-layout":"","ast-site-content-layout":"default","site-content-style":"default","site-sidebar-style":"default","ast-global-header-display":"","ast-banner-title-visibility":"","ast-main-header-display":"","ast-hfb-above-header-display":"","ast-hfb-below-header-display":"","ast-hfb-mobile-header-display":"","site-post-title":"","ast-breadcrumbs-content":"","ast-featured-img":"","footer-sml-layout":"","ast-disable-related-posts":"","theme-transparent-header-meta":"default","adv-header-id-meta":"","stick-header-meta":"","header-above-stick-meta":"","header-main-stick-meta":"","header-below-stick-meta":"","astra-migrate-meta-layouts":"set","ast-page-background-enabled":"default","ast-page-background-meta":{"desktop":{"background-color":"var(--ast-global-color-5)","background-image":"","background-repeat":"repeat","background-position":"center center","background-size":"auto","background-attachment":"scroll","background-type":"","background-media":"","overlay-type":"","overlay-color":"","overlay-opacity":"","overlay-gradient":""},"tablet":{"background-color":"","background-image":"","background-repeat":"repeat","background-position":"center center","background-size":"auto","background-attachment":"scroll","background-type":"","background-media":"","overlay-type":"","overlay-color":"","overlay-opacity":"","overlay-gradient":""},"mobile":{"background-color":"","background-image":"","background-repeat":"repeat","background-position":"center center","background-size":"auto","background-attachment":"scroll","background-type":"","background-media":"","overlay-type":"","overlay-color":"","overlay-opacity":"","overlay-gradient":""}},"ast-content-background-meta":{"desktop":{"background-color":"var(--ast-global-color-4)","background-image":"","background-repeat":"repeat","background-position":"center center","background-size":"auto","background-attachment":"scroll","background-type":"","background-media":"","overlay-type":"","overlay-color":"","overlay-opacity":"","overlay-gradient":""},"tablet":{"background-color":"var(--ast-global-color-4)","background-image":"","background-repeat":"repeat","background-position":"center center","background-size":"auto","background-attachment":"scroll","background-type":"","background-media":"","overlay-type":"","overlay-color":"","overlay-opacity":"","overlay-gradient":""},"mobile":{"background-color":"var(--ast-global-color-4)","background-image":"","background-repeat":"repeat","background-position":"center center","background-size":"auto","background-attachment":"scroll","background-type":"","background-media":"","overlay-type":"","overlay-color":"","overlay-opacity":"","overlay-gradient":""}},"footnotes":""},"categories":[1],"tags":[],"class_list":["post-309","post","type-post","status-publish","format-standard","has-post-thumbnail","hentry","category-uncategorized"],"yoast_head":"<!-- This site is optimized with the Yoast SEO plugin v27.4 - https:\/\/yoast.com\/product\/yoast-seo-wordpress\/ -->\n<title>Human Rights Watch \u2013 Rwanda : Arrestation d\u2019une dirigeante de l\u2019opposition |<\/title>\n<meta name=\"description\" content=\"Arr\u00eat\u00e9e \u00e0 Kigali, Victoire Ingabire rejoint sept opposants d\u00e9tenus. Le Rwanda poursuit la r\u00e9pression politique sous couvert d&#039;accusations s\u00e9curitaires.\" \/>\n<meta name=\"robots\" content=\"index, follow, max-snippet:-1, max-image-preview:large, max-video-preview:-1\" \/>\n<link rel=\"canonical\" href=\"http:\/\/www.fvplp.com\/victoire\/human-rights-watch-rwanda\/\" \/>\n<meta property=\"og:locale\" content=\"fr_FR\" \/>\n<meta property=\"og:type\" content=\"article\" \/>\n<meta property=\"og:title\" content=\"Human Rights Watch \u2013 Rwanda : Arrestation d\u2019une dirigeante de l\u2019opposition |\" \/>\n<meta property=\"og:description\" content=\"Arr\u00eat\u00e9e \u00e0 Kigali, Victoire Ingabire rejoint sept opposants d\u00e9tenus. Le Rwanda poursuit la r\u00e9pression politique sous couvert d&#039;accusations s\u00e9curitaires.\" \/>\n<meta property=\"og:url\" content=\"http:\/\/www.fvplp.com\/victoire\/human-rights-watch-rwanda\/\" \/>\n<meta property=\"article:published_time\" content=\"2025-07-11T09:02:31+00:00\" \/>\n<meta property=\"article:modified_time\" content=\"2025-08-07T09:52:36+00:00\" \/>\n<meta property=\"og:image\" content=\"http:\/\/www.fvplp.com\/victoire\/wp-content\/uploads\/2025\/07\/Victoire-Ingabire-2.jpg\" \/>\n\t<meta property=\"og:image:width\" content=\"565\" \/>\n\t<meta property=\"og:image:height\" content=\"530\" \/>\n\t<meta property=\"og:image:type\" content=\"image\/jpeg\" \/>\n<meta name=\"author\" content=\"mugabo\" \/>\n<meta name=\"twitter:card\" content=\"summary_large_image\" \/>\n<meta name=\"twitter:label1\" content=\"\u00c9crit par\" \/>\n\t<meta name=\"twitter:data1\" content=\"mugabo\" \/>\n\t<meta name=\"twitter:label2\" content=\"Dur\u00e9e de lecture estim\u00e9e\" \/>\n\t<meta name=\"twitter:data2\" content=\"2 minutes\" \/>\n<script type=\"application\/ld+json\" class=\"yoast-schema-graph\">{\"@context\":\"https:\\\/\\\/schema.org\",\"@graph\":[{\"@type\":\"Article\",\"@id\":\"http:\\\/\\\/www.fvplp.com\\\/victoire\\\/human-rights-watch-rwanda\\\/#article\",\"isPartOf\":{\"@id\":\"http:\\\/\\\/www.fvplp.com\\\/victoire\\\/human-rights-watch-rwanda\\\/\"},\"author\":{\"name\":\"mugabo\",\"@id\":\"http:\\\/\\\/www.fvplp.com\\\/victoire\\\/#\\\/schema\\\/person\\\/648deca6b3b20cff967078a8cab9d343\"},\"headline\":\"Human Rights Watch \u2013 Rwanda : Arrestation d\u2019une dirigeante de l\u2019opposition\",\"datePublished\":\"2025-07-11T09:02:31+00:00\",\"dateModified\":\"2025-08-07T09:52:36+00:00\",\"mainEntityOfPage\":{\"@id\":\"http:\\\/\\\/www.fvplp.com\\\/victoire\\\/human-rights-watch-rwanda\\\/\"},\"wordCount\":257,\"publisher\":{\"@id\":\"http:\\\/\\\/www.fvplp.com\\\/victoire\\\/#organization\"},\"image\":{\"@id\":\"http:\\\/\\\/www.fvplp.com\\\/victoire\\\/human-rights-watch-rwanda\\\/#primaryimage\"},\"thumbnailUrl\":\"http:\\\/\\\/www.fvplp.com\\\/victoire\\\/wp-content\\\/uploads\\\/2025\\\/07\\\/Victoire-Ingabire-2.jpg\",\"articleSection\":[\"Uncategorized\"],\"inLanguage\":\"fr-FR\"},{\"@type\":\"WebPage\",\"@id\":\"http:\\\/\\\/www.fvplp.com\\\/victoire\\\/human-rights-watch-rwanda\\\/\",\"url\":\"http:\\\/\\\/www.fvplp.com\\\/victoire\\\/human-rights-watch-rwanda\\\/\",\"name\":\"Human Rights Watch \u2013 Rwanda : Arrestation d\u2019une dirigeante de l\u2019opposition |\",\"isPartOf\":{\"@id\":\"http:\\\/\\\/www.fvplp.com\\\/victoire\\\/#website\"},\"primaryImageOfPage\":{\"@id\":\"http:\\\/\\\/www.fvplp.com\\\/victoire\\\/human-rights-watch-rwanda\\\/#primaryimage\"},\"image\":{\"@id\":\"http:\\\/\\\/www.fvplp.com\\\/victoire\\\/human-rights-watch-rwanda\\\/#primaryimage\"},\"thumbnailUrl\":\"http:\\\/\\\/www.fvplp.com\\\/victoire\\\/wp-content\\\/uploads\\\/2025\\\/07\\\/Victoire-Ingabire-2.jpg\",\"datePublished\":\"2025-07-11T09:02:31+00:00\",\"dateModified\":\"2025-08-07T09:52:36+00:00\",\"description\":\"Arr\u00eat\u00e9e \u00e0 Kigali, Victoire Ingabire rejoint sept opposants d\u00e9tenus. Le Rwanda poursuit la r\u00e9pression politique sous couvert d'accusations s\u00e9curitaires.\",\"breadcrumb\":{\"@id\":\"http:\\\/\\\/www.fvplp.com\\\/victoire\\\/human-rights-watch-rwanda\\\/#breadcrumb\"},\"inLanguage\":\"fr-FR\",\"potentialAction\":[{\"@type\":\"ReadAction\",\"target\":[\"http:\\\/\\\/www.fvplp.com\\\/victoire\\\/human-rights-watch-rwanda\\\/\"]}]},{\"@type\":\"ImageObject\",\"inLanguage\":\"fr-FR\",\"@id\":\"http:\\\/\\\/www.fvplp.com\\\/victoire\\\/human-rights-watch-rwanda\\\/#primaryimage\",\"url\":\"http:\\\/\\\/www.fvplp.com\\\/victoire\\\/wp-content\\\/uploads\\\/2025\\\/07\\\/Victoire-Ingabire-2.jpg\",\"contentUrl\":\"http:\\\/\\\/www.fvplp.com\\\/victoire\\\/wp-content\\\/uploads\\\/2025\\\/07\\\/Victoire-Ingabire-2.jpg\",\"width\":565,\"height\":530},{\"@type\":\"BreadcrumbList\",\"@id\":\"http:\\\/\\\/www.fvplp.com\\\/victoire\\\/human-rights-watch-rwanda\\\/#breadcrumb\",\"itemListElement\":[{\"@type\":\"ListItem\",\"position\":1,\"name\":\"Accueil\",\"item\":\"http:\\\/\\\/www.fvplp.com\\\/victoire\\\/\"},{\"@type\":\"ListItem\",\"position\":2,\"name\":\"Human Rights Watch \u2013 Rwanda : Arrestation d\u2019une dirigeante de l\u2019opposition\"}]},{\"@type\":\"WebSite\",\"@id\":\"http:\\\/\\\/www.fvplp.com\\\/victoire\\\/#website\",\"url\":\"http:\\\/\\\/www.fvplp.com\\\/victoire\\\/\",\"name\":\"Fondation Victoire pour la Paix\",\"description\":\"Fondation Victoire Pour La Paix\",\"publisher\":{\"@id\":\"http:\\\/\\\/www.fvplp.com\\\/victoire\\\/#organization\"},\"alternateName\":\"Fondation Victoire pour la Paix\",\"potentialAction\":[{\"@type\":\"SearchAction\",\"target\":{\"@type\":\"EntryPoint\",\"urlTemplate\":\"http:\\\/\\\/www.fvplp.com\\\/victoire\\\/?s={search_term_string}\"},\"query-input\":{\"@type\":\"PropertyValueSpecification\",\"valueRequired\":true,\"valueName\":\"search_term_string\"}}],\"inLanguage\":\"fr-FR\"},{\"@type\":\"Organization\",\"@id\":\"http:\\\/\\\/www.fvplp.com\\\/victoire\\\/#organization\",\"name\":\"Fondation Victoire pour la Paix\",\"url\":\"http:\\\/\\\/www.fvplp.com\\\/victoire\\\/\",\"logo\":{\"@type\":\"ImageObject\",\"inLanguage\":\"fr-FR\",\"@id\":\"http:\\\/\\\/www.fvplp.com\\\/victoire\\\/#\\\/schema\\\/logo\\\/image\\\/\",\"url\":\"http:\\\/\\\/www.fvplp.com\\\/victoire\\\/wp-content\\\/uploads\\\/2025\\\/01\\\/cropped-cropped-new-logo.png\",\"contentUrl\":\"http:\\\/\\\/www.fvplp.com\\\/victoire\\\/wp-content\\\/uploads\\\/2025\\\/01\\\/cropped-cropped-new-logo.png\",\"width\":295,\"height\":125,\"caption\":\"Fondation Victoire pour la Paix\"},\"image\":{\"@id\":\"http:\\\/\\\/www.fvplp.com\\\/victoire\\\/#\\\/schema\\\/logo\\\/image\\\/\"}},{\"@type\":\"Person\",\"@id\":\"http:\\\/\\\/www.fvplp.com\\\/victoire\\\/#\\\/schema\\\/person\\\/648deca6b3b20cff967078a8cab9d343\",\"name\":\"mugabo\",\"image\":{\"@type\":\"ImageObject\",\"inLanguage\":\"fr-FR\",\"@id\":\"https:\\\/\\\/secure.gravatar.com\\\/avatar\\\/332f5e7209bda5c3e316f358bdfa8e5831f8a5a83a8e45b9d31218bc0ef4c5b4?s=96&d=mm&r=g\",\"url\":\"https:\\\/\\\/secure.gravatar.com\\\/avatar\\\/332f5e7209bda5c3e316f358bdfa8e5831f8a5a83a8e45b9d31218bc0ef4c5b4?s=96&d=mm&r=g\",\"contentUrl\":\"https:\\\/\\\/secure.gravatar.com\\\/avatar\\\/332f5e7209bda5c3e316f358bdfa8e5831f8a5a83a8e45b9d31218bc0ef4c5b4?s=96&d=mm&r=g\",\"caption\":\"mugabo\"},\"sameAs\":[\"http:\\\/\\\/www.fvplp.com\\\/victoire\"]}]}<\/script>\n<!-- \/ Yoast SEO plugin. -->","yoast_head_json":{"title":"Human Rights Watch \u2013 Rwanda : Arrestation d\u2019une dirigeante de l\u2019opposition |","description":"Arr\u00eat\u00e9e \u00e0 Kigali, Victoire Ingabire rejoint sept opposants d\u00e9tenus. Le Rwanda poursuit la r\u00e9pression politique sous couvert d'accusations s\u00e9curitaires.","robots":{"index":"index","follow":"follow","max-snippet":"max-snippet:-1","max-image-preview":"max-image-preview:large","max-video-preview":"max-video-preview:-1"},"canonical":"http:\/\/www.fvplp.com\/victoire\/human-rights-watch-rwanda\/","og_locale":"fr_FR","og_type":"article","og_title":"Human Rights Watch \u2013 Rwanda : Arrestation d\u2019une dirigeante de l\u2019opposition |","og_description":"Arr\u00eat\u00e9e \u00e0 Kigali, Victoire Ingabire rejoint sept opposants d\u00e9tenus. Le Rwanda poursuit la r\u00e9pression politique sous couvert d'accusations s\u00e9curitaires.","og_url":"http:\/\/www.fvplp.com\/victoire\/human-rights-watch-rwanda\/","article_published_time":"2025-07-11T09:02:31+00:00","article_modified_time":"2025-08-07T09:52:36+00:00","og_image":[{"width":565,"height":530,"url":"http:\/\/www.fvplp.com\/victoire\/wp-content\/uploads\/2025\/07\/Victoire-Ingabire-2.jpg","type":"image\/jpeg"}],"author":"mugabo","twitter_card":"summary_large_image","twitter_misc":{"\u00c9crit par":"mugabo","Dur\u00e9e de lecture estim\u00e9e":"2 minutes"},"schema":{"@context":"https:\/\/schema.org","@graph":[{"@type":"Article","@id":"http:\/\/www.fvplp.com\/victoire\/human-rights-watch-rwanda\/#article","isPartOf":{"@id":"http:\/\/www.fvplp.com\/victoire\/human-rights-watch-rwanda\/"},"author":{"name":"mugabo","@id":"http:\/\/www.fvplp.com\/victoire\/#\/schema\/person\/648deca6b3b20cff967078a8cab9d343"},"headline":"Human Rights Watch \u2013 Rwanda : Arrestation d\u2019une dirigeante de l\u2019opposition","datePublished":"2025-07-11T09:02:31+00:00","dateModified":"2025-08-07T09:52:36+00:00","mainEntityOfPage":{"@id":"http:\/\/www.fvplp.com\/victoire\/human-rights-watch-rwanda\/"},"wordCount":257,"publisher":{"@id":"http:\/\/www.fvplp.com\/victoire\/#organization"},"image":{"@id":"http:\/\/www.fvplp.com\/victoire\/human-rights-watch-rwanda\/#primaryimage"},"thumbnailUrl":"http:\/\/www.fvplp.com\/victoire\/wp-content\/uploads\/2025\/07\/Victoire-Ingabire-2.jpg","articleSection":["Uncategorized"],"inLanguage":"fr-FR"},{"@type":"WebPage","@id":"http:\/\/www.fvplp.com\/victoire\/human-rights-watch-rwanda\/","url":"http:\/\/www.fvplp.com\/victoire\/human-rights-watch-rwanda\/","name":"Human Rights Watch \u2013 Rwanda : Arrestation d\u2019une dirigeante de l\u2019opposition |","isPartOf":{"@id":"http:\/\/www.fvplp.com\/victoire\/#website"},"primaryImageOfPage":{"@id":"http:\/\/www.fvplp.com\/victoire\/human-rights-watch-rwanda\/#primaryimage"},"image":{"@id":"http:\/\/www.fvplp.com\/victoire\/human-rights-watch-rwanda\/#primaryimage"},"thumbnailUrl":"http:\/\/www.fvplp.com\/victoire\/wp-content\/uploads\/2025\/07\/Victoire-Ingabire-2.jpg","datePublished":"2025-07-11T09:02:31+00:00","dateModified":"2025-08-07T09:52:36+00:00","description":"Arr\u00eat\u00e9e \u00e0 Kigali, Victoire Ingabire rejoint sept opposants d\u00e9tenus. Le Rwanda poursuit la r\u00e9pression politique sous couvert d'accusations s\u00e9curitaires.","breadcrumb":{"@id":"http:\/\/www.fvplp.com\/victoire\/human-rights-watch-rwanda\/#breadcrumb"},"inLanguage":"fr-FR","potentialAction":[{"@type":"ReadAction","target":["http:\/\/www.fvplp.com\/victoire\/human-rights-watch-rwanda\/"]}]},{"@type":"ImageObject","inLanguage":"fr-FR","@id":"http:\/\/www.fvplp.com\/victoire\/human-rights-watch-rwanda\/#primaryimage","url":"http:\/\/www.fvplp.com\/victoire\/wp-content\/uploads\/2025\/07\/Victoire-Ingabire-2.jpg","contentUrl":"http:\/\/www.fvplp.com\/victoire\/wp-content\/uploads\/2025\/07\/Victoire-Ingabire-2.jpg","width":565,"height":530},{"@type":"BreadcrumbList","@id":"http:\/\/www.fvplp.com\/victoire\/human-rights-watch-rwanda\/#breadcrumb","itemListElement":[{"@type":"ListItem","position":1,"name":"Accueil","item":"http:\/\/www.fvplp.com\/victoire\/"},{"@type":"ListItem","position":2,"name":"Human Rights Watch \u2013 Rwanda : Arrestation d\u2019une dirigeante de l\u2019opposition"}]},{"@type":"WebSite","@id":"http:\/\/www.fvplp.com\/victoire\/#website","url":"http:\/\/www.fvplp.com\/victoire\/","name":"Fondation Victoire pour la Paix","description":"Fondation Victoire Pour La Paix","publisher":{"@id":"http:\/\/www.fvplp.com\/victoire\/#organization"},"alternateName":"Fondation Victoire pour la Paix","potentialAction":[{"@type":"SearchAction","target":{"@type":"EntryPoint","urlTemplate":"http:\/\/www.fvplp.com\/victoire\/?s={search_term_string}"},"query-input":{"@type":"PropertyValueSpecification","valueRequired":true,"valueName":"search_term_string"}}],"inLanguage":"fr-FR"},{"@type":"Organization","@id":"http:\/\/www.fvplp.com\/victoire\/#organization","name":"Fondation Victoire pour la Paix","url":"http:\/\/www.fvplp.com\/victoire\/","logo":{"@type":"ImageObject","inLanguage":"fr-FR","@id":"http:\/\/www.fvplp.com\/victoire\/#\/schema\/logo\/image\/","url":"http:\/\/www.fvplp.com\/victoire\/wp-content\/uploads\/2025\/01\/cropped-cropped-new-logo.png","contentUrl":"http:\/\/www.fvplp.com\/victoire\/wp-content\/uploads\/2025\/01\/cropped-cropped-new-logo.png","width":295,"height":125,"caption":"Fondation Victoire pour la Paix"},"image":{"@id":"http:\/\/www.fvplp.com\/victoire\/#\/schema\/logo\/image\/"}},{"@type":"Person","@id":"http:\/\/www.fvplp.com\/victoire\/#\/schema\/person\/648deca6b3b20cff967078a8cab9d343","name":"mugabo","image":{"@type":"ImageObject","inLanguage":"fr-FR","@id":"https:\/\/secure.gravatar.com\/avatar\/332f5e7209bda5c3e316f358bdfa8e5831f8a5a83a8e45b9d31218bc0ef4c5b4?s=96&d=mm&r=g","url":"https:\/\/secure.gravatar.com\/avatar\/332f5e7209bda5c3e316f358bdfa8e5831f8a5a83a8e45b9d31218bc0ef4c5b4?s=96&d=mm&r=g","contentUrl":"https:\/\/secure.gravatar.com\/avatar\/332f5e7209bda5c3e316f358bdfa8e5831f8a5a83a8e45b9d31218bc0ef4c5b4?s=96&d=mm&r=g","caption":"mugabo"},"sameAs":["http:\/\/www.fvplp.com\/victoire"]}]}},"uagb_featured_image_src":{"full":["http:\/\/www.fvplp.com\/victoire\/wp-content\/uploads\/2025\/07\/Victoire-Ingabire-2.jpg",565,530,false],"thumbnail":["http:\/\/www.fvplp.com\/victoire\/wp-content\/uploads\/2025\/07\/Victoire-Ingabire-2-150x150.jpg",150,150,true],"medium":["http:\/\/www.fvplp.com\/victoire\/wp-content\/uploads\/2025\/07\/Victoire-Ingabire-2-300x281.jpg",300,281,true],"medium_large":["http:\/\/www.fvplp.com\/victoire\/wp-content\/uploads\/2025\/07\/Victoire-Ingabire-2.jpg",565,530,false],"large":["http:\/\/www.fvplp.com\/victoire\/wp-content\/uploads\/2025\/07\/Victoire-Ingabire-2.jpg",565,530,false],"1536x1536":["http:\/\/www.fvplp.com\/victoire\/wp-content\/uploads\/2025\/07\/Victoire-Ingabire-2.jpg",565,530,false],"2048x2048":["http:\/\/www.fvplp.com\/victoire\/wp-content\/uploads\/2025\/07\/Victoire-Ingabire-2.jpg",565,530,false]},"uagb_author_info":{"display_name":"mugabo","author_link":"http:\/\/www.fvplp.com\/victoire\/author\/mugabo\/"},"uagb_comment_info":0,"uagb_excerpt":"Victoire Ingabire, figure de l\u2019opposition rwandaise et pr\u00e9sidente du parti non reconnu Dalfa-Umurinzi, a \u00e9t\u00e9 arr\u00eat\u00e9e le 19 juin 2025 [&hellip;]","_links":{"self":[{"href":"http:\/\/www.fvplp.com\/victoire\/wp-json\/wp\/v2\/posts\/309","targetHints":{"allow":["GET"]}}],"collection":[{"href":"http:\/\/www.fvplp.com\/victoire\/wp-json\/wp\/v2\/posts"}],"about":[{"href":"http:\/\/www.fvplp.com\/victoire\/wp-json\/wp\/v2\/types\/post"}],"author":[{"embeddable":true,"href":"http:\/\/www.fvplp.com\/victoire\/wp-json\/wp\/v2\/users\/1"}],"replies":[{"embeddable":true,"href":"http:\/\/www.fvplp.com\/victoire\/wp-json\/wp\/v2\/comments?post=309"}],"version-history":[{"count":3,"href":"http:\/\/www.fvplp.com\/victoire\/wp-json\/wp\/v2\/posts\/309\/revisions"}],"predecessor-version":[{"id":426,"href":"http:\/\/www.fvplp.com\/victoire\/wp-json\/wp\/v2\/posts\/309\/revisions\/426"}],"wp:featuredmedia":[{"embeddable":true,"href":"http:\/\/www.fvplp.com\/victoire\/wp-json\/wp\/v2\/media\/310"}],"wp:attachment":[{"href":"http:\/\/www.fvplp.com\/victoire\/wp-json\/wp\/v2\/media?parent=309"}],"wp:term":[{"taxonomy":"category","embeddable":true,"href":"http:\/\/www.fvplp.com\/victoire\/wp-json\/wp\/v2\/categories?post=309"},{"taxonomy":"post_tag","embeddable":true,"href":"http:\/\/www.fvplp.com\/victoire\/wp-json\/wp\/v2\/tags?post=309"}],"curies":[{"name":"wp","href":"https:\/\/api.w.org\/{rel}","templated":true}]}}