{"id":306,"date":"2025-07-11T08:54:39","date_gmt":"2025-07-11T08:54:39","guid":{"rendered":"https:\/\/www.fvplp.com\/victoire\/?p=306"},"modified":"2025-08-07T09:50:00","modified_gmt":"2025-08-07T09:50:00","slug":"le-monde-rwanda-arrestation-de-victoire-ingabire","status":"publish","type":"post","link":"http:\/\/www.fvplp.com\/victoire\/le-monde-rwanda-arrestation-de-victoire-ingabire\/","title":{"rendered":"Le Monde \u2013 Rwanda : arrestation de Victoire Ingabire"},"content":{"rendered":"\r\n<div class=\"wp-block-media-text is-stacked-on-mobile\">\r\n<figure class=\"wp-block-media-text__media\"><img loading=\"lazy\" decoding=\"async\" width=\"691\" height=\"470\" class=\"wp-image-307 size-full\" src=\"https:\/\/www.fvplp.com\/victoire\/wp-content\/uploads\/2025\/07\/Victoire-Ingabire.jpg\" alt=\"\" srcset=\"http:\/\/www.fvplp.com\/victoire\/wp-content\/uploads\/2025\/07\/Victoire-Ingabire.jpg 691w, http:\/\/www.fvplp.com\/victoire\/wp-content\/uploads\/2025\/07\/Victoire-Ingabire-300x204.jpg 300w\" sizes=\"auto, (max-width: 691px) 100vw, 691px\" \/><\/figure>\r\n<div class=\"wp-block-media-text__content\">\r\n<p>Victoire Ingabire, opposante rwandaise et pr\u00e9sidente du parti non reconnu Dalfa-Umurinzi, a \u00e9t\u00e9 arr\u00eat\u00e9e le 20 juin 2025, accus\u00e9e d\u2019\u00ab association de malfaiteurs \u00bb et \u00ab incitation publique \u00e0 s\u2019opposer au gouvernement \u00bb. Cette arrestation fait suite \u00e0 sa pr\u00e9sence au proc\u00e8s de neuf personnes poursuivies pour avoir diffus\u00e9 un livre sur la r\u00e9sistance pacifique \u00e0 la dictature. D\u00e9j\u00e0 emprisonn\u00e9e de 2010 \u00e0 2018 pour ses propos sur la m\u00e9moire du g\u00e9nocide, elle reste interdite de participation \u00e9lectorale malgr\u00e9 ses recours. Ce nouvel \u00e9pisode souligne la r\u00e9pression persistante envers l\u2019opposition dans un Rwanda dirig\u00e9 par Paul Kagame depuis plus de trente ans.<br \/><strong>Lire l\u2019article complet ici :<\/strong> <a href=\"https:\/\/www.lemonde.fr\/afrique\/article\/2025\/06\/20\/rwanda-arrestation-de-victoire-ingabire-figure-de-l-opposition_6614792_3212.html\" target=\"_blank\" rel=\"noreferrer noopener\">Le Monde \u2013 Rwanda : arrestation de Victoire Ingabire<\/a><\/p>\r\n<\/div>\r\n<\/div>\r\n","protected":false},"excerpt":{"rendered":"<p>Victoire Ingabire, opposante rwandaise et pr\u00e9sidente du parti non reconnu Dalfa-Umurinzi, a \u00e9t\u00e9 arr\u00eat\u00e9e le 20 juin 2025, accus\u00e9e d\u2019\u00ab [&hellip;]<\/p>\n","protected":false},"author":1,"featured_media":307,"comment_status":"closed","ping_status":"open","sticky":false,"template":"","format":"standard","meta":{"_uag_custom_page_level_css":"","site-sidebar-layout":"default","site-content-layout":"","ast-site-content-layout":"default","site-content-style":"default","site-sidebar-style":"default","ast-global-header-display":"","ast-banner-title-visibility":"","ast-main-header-display":"","ast-hfb-above-header-display":"","ast-hfb-below-header-display":"","ast-hfb-mobile-header-display":"","site-post-title":"","ast-breadcrumbs-content":"","ast-featured-img":"","footer-sml-layout":"","ast-disable-related-posts":"","theme-transparent-header-meta":"default","adv-header-id-meta":"","stick-header-meta":"","header-above-stick-meta":"","header-main-stick-meta":"","header-below-stick-meta":"","astra-migrate-meta-layouts":"set","ast-page-background-enabled":"default","ast-page-background-meta":{"desktop":{"background-color":"var(--ast-global-color-5)","background-image":"","background-repeat":"repeat","background-position":"center center","background-size":"auto","background-attachment":"scroll","background-type":"","background-media":"","overlay-type":"","overlay-color":"","overlay-opacity":"","overlay-gradient":""},"tablet":{"background-color":"","background-image":"","background-repeat":"repeat","background-position":"center center","background-size":"auto","background-attachment":"scroll","background-type":"","background-media":"","overlay-type":"","overlay-color":"","overlay-opacity":"","overlay-gradient":""},"mobile":{"background-color":"","background-image":"","background-repeat":"repeat","background-position":"center center","background-size":"auto","background-attachment":"scroll","background-type":"","background-media":"","overlay-type":"","overlay-color":"","overlay-opacity":"","overlay-gradient":""}},"ast-content-background-meta":{"desktop":{"background-color":"var(--ast-global-color-4)","background-image":"","background-repeat":"repeat","background-position":"center center","background-size":"auto","background-attachment":"scroll","background-type":"","background-media":"","overlay-type":"","overlay-color":"","overlay-opacity":"","overlay-gradient":""},"tablet":{"background-color":"var(--ast-global-color-4)","background-image":"","background-repeat":"repeat","background-position":"center center","background-size":"auto","background-attachment":"scroll","background-type":"","background-media":"","overlay-type":"","overlay-color":"","overlay-opacity":"","overlay-gradient":""},"mobile":{"background-color":"var(--ast-global-color-4)","background-image":"","background-repeat":"repeat","background-position":"center center","background-size":"auto","background-attachment":"scroll","background-type":"","background-media":"","overlay-type":"","overlay-color":"","overlay-opacity":"","overlay-gradient":""}},"footnotes":""},"categories":[1],"tags":[],"class_list":["post-306","post","type-post","status-publish","format-standard","has-post-thumbnail","hentry","category-uncategorized"],"yoast_head":"<!-- This site is optimized with the Yoast SEO plugin v27.4 - https:\/\/yoast.com\/product\/yoast-seo-wordpress\/ -->\n<title>Le Monde \u2013 Rwanda : arrestation de Victoire Ingabire |<\/title>\n<meta name=\"description\" content=\"Victoire Ingabire arr\u00eat\u00e9e pour incitation contre l\u2019\u00c9tat apr\u00e8s avoir assist\u00e9 \u00e0 un proc\u00e8s li\u00e9 \u00e0 un livre de r\u00e9sistance pacifique. R\u00e9pression\" \/>\n<meta name=\"robots\" content=\"index, follow, max-snippet:-1, max-image-preview:large, max-video-preview:-1\" \/>\n<link rel=\"canonical\" href=\"http:\/\/www.fvplp.com\/victoire\/le-monde-rwanda-arrestation-de-victoire-ingabire\/\" \/>\n<meta property=\"og:locale\" content=\"fr_FR\" \/>\n<meta property=\"og:type\" content=\"article\" \/>\n<meta property=\"og:title\" content=\"Le Monde \u2013 Rwanda : arrestation de Victoire Ingabire |\" \/>\n<meta property=\"og:description\" content=\"Victoire Ingabire arr\u00eat\u00e9e pour incitation contre l\u2019\u00c9tat apr\u00e8s avoir assist\u00e9 \u00e0 un proc\u00e8s li\u00e9 \u00e0 un livre de r\u00e9sistance pacifique. R\u00e9pression\" \/>\n<meta property=\"og:url\" content=\"http:\/\/www.fvplp.com\/victoire\/le-monde-rwanda-arrestation-de-victoire-ingabire\/\" \/>\n<meta property=\"article:published_time\" content=\"2025-07-11T08:54:39+00:00\" \/>\n<meta property=\"article:modified_time\" content=\"2025-08-07T09:50:00+00:00\" \/>\n<meta property=\"og:image\" content=\"http:\/\/www.fvplp.com\/victoire\/wp-content\/uploads\/2025\/07\/Victoire-Ingabire.jpg\" \/>\n\t<meta property=\"og:image:width\" content=\"691\" \/>\n\t<meta property=\"og:image:height\" content=\"470\" \/>\n\t<meta property=\"og:image:type\" content=\"image\/jpeg\" \/>\n<meta name=\"author\" content=\"mugabo\" \/>\n<meta name=\"twitter:card\" content=\"summary_large_image\" \/>\n<meta name=\"twitter:label1\" content=\"\u00c9crit par\" \/>\n\t<meta name=\"twitter:data1\" content=\"mugabo\" \/>\n\t<meta name=\"twitter:label2\" content=\"Dur\u00e9e de lecture estim\u00e9e\" \/>\n\t<meta name=\"twitter:data2\" content=\"1 minute\" \/>\n<script type=\"application\/ld+json\" class=\"yoast-schema-graph\">{\"@context\":\"https:\\\/\\\/schema.org\",\"@graph\":[{\"@type\":\"Article\",\"@id\":\"http:\\\/\\\/www.fvplp.com\\\/victoire\\\/le-monde-rwanda-arrestation-de-victoire-ingabire\\\/#article\",\"isPartOf\":{\"@id\":\"http:\\\/\\\/www.fvplp.com\\\/victoire\\\/le-monde-rwanda-arrestation-de-victoire-ingabire\\\/\"},\"author\":{\"name\":\"mugabo\",\"@id\":\"http:\\\/\\\/www.fvplp.com\\\/victoire\\\/#\\\/schema\\\/person\\\/648deca6b3b20cff967078a8cab9d343\"},\"headline\":\"Le Monde \u2013 Rwanda : arrestation de Victoire Ingabire\",\"datePublished\":\"2025-07-11T08:54:39+00:00\",\"dateModified\":\"2025-08-07T09:50:00+00:00\",\"mainEntityOfPage\":{\"@id\":\"http:\\\/\\\/www.fvplp.com\\\/victoire\\\/le-monde-rwanda-arrestation-de-victoire-ingabire\\\/\"},\"wordCount\":124,\"publisher\":{\"@id\":\"http:\\\/\\\/www.fvplp.com\\\/victoire\\\/#organization\"},\"image\":{\"@id\":\"http:\\\/\\\/www.fvplp.com\\\/victoire\\\/le-monde-rwanda-arrestation-de-victoire-ingabire\\\/#primaryimage\"},\"thumbnailUrl\":\"http:\\\/\\\/www.fvplp.com\\\/victoire\\\/wp-content\\\/uploads\\\/2025\\\/07\\\/Victoire-Ingabire.jpg\",\"articleSection\":[\"Uncategorized\"],\"inLanguage\":\"fr-FR\"},{\"@type\":\"WebPage\",\"@id\":\"http:\\\/\\\/www.fvplp.com\\\/victoire\\\/le-monde-rwanda-arrestation-de-victoire-ingabire\\\/\",\"url\":\"http:\\\/\\\/www.fvplp.com\\\/victoire\\\/le-monde-rwanda-arrestation-de-victoire-ingabire\\\/\",\"name\":\"Le Monde \u2013 Rwanda : arrestation de Victoire Ingabire |\",\"isPartOf\":{\"@id\":\"http:\\\/\\\/www.fvplp.com\\\/victoire\\\/#website\"},\"primaryImageOfPage\":{\"@id\":\"http:\\\/\\\/www.fvplp.com\\\/victoire\\\/le-monde-rwanda-arrestation-de-victoire-ingabire\\\/#primaryimage\"},\"image\":{\"@id\":\"http:\\\/\\\/www.fvplp.com\\\/victoire\\\/le-monde-rwanda-arrestation-de-victoire-ingabire\\\/#primaryimage\"},\"thumbnailUrl\":\"http:\\\/\\\/www.fvplp.com\\\/victoire\\\/wp-content\\\/uploads\\\/2025\\\/07\\\/Victoire-Ingabire.jpg\",\"datePublished\":\"2025-07-11T08:54:39+00:00\",\"dateModified\":\"2025-08-07T09:50:00+00:00\",\"description\":\"Victoire Ingabire arr\u00eat\u00e9e pour incitation contre l\u2019\u00c9tat apr\u00e8s avoir assist\u00e9 \u00e0 un proc\u00e8s li\u00e9 \u00e0 un livre de r\u00e9sistance pacifique. R\u00e9pression\",\"breadcrumb\":{\"@id\":\"http:\\\/\\\/www.fvplp.com\\\/victoire\\\/le-monde-rwanda-arrestation-de-victoire-ingabire\\\/#breadcrumb\"},\"inLanguage\":\"fr-FR\",\"potentialAction\":[{\"@type\":\"ReadAction\",\"target\":[\"http:\\\/\\\/www.fvplp.com\\\/victoire\\\/le-monde-rwanda-arrestation-de-victoire-ingabire\\\/\"]}]},{\"@type\":\"ImageObject\",\"inLanguage\":\"fr-FR\",\"@id\":\"http:\\\/\\\/www.fvplp.com\\\/victoire\\\/le-monde-rwanda-arrestation-de-victoire-ingabire\\\/#primaryimage\",\"url\":\"http:\\\/\\\/www.fvplp.com\\\/victoire\\\/wp-content\\\/uploads\\\/2025\\\/07\\\/Victoire-Ingabire.jpg\",\"contentUrl\":\"http:\\\/\\\/www.fvplp.com\\\/victoire\\\/wp-content\\\/uploads\\\/2025\\\/07\\\/Victoire-Ingabire.jpg\",\"width\":691,\"height\":470},{\"@type\":\"BreadcrumbList\",\"@id\":\"http:\\\/\\\/www.fvplp.com\\\/victoire\\\/le-monde-rwanda-arrestation-de-victoire-ingabire\\\/#breadcrumb\",\"itemListElement\":[{\"@type\":\"ListItem\",\"position\":1,\"name\":\"Accueil\",\"item\":\"http:\\\/\\\/www.fvplp.com\\\/victoire\\\/\"},{\"@type\":\"ListItem\",\"position\":2,\"name\":\"Le Monde \u2013 Rwanda : arrestation de Victoire Ingabire\"}]},{\"@type\":\"WebSite\",\"@id\":\"http:\\\/\\\/www.fvplp.com\\\/victoire\\\/#website\",\"url\":\"http:\\\/\\\/www.fvplp.com\\\/victoire\\\/\",\"name\":\"Fondation Victoire pour la Paix\",\"description\":\"Fondation Victoire Pour La Paix\",\"publisher\":{\"@id\":\"http:\\\/\\\/www.fvplp.com\\\/victoire\\\/#organization\"},\"alternateName\":\"Fondation Victoire pour la Paix\",\"potentialAction\":[{\"@type\":\"SearchAction\",\"target\":{\"@type\":\"EntryPoint\",\"urlTemplate\":\"http:\\\/\\\/www.fvplp.com\\\/victoire\\\/?s={search_term_string}\"},\"query-input\":{\"@type\":\"PropertyValueSpecification\",\"valueRequired\":true,\"valueName\":\"search_term_string\"}}],\"inLanguage\":\"fr-FR\"},{\"@type\":\"Organization\",\"@id\":\"http:\\\/\\\/www.fvplp.com\\\/victoire\\\/#organization\",\"name\":\"Fondation Victoire pour la Paix\",\"url\":\"http:\\\/\\\/www.fvplp.com\\\/victoire\\\/\",\"logo\":{\"@type\":\"ImageObject\",\"inLanguage\":\"fr-FR\",\"@id\":\"http:\\\/\\\/www.fvplp.com\\\/victoire\\\/#\\\/schema\\\/logo\\\/image\\\/\",\"url\":\"http:\\\/\\\/www.fvplp.com\\\/victoire\\\/wp-content\\\/uploads\\\/2025\\\/01\\\/cropped-cropped-new-logo.png\",\"contentUrl\":\"http:\\\/\\\/www.fvplp.com\\\/victoire\\\/wp-content\\\/uploads\\\/2025\\\/01\\\/cropped-cropped-new-logo.png\",\"width\":295,\"height\":125,\"caption\":\"Fondation Victoire pour la Paix\"},\"image\":{\"@id\":\"http:\\\/\\\/www.fvplp.com\\\/victoire\\\/#\\\/schema\\\/logo\\\/image\\\/\"}},{\"@type\":\"Person\",\"@id\":\"http:\\\/\\\/www.fvplp.com\\\/victoire\\\/#\\\/schema\\\/person\\\/648deca6b3b20cff967078a8cab9d343\",\"name\":\"mugabo\",\"image\":{\"@type\":\"ImageObject\",\"inLanguage\":\"fr-FR\",\"@id\":\"https:\\\/\\\/secure.gravatar.com\\\/avatar\\\/332f5e7209bda5c3e316f358bdfa8e5831f8a5a83a8e45b9d31218bc0ef4c5b4?s=96&d=mm&r=g\",\"url\":\"https:\\\/\\\/secure.gravatar.com\\\/avatar\\\/332f5e7209bda5c3e316f358bdfa8e5831f8a5a83a8e45b9d31218bc0ef4c5b4?s=96&d=mm&r=g\",\"contentUrl\":\"https:\\\/\\\/secure.gravatar.com\\\/avatar\\\/332f5e7209bda5c3e316f358bdfa8e5831f8a5a83a8e45b9d31218bc0ef4c5b4?s=96&d=mm&r=g\",\"caption\":\"mugabo\"},\"sameAs\":[\"http:\\\/\\\/www.fvplp.com\\\/victoire\"]}]}<\/script>\n<!-- \/ Yoast SEO plugin. -->","yoast_head_json":{"title":"Le Monde \u2013 Rwanda : arrestation de Victoire Ingabire |","description":"Victoire Ingabire arr\u00eat\u00e9e pour incitation contre l\u2019\u00c9tat apr\u00e8s avoir assist\u00e9 \u00e0 un proc\u00e8s li\u00e9 \u00e0 un livre de r\u00e9sistance pacifique. R\u00e9pression","robots":{"index":"index","follow":"follow","max-snippet":"max-snippet:-1","max-image-preview":"max-image-preview:large","max-video-preview":"max-video-preview:-1"},"canonical":"http:\/\/www.fvplp.com\/victoire\/le-monde-rwanda-arrestation-de-victoire-ingabire\/","og_locale":"fr_FR","og_type":"article","og_title":"Le Monde \u2013 Rwanda : arrestation de Victoire Ingabire |","og_description":"Victoire Ingabire arr\u00eat\u00e9e pour incitation contre l\u2019\u00c9tat apr\u00e8s avoir assist\u00e9 \u00e0 un proc\u00e8s li\u00e9 \u00e0 un livre de r\u00e9sistance pacifique. R\u00e9pression","og_url":"http:\/\/www.fvplp.com\/victoire\/le-monde-rwanda-arrestation-de-victoire-ingabire\/","article_published_time":"2025-07-11T08:54:39+00:00","article_modified_time":"2025-08-07T09:50:00+00:00","og_image":[{"width":691,"height":470,"url":"http:\/\/www.fvplp.com\/victoire\/wp-content\/uploads\/2025\/07\/Victoire-Ingabire.jpg","type":"image\/jpeg"}],"author":"mugabo","twitter_card":"summary_large_image","twitter_misc":{"\u00c9crit par":"mugabo","Dur\u00e9e de lecture estim\u00e9e":"1 minute"},"schema":{"@context":"https:\/\/schema.org","@graph":[{"@type":"Article","@id":"http:\/\/www.fvplp.com\/victoire\/le-monde-rwanda-arrestation-de-victoire-ingabire\/#article","isPartOf":{"@id":"http:\/\/www.fvplp.com\/victoire\/le-monde-rwanda-arrestation-de-victoire-ingabire\/"},"author":{"name":"mugabo","@id":"http:\/\/www.fvplp.com\/victoire\/#\/schema\/person\/648deca6b3b20cff967078a8cab9d343"},"headline":"Le Monde \u2013 Rwanda : arrestation de Victoire Ingabire","datePublished":"2025-07-11T08:54:39+00:00","dateModified":"2025-08-07T09:50:00+00:00","mainEntityOfPage":{"@id":"http:\/\/www.fvplp.com\/victoire\/le-monde-rwanda-arrestation-de-victoire-ingabire\/"},"wordCount":124,"publisher":{"@id":"http:\/\/www.fvplp.com\/victoire\/#organization"},"image":{"@id":"http:\/\/www.fvplp.com\/victoire\/le-monde-rwanda-arrestation-de-victoire-ingabire\/#primaryimage"},"thumbnailUrl":"http:\/\/www.fvplp.com\/victoire\/wp-content\/uploads\/2025\/07\/Victoire-Ingabire.jpg","articleSection":["Uncategorized"],"inLanguage":"fr-FR"},{"@type":"WebPage","@id":"http:\/\/www.fvplp.com\/victoire\/le-monde-rwanda-arrestation-de-victoire-ingabire\/","url":"http:\/\/www.fvplp.com\/victoire\/le-monde-rwanda-arrestation-de-victoire-ingabire\/","name":"Le Monde \u2013 Rwanda : arrestation de Victoire Ingabire |","isPartOf":{"@id":"http:\/\/www.fvplp.com\/victoire\/#website"},"primaryImageOfPage":{"@id":"http:\/\/www.fvplp.com\/victoire\/le-monde-rwanda-arrestation-de-victoire-ingabire\/#primaryimage"},"image":{"@id":"http:\/\/www.fvplp.com\/victoire\/le-monde-rwanda-arrestation-de-victoire-ingabire\/#primaryimage"},"thumbnailUrl":"http:\/\/www.fvplp.com\/victoire\/wp-content\/uploads\/2025\/07\/Victoire-Ingabire.jpg","datePublished":"2025-07-11T08:54:39+00:00","dateModified":"2025-08-07T09:50:00+00:00","description":"Victoire Ingabire arr\u00eat\u00e9e pour incitation contre l\u2019\u00c9tat apr\u00e8s avoir assist\u00e9 \u00e0 un proc\u00e8s li\u00e9 \u00e0 un livre de r\u00e9sistance pacifique. R\u00e9pression","breadcrumb":{"@id":"http:\/\/www.fvplp.com\/victoire\/le-monde-rwanda-arrestation-de-victoire-ingabire\/#breadcrumb"},"inLanguage":"fr-FR","potentialAction":[{"@type":"ReadAction","target":["http:\/\/www.fvplp.com\/victoire\/le-monde-rwanda-arrestation-de-victoire-ingabire\/"]}]},{"@type":"ImageObject","inLanguage":"fr-FR","@id":"http:\/\/www.fvplp.com\/victoire\/le-monde-rwanda-arrestation-de-victoire-ingabire\/#primaryimage","url":"http:\/\/www.fvplp.com\/victoire\/wp-content\/uploads\/2025\/07\/Victoire-Ingabire.jpg","contentUrl":"http:\/\/www.fvplp.com\/victoire\/wp-content\/uploads\/2025\/07\/Victoire-Ingabire.jpg","width":691,"height":470},{"@type":"BreadcrumbList","@id":"http:\/\/www.fvplp.com\/victoire\/le-monde-rwanda-arrestation-de-victoire-ingabire\/#breadcrumb","itemListElement":[{"@type":"ListItem","position":1,"name":"Accueil","item":"http:\/\/www.fvplp.com\/victoire\/"},{"@type":"ListItem","position":2,"name":"Le Monde \u2013 Rwanda : arrestation de Victoire Ingabire"}]},{"@type":"WebSite","@id":"http:\/\/www.fvplp.com\/victoire\/#website","url":"http:\/\/www.fvplp.com\/victoire\/","name":"Fondation Victoire pour la Paix","description":"Fondation Victoire Pour La Paix","publisher":{"@id":"http:\/\/www.fvplp.com\/victoire\/#organization"},"alternateName":"Fondation Victoire pour la Paix","potentialAction":[{"@type":"SearchAction","target":{"@type":"EntryPoint","urlTemplate":"http:\/\/www.fvplp.com\/victoire\/?s={search_term_string}"},"query-input":{"@type":"PropertyValueSpecification","valueRequired":true,"valueName":"search_term_string"}}],"inLanguage":"fr-FR"},{"@type":"Organization","@id":"http:\/\/www.fvplp.com\/victoire\/#organization","name":"Fondation Victoire pour la Paix","url":"http:\/\/www.fvplp.com\/victoire\/","logo":{"@type":"ImageObject","inLanguage":"fr-FR","@id":"http:\/\/www.fvplp.com\/victoire\/#\/schema\/logo\/image\/","url":"http:\/\/www.fvplp.com\/victoire\/wp-content\/uploads\/2025\/01\/cropped-cropped-new-logo.png","contentUrl":"http:\/\/www.fvplp.com\/victoire\/wp-content\/uploads\/2025\/01\/cropped-cropped-new-logo.png","width":295,"height":125,"caption":"Fondation Victoire pour la Paix"},"image":{"@id":"http:\/\/www.fvplp.com\/victoire\/#\/schema\/logo\/image\/"}},{"@type":"Person","@id":"http:\/\/www.fvplp.com\/victoire\/#\/schema\/person\/648deca6b3b20cff967078a8cab9d343","name":"mugabo","image":{"@type":"ImageObject","inLanguage":"fr-FR","@id":"https:\/\/secure.gravatar.com\/avatar\/332f5e7209bda5c3e316f358bdfa8e5831f8a5a83a8e45b9d31218bc0ef4c5b4?s=96&d=mm&r=g","url":"https:\/\/secure.gravatar.com\/avatar\/332f5e7209bda5c3e316f358bdfa8e5831f8a5a83a8e45b9d31218bc0ef4c5b4?s=96&d=mm&r=g","contentUrl":"https:\/\/secure.gravatar.com\/avatar\/332f5e7209bda5c3e316f358bdfa8e5831f8a5a83a8e45b9d31218bc0ef4c5b4?s=96&d=mm&r=g","caption":"mugabo"},"sameAs":["http:\/\/www.fvplp.com\/victoire"]}]}},"uagb_featured_image_src":{"full":["http:\/\/www.fvplp.com\/victoire\/wp-content\/uploads\/2025\/07\/Victoire-Ingabire.jpg",691,470,false],"thumbnail":["http:\/\/www.fvplp.com\/victoire\/wp-content\/uploads\/2025\/07\/Victoire-Ingabire-150x150.jpg",150,150,true],"medium":["http:\/\/www.fvplp.com\/victoire\/wp-content\/uploads\/2025\/07\/Victoire-Ingabire-300x204.jpg",300,204,true],"medium_large":["http:\/\/www.fvplp.com\/victoire\/wp-content\/uploads\/2025\/07\/Victoire-Ingabire.jpg",691,470,false],"large":["http:\/\/www.fvplp.com\/victoire\/wp-content\/uploads\/2025\/07\/Victoire-Ingabire.jpg",691,470,false],"1536x1536":["http:\/\/www.fvplp.com\/victoire\/wp-content\/uploads\/2025\/07\/Victoire-Ingabire.jpg",691,470,false],"2048x2048":["http:\/\/www.fvplp.com\/victoire\/wp-content\/uploads\/2025\/07\/Victoire-Ingabire.jpg",691,470,false]},"uagb_author_info":{"display_name":"mugabo","author_link":"http:\/\/www.fvplp.com\/victoire\/author\/mugabo\/"},"uagb_comment_info":0,"uagb_excerpt":"Victoire Ingabire, opposante rwandaise et pr\u00e9sidente du parti non reconnu Dalfa-Umurinzi, a \u00e9t\u00e9 arr\u00eat\u00e9e le 20 juin 2025, accus\u00e9e d\u2019\u00ab [&hellip;]","_links":{"self":[{"href":"http:\/\/www.fvplp.com\/victoire\/wp-json\/wp\/v2\/posts\/306","targetHints":{"allow":["GET"]}}],"collection":[{"href":"http:\/\/www.fvplp.com\/victoire\/wp-json\/wp\/v2\/posts"}],"about":[{"href":"http:\/\/www.fvplp.com\/victoire\/wp-json\/wp\/v2\/types\/post"}],"author":[{"embeddable":true,"href":"http:\/\/www.fvplp.com\/victoire\/wp-json\/wp\/v2\/users\/1"}],"replies":[{"embeddable":true,"href":"http:\/\/www.fvplp.com\/victoire\/wp-json\/wp\/v2\/comments?post=306"}],"version-history":[{"count":2,"href":"http:\/\/www.fvplp.com\/victoire\/wp-json\/wp\/v2\/posts\/306\/revisions"}],"predecessor-version":[{"id":425,"href":"http:\/\/www.fvplp.com\/victoire\/wp-json\/wp\/v2\/posts\/306\/revisions\/425"}],"wp:featuredmedia":[{"embeddable":true,"href":"http:\/\/www.fvplp.com\/victoire\/wp-json\/wp\/v2\/media\/307"}],"wp:attachment":[{"href":"http:\/\/www.fvplp.com\/victoire\/wp-json\/wp\/v2\/media?parent=306"}],"wp:term":[{"taxonomy":"category","embeddable":true,"href":"http:\/\/www.fvplp.com\/victoire\/wp-json\/wp\/v2\/categories?post=306"},{"taxonomy":"post_tag","embeddable":true,"href":"http:\/\/www.fvplp.com\/victoire\/wp-json\/wp\/v2\/tags?post=306"}],"curies":[{"name":"wp","href":"https:\/\/api.w.org\/{rel}","templated":true}]}}